{"id":195171,"date":"2025-10-23T03:47:10","date_gmt":"2025-10-23T03:47:10","guid":{"rendered":"https:\/\/www.europesays.com\/es\/195171\/"},"modified":"2025-10-23T03:47:10","modified_gmt":"2025-10-23T03:47:10","slug":"melvyn-richardson-amenaza-al-barca-en-polonia","status":"publish","type":"post","link":"https:\/\/www.europesays.com\/es\/195171\/","title":{"rendered":"Melvyn Richardson amenaza al Bar\u00e7a en Polonia"},"content":{"rendered":"<p class=\"\">Es el <b>partido de la semana <\/b>para la <b>EHF<\/b>, el que enfrenta este jueves (<b>20:45,<\/b> Esport3 y DAZN) al <b>mejor ataque<\/b>, el Wisla, contra la <b>mejor defensa<\/b>, el Bar\u00e7a, en Polonia; <b>ambos <\/b>equipos con <a href=\"https:\/\/as.com\/masdeporte\/al-barca-se-le-va-el-empate-al-poste-n\/\" target=\"_self\" rel=\"nofollow noopener\" title=\"https:\/\/as.com\/masdeporte\/al-barca-se-le-va-el-empate-al-poste-n\/\"><b>una derrota <\/b>por un tanto<\/a> ante el <b>Magdeburg<\/b>.<\/p>\n<p class=\"\">Aunque con algunos jugadores <b>lesionados<\/b>, como el pivote espa\u00f1ol <b>Abel Serdio,<\/b> el equipo de <b>Xavi Sabat\u00e9<\/b> est\u00e1 en un momento de euforia. El pasado fin de semana <b>derrot\u00f3 al Kielce<\/b> en su propia cancha, lo que le convierte de nuevo en <b>l\u00edder <\/b>destacado de su liga dom\u00e9stica.<\/p>\n<p class=\"\">\u201cEl <b>Wisla <\/b>aspira a ser el <b>equipo revelaci\u00f3n<\/b> de la temporada\u201d, comenta Carlos Ortega, entrenador azulgrana, que se va a encontrar con <b>Melvyn Richardson<\/b>, segundo m\u00e1ximo goleador de la Champions (42). Y es que el franc\u00e9s, que con el <b>Bar\u00e7a gan\u00f3 tres Ligas de Campeones<\/b>, y que jugaba de <b>suplente <\/b>de Dika Mem o como comod\u00edn en la posici\u00f3n de central, ahora <b>es la estrella<\/b> en un equipo que ha hecho buenas adquisiciones, como el portero noruego Bergerud, del Kolstad, o el lateral Kosorotov, recuperado del Veszprem<\/p>\n<p class=\"\">El portero island\u00e9s del Bar\u00e7a, <b>Hallgrinsson<\/b>, <b>regresa <\/b>a la pista del que <b>fue su equipo <\/b>la \u00faltima campa\u00f1a, tras su dif\u00edcil paso por el Nantes.<\/p>\n<p>Noticias relacionadas<a href=\"https:\/\/as.com\/masdeporte\/el-granollers-deja-escapar-un-punto-en-rumania-f202510-n\/\" class=\"s_m_w _rt-16x9\" title=\"El equipo catal\u00e1n acaba firmando tablas en un partido que ten\u00eda dominado a falta de pocos minutos ante el Baia Mare. \" data-tb-link=\"\" rel=\"nofollow noopener\" target=\"_blank\"><img decoding=\"async\" src=\"https:\/\/www.europesays.com\/es\/wp-content\/uploads\/2025\/10\/1761191229_612_YW7Q775UVZEPTCDYEJNQWPKTX4.jpg\" alt=\"El Granollers deja escapar un punto en Ruman\u00eda\" class=\"\" height=\"1\" width=\"1\"   loading=\"lazy\" data-tb-thumbnail=\"\"\/><\/a><a href=\"https:\/\/as.com\/masdeporte\/balonmano\/marcos-fis-y-urdangarin-seran-los-zurdos-de-los-hispanos-ante-suecia-f202510-n\/\" class=\"s_m_w _rt-16x9\" title=\"El mejor juvenil del Mundial entra en la convocatoria tras la baja por lesi\u00f3n de \u00c1lex Dujshebaev. Garciandia se queda de veterano en el lateral derecho.\" data-tb-link=\"\" rel=\"nofollow noopener\" target=\"_blank\"><img decoding=\"async\" src=\"https:\/\/www.europesays.com\/es\/wp-content\/uploads\/2025\/10\/1761191230_300_QQC2HKFRWBAHJB6PCUBJPUOCLI.jpg\" alt=\"Marcos Fis y Urdangar\u00edn, los zurdos jovenes de los Hispanos ante Suecia\" class=\"\" height=\"1\" width=\"1\"   loading=\"lazy\" data-tb-thumbnail=\"\"\/><\/a><\/p>\n<p class=\"\">El <b>Wisla <\/b>es el <b>tercer equipo<\/b> europeo que en la competici\u00f3n internacional se enfrenta al Bar\u00e7a con<b> entrenador espa\u00f1ol<\/b>. El Veszprem (Xavi Pascual) y el <a href=\"https:\/\/as.com\/masdeporte\/corta-victoria-del-barca-ante-el-pelister-f202510-n\/\" target=\"_self\" rel=\"nofollow noopener\" title=\"https:\/\/as.com\/masdeporte\/corta-victoria-del-barca-ante-el-pelister-f202510-n\/\">Pelister (Rub\u00e9n Garabaya)<\/a>, los anteriores, perdieron. <\/p>\n<p class=\"\"><b>\u00a1Tus opiniones importan!<\/b> Comenta en los art\u00edculos y suscr\u00edbete gratis a nuestra <a href=\"https:\/\/asfan.as.com\/newsletters\/\" target=\"_blank\" rel=\"nofollow noopener\" title=\"https:\/\/asfan.as.com\/newsletters\/\">newsletter<\/a> y a las alertas informativas en la <a href=\"https:\/\/as.com\/aplicacion-de-as-n\/\" target=\"_blank\" rel=\"nofollow noopener\" title=\"https:\/\/as.com\/aplicacion-de-as-n\/\">App<\/a> o el canal de <a href=\"https:\/\/www.whatsapp.com\/channel\/0029VaAasdA7j6g745nz9M10\" target=\"_blank\" rel=\"nofollow noopener\" title=\"https:\/\/www.whatsapp.com\/channel\/0029VaAasdA7j6g745nz9M10\">WhatsApp<\/a>. \u00bfBuscas licenciar contenido? Haz clic <a href=\"https:\/\/profesional.elpais.com\/soluciones-sindicacion?utm_medium=interno&amp;utm_source=crosslinking&amp;utm_campaign=sindicacion_as_pie_articulos\" target=\"_blank\" rel=\"nofollow noopener\" title=\"https:\/\/profesional.elpais.com\/soluciones-sindicacion?utm_medium=interno&amp;utm_source=crosslinking&amp;utm_campaign=sindicacion_as_pie_articulos\">aqu\u00ed<\/a><\/p>\n","protected":false},"excerpt":{"rendered":"Es el partido de la semana para la EHF, el que enfrenta este jueves (20:45, Esport3 y DAZN)&hellip;\n","protected":false},"author":2,"featured_media":195172,"comment_status":"","ping_status":"","sticky":false,"template":"","format":"standard","meta":{"footnotes":""},"categories":[278],"tags":[376,168,25,24,375,23,167],"class_list":{"0":"post-195171","1":"post","2":"type-post","3":"status-publish","4":"format-standard","5":"has-post-thumbnail","7":"category-balonmano","8":"tag-balonmano","9":"tag-deportes","10":"tag-es","11":"tag-espana","12":"tag-handball","13":"tag-spain","14":"tag-sports"},"share_on_mastodon":{"url":"https:\/\/pubeurope.com\/@es\/115421436023350126","error":""},"_links":{"self":[{"href":"https:\/\/www.europesays.com\/es\/wp-json\/wp\/v2\/posts\/195171","targetHints":{"allow":["GET"]}}],"collection":[{"href":"https:\/\/www.europesays.com\/es\/wp-json\/wp\/v2\/posts"}],"about":[{"href":"https:\/\/www.europesays.com\/es\/wp-json\/wp\/v2\/types\/post"}],"author":[{"embeddable":true,"href":"https:\/\/www.europesays.com\/es\/wp-json\/wp\/v2\/users\/2"}],"replies":[{"embeddable":true,"href":"https:\/\/www.europesays.com\/es\/wp-json\/wp\/v2\/comments?post=195171"}],"version-history":[{"count":0,"href":"https:\/\/www.europesays.com\/es\/wp-json\/wp\/v2\/posts\/195171\/revisions"}],"wp:featuredmedia":[{"embeddable":true,"href":"https:\/\/www.europesays.com\/es\/wp-json\/wp\/v2\/media\/195172"}],"wp:attachment":[{"href":"https:\/\/www.europesays.com\/es\/wp-json\/wp\/v2\/media?parent=195171"}],"wp:term":[{"taxonomy":"category","embeddable":true,"href":"https:\/\/www.europesays.com\/es\/wp-json\/wp\/v2\/categories?post=195171"},{"taxonomy":"post_tag","embeddable":true,"href":"https:\/\/www.europesays.com\/es\/wp-json\/wp\/v2\/tags?post=195171"}],"curies":[{"name":"wp","href":"https:\/\/api.w.org\/{rel}","templated":true}]}}