{"id":195173,"date":"2025-10-23T03:53:16","date_gmt":"2025-10-23T03:53:16","guid":{"rendered":"https:\/\/www.europesays.com\/es\/195173\/"},"modified":"2025-10-23T03:53:16","modified_gmt":"2025-10-23T03:53:16","slug":"la-propuesta-para-liberar-las-alas-flexibles-en-la-f1-2026","status":"publish","type":"post","link":"https:\/\/www.europesays.com\/es\/195173\/","title":{"rendered":"La propuesta para liberar las alas flexibles en la F1 2026"},"content":{"rendered":"<p>La propuesta oficial a\u00fan no se ha puesto sobre la mesa, pero en el paddock de Austin el tema ha surgido en varios momentos al hablar con varios insiders. Entre algunos equipos ha habido intercambio de opiniones sobre la idea de hacer borr\u00f3n y cuenta nueva con el espinoso tema de los alerones flexibles.<\/p>\n<p>A partir del pasado Gran Premio de Espa\u00f1a, la FIA introdujo l\u00edmites m\u00e1s estrictos a la deformaci\u00f3n, obligando a los equipos a realizar modificaciones en los alerones para aumentar su rigidez. Tres meses despu\u00e9s, las c\u00e1maras de la FIA confirmaron que los perfiles hab\u00edan empezado a flexar de nuevo.<\/p>\n<p>   <img decoding=\"async\" draggable=\"false\" src=\"https:\/\/www.europesays.com\/es\/wp-content\/uploads\/2025\/10\/l-ala-posteriore-della-mercede.jpg\" alt=\"L'ala posteriore della Mercedes\" width=\"1200\" height=\"800\" loading=\"lazy\"\/> <\/p>\n<p class=\"title\">El aler\u00f3n trasero de Mercedes<\/p>\n<p class=\"photographer\">Foto de: Franco Nugnes<\/p>\n<p>El problema t\u00e9cnico viene de lejos, al igual que los infructuosos intentos de endurecer las cargas que deben soportar los alerones para superar los controles est\u00e1ticos de la FIA. En v\u00edsperas del nuevo ciclo t\u00e9cnico que entrar\u00e1 en vigor la pr\u00f3xima temporada, hay quien ha pensado que la \u00fanica soluci\u00f3n al problema podr\u00eda ser eliminar todas las restricciones, dejando campo libre a los equipos y convirtiendo la cuesti\u00f3n de la flexibilidad en un enfrentamiento t\u00e9cnico a campo abierto.<\/p>\n<p>Todos estar\u00edan en igualdad de condiciones, sin restricciones. La elecci\u00f3n estar\u00eda en manos de los equipos, son ellos los que realmente definen los reglamentos t\u00e9cnicos de los monoplazas, dejando a la FIA la supervisi\u00f3n.<\/p>\n<p>Seg\u00fan las informaciones recogidas por <strong>Motorsport.com<\/strong>, el \u00fanico aspecto que podr\u00eda implicar a la FIA se refiere a la seguridad. El inter\u00e9s de la FIA es que los alerones no se hundan, de ah\u00ed la sugerencia de algunos equipos de incluirlos entre los componentes sujetos a crash-testing, reservados hoy a las zonas de impacto de los monoplazas. Es una soluci\u00f3n f\u00e1cil\u00bb, explica un t\u00e9cnico, \u00abse prepara una prueba de carga en la que el aler\u00f3n tambi\u00e9n puede flexar, pero no debe ceder. Una vez superada esta prueba, corresponde a los equipos aprovechar al m\u00e1ximo sus conocimientos en materia de flexibilidad\u00bb.<\/p>\n<p>   <img decoding=\"async\" draggable=\"false\" src=\"https:\/\/www.europesays.com\/es\/wp-content\/uploads\/2025\/10\/mercedes-w16-ala-anteriore.jpg\" alt=\"Mercedes W16: ecco l'ala anteriore di Austin\" width=\"1200\" height=\"800\" loading=\"lazy\"\/> <\/p>\n<p class=\"title\">Mercedes W16: as\u00ed es el aler\u00f3n delantero en Austin<\/p>\n<p class=\"photographer\">Foto de: Roberto Chinchero<\/p>\n<p>Las posibilidades de que la idea sea pronto objeto de debate en el seno del grupo de trabajo t\u00e9cnico no son escasas. En lo que respecta a los monoplazas de 2026, los equipos son muy sensibles a todas las posibles innovaciones que puedan ayudar a disminuir la resistencia aerodin\u00e1mica, y aunque la apertura del aler\u00f3n delantero que garantizar\u00e1 el sistema SLM (Straight line mode) ser\u00e1 una verdadera ayuda, poder contar con perfiles m\u00e1s flexibles complacer\u00e1 sin duda a los ingenieros de los equipos, obsesionados por una menor resistencia aerodin\u00e1mica que se traduzca en un consumo optimizado de combustible y una mayor posibilidad de recargar la bater\u00eda.<\/p>\n<p>La mayor ventaja, sin embargo, ser\u00eda un recorte dr\u00e1stico de las pol\u00e9micas surgidas c\u00edclicamente en los \u00faltimos a\u00f1os. \u00abSi no se tiene la posibilidad de frenar el problema, entonces es mejor una &#8216;batalla campal&#8217;, con la \u00fanica restricci\u00f3n de que hay que dise\u00f1ar alas con altos est\u00e1ndares de seguridad\u00bb, concluye el t\u00e9cnico del equipo. El tiempo apremia, los ingenieros necesitan conocer el reglamento t\u00e9cnico y deportivo definitivo para poder trabajar al detalle y estudiar la correcta trama de las fibras de carbono para explotar hasta la m\u00e1s m\u00ednima ventaja, incluso en lo que (en caso de acuerdo) dejar\u00e1 de ser una zona gris, convirti\u00e9ndose en uno de los retos t\u00e9cnicos integrales a afrontar de cara a 2026.<\/p>\n<p>M\u00e1s de la F1:<\/p>\n<p>            Queremos tu opini\u00f3n<\/p>\n<p class=\"mt-auto\">\u00bfQu\u00e9 le gustar\u00eda ver en Motorsport.com?<\/p>\n<p>            <a href=\"#\" class=\"ms-link text-link font-bold\">Responda a nuestra encuesta de 5 minutos.<\/a><\/p>\n<p class=\"mt-1 text-body\">&#8211; El equipo de Motorsport.com<\/p>\n","protected":false},"excerpt":{"rendered":"La propuesta oficial a\u00fan no se ha puesto sobre la mesa, pero en el paddock de Austin el&hellip;\n","protected":false},"author":2,"featured_media":195174,"comment_status":"","ping_status":"","sticky":false,"template":"","format":"standard","meta":{"footnotes":""},"categories":[270],"tags":[168,25,24,306,271,272,1230,54191,23,167],"class_list":{"0":"post-195173","1":"post","2":"type-post","3":"status-publish","4":"format-standard","5":"has-post-thumbnail","7":"category-formula-1","8":"tag-deportes","9":"tag-es","10":"tag-espana","11":"tag-f1","12":"tag-formula-1","13":"tag-formula1","14":"tag-fu00f3rmula-1","15":"tag-la-propuesta-para-liberar-las-alas-flexibles-en-la-f1-2026","16":"tag-spain","17":"tag-sports"},"share_on_mastodon":{"url":"https:\/\/pubeurope.com\/@es\/115421459813148267","error":""},"_links":{"self":[{"href":"https:\/\/www.europesays.com\/es\/wp-json\/wp\/v2\/posts\/195173","targetHints":{"allow":["GET"]}}],"collection":[{"href":"https:\/\/www.europesays.com\/es\/wp-json\/wp\/v2\/posts"}],"about":[{"href":"https:\/\/www.europesays.com\/es\/wp-json\/wp\/v2\/types\/post"}],"author":[{"embeddable":true,"href":"https:\/\/www.europesays.com\/es\/wp-json\/wp\/v2\/users\/2"}],"replies":[{"embeddable":true,"href":"https:\/\/www.europesays.com\/es\/wp-json\/wp\/v2\/comments?post=195173"}],"version-history":[{"count":0,"href":"https:\/\/www.europesays.com\/es\/wp-json\/wp\/v2\/posts\/195173\/revisions"}],"wp:featuredmedia":[{"embeddable":true,"href":"https:\/\/www.europesays.com\/es\/wp-json\/wp\/v2\/media\/195174"}],"wp:attachment":[{"href":"https:\/\/www.europesays.com\/es\/wp-json\/wp\/v2\/media?parent=195173"}],"wp:term":[{"taxonomy":"category","embeddable":true,"href":"https:\/\/www.europesays.com\/es\/wp-json\/wp\/v2\/categories?post=195173"},{"taxonomy":"post_tag","embeddable":true,"href":"https:\/\/www.europesays.com\/es\/wp-json\/wp\/v2\/tags?post=195173"}],"curies":[{"name":"wp","href":"https:\/\/api.w.org\/{rel}","templated":true}]}}