{"id":195175,"date":"2025-10-23T03:54:12","date_gmt":"2025-10-23T03:54:12","guid":{"rendered":"https:\/\/www.europesays.com\/es\/195175\/"},"modified":"2025-10-23T03:54:12","modified_gmt":"2025-10-23T03:54:12","slug":"speight-y-quiza-algun-nacional-en-la-lanzadera-de-salida-si-hay-ofertas","status":"publish","type":"post","link":"https:\/\/www.europesays.com\/es\/195175\/","title":{"rendered":"Speight y quiz\u00e1 alg\u00fan nacional, en la lanzadera de salida si hay ofertas"},"content":{"rendered":"<p><a class=\"v-mdl-ath__fig-a\" href=\"https:\/\/www.ideal.es\/autor\/victor-m-romero-394.html\" title=\"V\u00edctor M. Romero\" rel=\"nofollow noopener\" target=\"_blank\"><br \/>\n<img decoding=\"async\" class=\"v-mdl-ath__img\" src=\"https:\/\/www.europesays.com\/es\/wp-content\/uploads\/2025\/08\/1756261749_793_autor-394-foto-3.jpeg\" alt=\"V\u00edctor M. Romero\"\/><br \/>\n<\/a><\/p>\n<p class=\"v-mdl-ath__p v-mdl-ath__p--6\">\nMi\u00e9rcoles, 22 de octubre 2025, 19:27<\/p>\n<p class=\"v-p\">La contrataci\u00f3n de Llu\u00eds Costa, que lleg\u00f3 anoche a Granada v\u00eda M\u00e1laga, donde aterriz\u00f3 de su vuelo desde Tenerife, abre las puertas al base estadounidense,  &#8230; aunque no ocupa plaza de extracomunitario, Micah Speight, al tratarse de otro base. <\/p>\n<p class=\"v-p\">El club tendr\u00e1 que aligerar n\u00f3minas y lo normal ser\u00eda reducir el plantel de exteriores. Esto hace que tambi\u00e9n est\u00e9 en peligro Edu Dur\u00e1n, porque apenas cuenta para el entrenador y fue el descarte ante el Baskonia, adem\u00e1s de que se trata de otro escolta. Todo depender\u00e1 de las ofertas que puedan llegar a la oficina de la entidad nazar\u00ed.<\/p>\n<p class=\"v-p\"> Incluso est\u00e1 la posibilidad de dar salida a Iv\u00e1n Aurrecoechea y reforzar as\u00ed el juego interior. Las opciones son variadas. El campe\u00f3n del mundo de 3&#215;3 tambi\u00e9n es muy poco utilizado por el t\u00e9cnico y con Llu\u00eds Costa aumentan los cupos. <\/p>\n<p class=\"v-p\">Ya exist\u00eda un extra para cumplir con la norma en caso de lesiones, pero el Covir\u00e1n podr\u00eda perfectamente ahora prescindir de uno de los nacionales, al disponer de dos m\u00e1s de lo obligado. Burjanadze y Kljajic tambi\u00e9n son cupo. <\/p>\n<p class=\"v-crt__t\"> L\u00edmite de sesiones alcanzadas<\/p>\n<p class=\"v-crt__p\">El acceso al contenido Premium est\u00e1 abierto por cortes\u00eda del establecimiento donde te encuentras, pero ahora mismo hay demasiados usuarios conectados a las vez.<\/p>\n<p class=\"v-crt__p\">Por favor, int\u00e9ntalo pasados unos minutos.<\/p>\n<p>\nVolver a intentar\n<\/p>\n<p class=\"v-crt__t\">Sesi\u00f3n cerrada<\/p>\n<p class=\"v-crt__p\">Al iniciar sesi\u00f3n desde un dispositivo distinto, por seguridad, se cerr\u00f3 la \u00faltima sesi\u00f3n en este.<\/p>\n<p class=\"v-crt__p\">Para continuar disfrutando de su suscripci\u00f3n digital, inicie sesi\u00f3n en este dispositivo.<\/p>\n<p>\nEste contenido es exclusivo para suscriptores\n<\/p>\n<p class=\"text\">\u00bfTienes una suscripci\u00f3n? <a href=\"https:\/\/secure.ideal.es\/identidad\/inicio#vca=suscribete&amp;vso=ideal&amp;vmc=on&amp;vli=cdn-ce-link-login\" class=\"login\" data-voc-vtm-id=\"comienzoSuscripcionON\" data-voc-vtm-info=\"cdn-ce-link-login\" rel=\"nofollow noopener\" target=\"_blank\">Inicia sesi\u00f3n<\/a><\/p>\n<p>Reporta un error<\/p>\n","protected":false},"excerpt":{"rendered":"Mi\u00e9rcoles, 22 de octubre 2025, 19:27 La contrataci\u00f3n de Llu\u00eds Costa, que lleg\u00f3 anoche a Granada v\u00eda M\u00e1laga,&hellip;\n","protected":false},"author":2,"featured_media":195176,"comment_status":"","ping_status":"","sticky":false,"template":"","format":"standard","meta":{"footnotes":""},"categories":[269],"tags":[299,298,168,25,24,46339,813,10037,50692,1965,23,3246,167],"class_list":{"0":"post-195175","1":"post","2":"type-post","3":"status-publish","4":"format-standard","5":"has-post-thumbnail","7":"category-baloncesto","8":"tag-baloncesto","9":"tag-basketball","10":"tag-deportes","11":"tag-es","12":"tag-espana","13":"tag-lanzadera","14":"tag-nacional","15":"tag-ofertas","16":"tag-quiza","17":"tag-salida","18":"tag-spain","19":"tag-speight","20":"tag-sports"},"share_on_mastodon":{"url":"https:\/\/pubeurope.com\/@es\/115421463648111498","error":""},"_links":{"self":[{"href":"https:\/\/www.europesays.com\/es\/wp-json\/wp\/v2\/posts\/195175","targetHints":{"allow":["GET"]}}],"collection":[{"href":"https:\/\/www.europesays.com\/es\/wp-json\/wp\/v2\/posts"}],"about":[{"href":"https:\/\/www.europesays.com\/es\/wp-json\/wp\/v2\/types\/post"}],"author":[{"embeddable":true,"href":"https:\/\/www.europesays.com\/es\/wp-json\/wp\/v2\/users\/2"}],"replies":[{"embeddable":true,"href":"https:\/\/www.europesays.com\/es\/wp-json\/wp\/v2\/comments?post=195175"}],"version-history":[{"count":0,"href":"https:\/\/www.europesays.com\/es\/wp-json\/wp\/v2\/posts\/195175\/revisions"}],"wp:featuredmedia":[{"embeddable":true,"href":"https:\/\/www.europesays.com\/es\/wp-json\/wp\/v2\/media\/195176"}],"wp:attachment":[{"href":"https:\/\/www.europesays.com\/es\/wp-json\/wp\/v2\/media?parent=195175"}],"wp:term":[{"taxonomy":"category","embeddable":true,"href":"https:\/\/www.europesays.com\/es\/wp-json\/wp\/v2\/categories?post=195175"},{"taxonomy":"post_tag","embeddable":true,"href":"https:\/\/www.europesays.com\/es\/wp-json\/wp\/v2\/tags?post=195175"}],"curies":[{"name":"wp","href":"https:\/\/api.w.org\/{rel}","templated":true}]}}