{"id":195177,"date":"2025-10-23T03:55:10","date_gmt":"2025-10-23T03:55:10","guid":{"rendered":"https:\/\/www.europesays.com\/es\/195177\/"},"modified":"2025-10-23T03:55:10","modified_gmt":"2025-10-23T03:55:10","slug":"nuevo-entrenamiento-invisible-para-reforzar-el-grupo-en-busca-de-la-reaccion","status":"publish","type":"post","link":"https:\/\/www.europesays.com\/es\/195177\/","title":{"rendered":"Nuevo &#8216;entrenamiento invisible&#8217; para reforzar el grupo en busca de la reacci\u00f3n"},"content":{"rendered":"<p class=\"parrafo\">La vez anterior fue el <strong>domingo 14 de septiembre<\/strong>, dos d\u00edas despu\u00e9s de que el <strong>Sevilla FC<\/strong> salvase &#8216;in extremis&#8217; un punto ante el <strong>Elche CF<\/strong> de <strong>Rafa Mi <\/strong>gracias a un taconazo de <strong>Alexis S\u00e1nchez<\/strong> y al remate a gol de &#8216;<strong>Peque<\/strong>&#8216; <strong>Fern\u00e1ndez<\/strong>. El sabor agridulce de aquel 2-2, que confirmaba el gafe en el <strong>Ram\u00f3n S\u00e1nchez-Pizju\u00e1n<\/strong>, qued\u00f3 enjugado con <a href=\"https:\/\/www.estadiodeportivo.com\/futbol\/sevilla-fc\/almeyda-olvida-con-asado-encontronazo-con-alberola-semana-reajustes-ofrenda-floral-20250915-512184.html\" target=\"_blank\" class=\"intext-link\" rel=\"nofollow noopener\">un asado privado en la Ciudad Deportiva Jos\u00e9 Ram\u00f3n Cisneros Palacios con el propio Mat\u00edas Almeyda como cocinero<\/a>, haciendo honor a su condici\u00f3n de argentino, y que sirvi\u00f3 como &#8216;rentr\u00e9e&#8217; para su compatriota <strong>Erik Lamela<\/strong>. Ya hab\u00eda habido, con todo, reuniones at\u00edpicas de este tipo en plena pretemporada. As\u00ed, nada m\u00e1s llegar, el &#8216;<strong>Pelado<\/strong>&#8216; organiz\u00f3 una cena en las instalaciones del primer equipo junto al <strong>Estadio Jes\u00fas Navas<\/strong>, pues el m\u00edster nervionense es partidario de \u00abun momento de <strong>relax<\/strong> en grupo para que puedan <strong>disfrutar<\/strong> y salir del d\u00eda a d\u00eda\u00bb. <\/p>\n<p><img decoding=\"async\" src=\"https:\/\/www.europesays.com\/es\/wp-content\/uploads\/2025\/10\/2bbd6146-82c8-4616-90d4-5a3a078ba2be_660x373.jpeg\" loading=\"lazy\"\/><\/p>\n<p class=\"parrafo\">Y promet\u00eda hace casi mes y medio en sala de prensa el entrenador blanquirrojo: \u00abHaremos otras actividades, porque siempre las he hecho. Me gusta verlos en otra parte de sus vidas, no s\u00f3lo en el f\u00fatbol. Las otras partes que conocemos son las <strong>redes<\/strong> <strong>sociales<\/strong>, y eso me rompe un poco. Quiero algo m\u00e1s normal. <strong>Que se pregunten, que bromeen, que canten las canciones de su pa\u00eds y disfruten de la vida<\/strong>. Busco<strong> <\/strong>eso, que es lo que me gusta\u201d. Dicho y hecho. Y nada mejor que esta semana, justo despu\u00e9s de la decepci\u00f3n por el <strong>1-3<\/strong> ante el <strong>RCD Mallorca<\/strong> cuando todos esperaban que el <strong>4-1<\/strong> al <strong>FC Barcelona<\/strong>, que rompi\u00f3 tres malas rachas de un plumazo, ejerciera de punto de inflexi\u00f3n para que no s\u00f3lo llegaran alegr\u00edas a domicilio, sino delante de su afici\u00f3n. Sin descuidar la parte deportiva, claro est\u00e1, <a href=\"https:\/\/www.estadiodeportivo.com\/futbol\/sevilla-fc\/vuelve-alfon-pero-batista-mendy-otra-baja-calcada-para-san-sebastian-parte-medico-identico-azpilicueta-20251020-517231.html\" target=\"_blank\" class=\"intext-link\" rel=\"nofollow noopener\">con bajas inoportunas que obligar\u00e1n a Almeyda a reconfigurar su columna vertebral<\/a>, hab\u00eda que <strong>desconectar<\/strong> para <strong>reconectar<\/strong>.<\/p>\n<p class=\"parrafo\">De esta forma, el martes hubo visita a <strong>Fuentes de Andaluc\u00eda<\/strong>, pueblo natal del guardameta <strong>Alberto Flores<\/strong>, donde opera desde tiempos inmemoriales la <strong>Yeguada Escalera<\/strong>. Fue una jornada l\u00fadica y diferente entre caballos a la que no quisieron faltan ni el presidente, <strong>Jos\u00e9 Mar\u00eda del Nido Carrasco<\/strong>, ni el vicepresidente primero, <strong>Jos\u00e9 Castro Carmona<\/strong>, ni el director de f\u00fatbol profesional, <strong>Antonio Cord\u00f3n<\/strong>, part\u00edcipes de este acto de comuni\u00f3n justo antes de comparecer el pr\u00f3ximo viernes en <strong>Anoeta<\/strong> ante un anfitri\u00f3n herido, la <strong>Real Sociedad<\/strong>, con el fin de mantener la buena l\u00ednea for\u00e1nea. <\/p>\n<p><a class=\"elementos-rel-t2\" href=\"https:\/\/www.estadiodeportivo.com\/futbol\/sevilla-fc\/golpe-timon-sevilla-barco-venta-que-navega-por-historia-busca-buen-puerto-20251022-517450.html\" title=\"Golpe de tim\u00f3n en el Sevilla FC: un barco en venta que navega por su historia en busca de buen puerto \" rel=\"nofollow noopener\" target=\"_blank\">Golpe de tim\u00f3n en el Sevilla FC: un barco en venta que navega por su historia en busca de buen puerto <img decoding=\"async\" src=\"https:\/\/www.europesays.com\/es\/wp-content\/uploads\/2025\/10\/6e0809c6-d667-4176-86d8-1d0645417a61_320x180.jpeg\" alt=\"Golpe de tim\u00f3n en el Sevilla FC: un barco en venta que navega por su historia en busca de buen puerto \"\/><\/a><a class=\"elementos-rel-t2\" href=\"https:\/\/www.estadiodeportivo.com\/futbol\/sevilla-fc\/almeyda-sobre-asado-conjura-plantilla-los-grupos-tienen-que-vivir-momentos-juntos-20250919-512760.html\" title=\"Almeyda sobre el asado de conjura de la plantilla: \u201cLos grupos tienen que vivir momentos juntos\u201c\" rel=\"nofollow noopener\" target=\"_blank\">Almeyda sobre el asado de conjura de la plantilla: \u201cLos grupos tienen que vivir momentos juntos\u201c<img decoding=\"async\" src=\"https:\/\/www.europesays.com\/es\/wp-content\/uploads\/2025\/10\/a837d15d-32e5-4ec6-b989-7df25d7f8d6a_320x180.jpeg\" alt=\"Almeyda sobre el asado de conjura de la plantilla: \u201cLos grupos tienen que vivir momentos juntos\u201c\"\/><\/a><a class=\"elementos-rel-t2\" href=\"https:\/\/www.estadiodeportivo.com\/futbol\/sevilla-fc\/entrenamiento-invisible-almeyda-para-hacer-pina-20250722-505011.html\" title=\"Entrenamiento invisible de Almeyda para hacer pi\u00f1a\" rel=\"nofollow noopener\" target=\"_blank\">Entrenamiento invisible de Almeyda para hacer pi\u00f1a<img decoding=\"async\" src=\"https:\/\/www.europesays.com\/es\/wp-content\/uploads\/2025\/10\/1d947406-37fe-41c5-b975-f6d837ae150a_320x180.jpeg\" alt=\"Entrenamiento invisible de Almeyda para hacer pi\u00f1a\"\/><\/a>Visita a <strong>Tablada<\/strong> para la foto de equipo<\/p>\n<p class=\"parrafo\">El mi\u00e9rcoles tambi\u00e9n fue at\u00edpico en cierta forma para el <strong>Sevilla FC<\/strong>. No en vano, las dos primeras plantillas marcharon tras sus sesiones de entrenamiento al <strong>Puerto de Sevilla<\/strong>, en concreto el muelle de <strong>Tablada<\/strong>, para inmortalizar las fotograf\u00edas de equipo para la temporada <strong>2025\/2026<\/strong>. Se realiza, as\u00ed, desde la instituci\u00f3n blanquirroja un gui\u00f1o a su historia, pues este pr\u00f3ximo <strong>25 de noviembre<\/strong> se conmemora el<strong> 155\u00ba Aniversario <\/strong>de la creaci\u00f3n en <strong>1870 <\/strong>de la Junta de Obras del R\u00edo Guadalquivir y Puerto de Sevilla, teniendo adem\u00e1s la actividad portuaria una relaci\u00f3n especial con los or\u00edgenes del club. No en vano, el <strong>Sevilla Atl\u00e9tico<\/strong>, que celebra su <strong>65\u00ba cumplea\u00f1os<\/strong>, tiene como germen el <strong>CD Puerto<\/strong>, que fue fundado en <strong>1950<\/strong> y, diez a\u00f1os m\u00e1s tarde, se refund\u00f3 bajo su nueva denominaci\u00f3n.<\/p>\n","protected":false},"excerpt":{"rendered":"La vez anterior fue el domingo 14 de septiembre, dos d\u00edas despu\u00e9s de que el Sevilla FC salvase&hellip;\n","protected":false},"author":2,"featured_media":195178,"comment_status":"","ping_status":"","sticky":false,"template":"","format":"standard","meta":{"footnotes":""},"categories":[268],"tags":[168,25,24,284,280,282,2991,2993,281,23,167],"class_list":{"0":"post-195177","1":"post","2":"type-post","3":"status-publish","4":"format-standard","5":"has-post-thumbnail","7":"category-futbol","8":"tag-deportes","9":"tag-es","10":"tag-espana","11":"tag-estadio-deportivo","12":"tag-football","13":"tag-futbol","14":"tag-matias-almeyda","15":"tag-sevilla-futbol-club","16":"tag-soccer","17":"tag-spain","18":"tag-sports"},"share_on_mastodon":{"url":"https:\/\/pubeurope.com\/@es\/115421467496652938","error":""},"_links":{"self":[{"href":"https:\/\/www.europesays.com\/es\/wp-json\/wp\/v2\/posts\/195177","targetHints":{"allow":["GET"]}}],"collection":[{"href":"https:\/\/www.europesays.com\/es\/wp-json\/wp\/v2\/posts"}],"about":[{"href":"https:\/\/www.europesays.com\/es\/wp-json\/wp\/v2\/types\/post"}],"author":[{"embeddable":true,"href":"https:\/\/www.europesays.com\/es\/wp-json\/wp\/v2\/users\/2"}],"replies":[{"embeddable":true,"href":"https:\/\/www.europesays.com\/es\/wp-json\/wp\/v2\/comments?post=195177"}],"version-history":[{"count":0,"href":"https:\/\/www.europesays.com\/es\/wp-json\/wp\/v2\/posts\/195177\/revisions"}],"wp:featuredmedia":[{"embeddable":true,"href":"https:\/\/www.europesays.com\/es\/wp-json\/wp\/v2\/media\/195178"}],"wp:attachment":[{"href":"https:\/\/www.europesays.com\/es\/wp-json\/wp\/v2\/media?parent=195177"}],"wp:term":[{"taxonomy":"category","embeddable":true,"href":"https:\/\/www.europesays.com\/es\/wp-json\/wp\/v2\/categories?post=195177"},{"taxonomy":"post_tag","embeddable":true,"href":"https:\/\/www.europesays.com\/es\/wp-json\/wp\/v2\/tags?post=195177"}],"curies":[{"name":"wp","href":"https:\/\/api.w.org\/{rel}","templated":true}]}}