{"id":195181,"date":"2025-10-23T03:58:07","date_gmt":"2025-10-23T03:58:07","guid":{"rendered":"https:\/\/www.europesays.com\/es\/195181\/"},"modified":"2025-10-23T03:58:07","modified_gmt":"2025-10-23T03:58:07","slug":"tenia-claro-que-queria-tratar-el-toc-que-padeci-durante-muchos-anos","status":"publish","type":"post","link":"https:\/\/www.europesays.com\/es\/195181\/","title":{"rendered":"\u00abTen\u00eda claro que quer\u00eda tratar el TOC que padec\u00ed durante muchos a\u00f1os\u00bb"},"content":{"rendered":"<p>\t\t\t \t\t \t\t\t\t\t\t\tJordi Cicely estrena este viernes su nueva novela, que habla sobre segundas oportunidades y nos transporta a lugares como A Cova da Serpe o la iglesia de Guimarei. <strong class=\"pd-l\"\/><\/p>\n<p>\t\t\t\t\t\tEl lucense presenta \u00abEl verano que volvi\u00f3 Sherezade\u00bb, ambientada en Friol, cuatro a\u00f1os despu\u00e9s de su primera obra que surgi\u00f3 tras una crisis de ansiedad. \u00abSe escribe y se lee en soledad y estos temas mucha gente tambi\u00e9n los lleva en soledad\u00bb, afirma<br \/>\n\t\t\t\t\t\t<strong>23 oct 2025<\/strong> . Actualizado a las 05:00 h.\t\t\t\t\t\t<\/p>\n<p class=\"txt first-paragraph\">&#13;<br \/>\n    \t Hay para quien la escritura resulta un proceso casi terap\u00e9utico. Es el caso de Jordi Cicely (Lugo, 1978) que publica\u00a0este viernes su nueva obra El verano que volvi\u00f3 Sherezade, cuatro a\u00f1os despu\u00e9s de su debut&#13;\n\t<\/p>\n<p>&#13;<br \/>\n\t\t\t\t\tContenido exclusivo para suscriptores&#13;\n\t\t\t\t<\/p>\n<p>\t\t\t\t\tContin\u00faa leyendo con un 85% dto.<\/p>\n<p>\t\t\t\t\t\tSuscr\u00edbete por solo<br \/>\n\t\t\t\t\t\t\t\t\t\t\t\t1\u20ac\/mes<br \/>\n\t\t\t\t\t\tdurante 3 meses\t\t\t\t\t\t<\/p>\n<p>\t\t\t\t\t\t<a href=\"https:\/\/elquiosco.lavozdegalicia.es\/suscripciones\/19-45-suscripcion-webapp.html?dllvdg=00031761148686907208695&amp;urlData=https:\/\/www.lavozdegalicia.es\/noticia\/lugo\/2025\/10\/22\/escritor-jordi-cicely-aborda-salud-mental-nuevo-libro-tenia-claro-queria-tratar-toc-padeci-durante-anos\/00031761148686907208695.htm\" class=\"btn-brand btn sz-t-s no-brd t-sserif pd-h-2 btnAddToCart\" data-analytics-event=\"addToCart\" data-product-name=\"Suscripci\u00f3n WEB+APP\" data-product-price=\"1.00 \" data-product-coupon=\"2025_OCTUBRE_1E3M_WEB_MES\" data-product-periodicity=\"Mensual\" rel=\"nofollow noopener\" target=\"_blank\">Suscr\u00edbete <\/a>\t\t\t\t\t\t<\/p>\n<p>\t\t\t\t\t&#13;<br \/>\n\t\t\t\t\t\u00bfYa eres subscriptor? <a href=\"https:\/\/miperfil.lavozdegalicia.es\/login.jsp?url=https:\/\/www.lavozdegalicia.es\/noticia\/lugo\/2025\/10\/22\/escritor-jordi-cicely-aborda-salud-mental-nuevo-libro-tenia-claro-queria-tratar-toc-padeci-durante-anos\/00031761148686907208695.htm\" class=\"c-white\" rel=\"nofollow noopener\" target=\"_blank\">Inicia sesi\u00f3n<\/a>&#13;<\/p>\n","protected":false},"excerpt":{"rendered":"Jordi Cicely estrena este viernes su nueva novela, que habla sobre segundas oportunidades y nos transporta a lugares&hellip;\n","protected":false},"author":2,"featured_media":195182,"comment_status":"","ping_status":"","sticky":false,"template":"","format":"standard","meta":{"footnotes":""},"categories":[172],"tags":[4228,224,146,147,25,24,54193,225,671,22425,23,54192],"class_list":{"0":"post-195181","1":"post","2":"type-post","3":"status-publish","4":"format-standard","5":"has-post-thumbnail","7":"category-libros","8":"tag-ansiedad","9":"tag-books","10":"tag-entertainment","11":"tag-entretenimiento","12":"tag-es","13":"tag-espana","14":"tag-friol","15":"tag-libros","16":"tag-literatura","17":"tag-lugo-ciudad","18":"tag-spain","19":"tag-trastorno-obsesivo-compulsivo"},"share_on_mastodon":{"url":"https:\/\/pubeurope.com\/@es\/115421479194129712","error":""},"_links":{"self":[{"href":"https:\/\/www.europesays.com\/es\/wp-json\/wp\/v2\/posts\/195181","targetHints":{"allow":["GET"]}}],"collection":[{"href":"https:\/\/www.europesays.com\/es\/wp-json\/wp\/v2\/posts"}],"about":[{"href":"https:\/\/www.europesays.com\/es\/wp-json\/wp\/v2\/types\/post"}],"author":[{"embeddable":true,"href":"https:\/\/www.europesays.com\/es\/wp-json\/wp\/v2\/users\/2"}],"replies":[{"embeddable":true,"href":"https:\/\/www.europesays.com\/es\/wp-json\/wp\/v2\/comments?post=195181"}],"version-history":[{"count":0,"href":"https:\/\/www.europesays.com\/es\/wp-json\/wp\/v2\/posts\/195181\/revisions"}],"wp:featuredmedia":[{"embeddable":true,"href":"https:\/\/www.europesays.com\/es\/wp-json\/wp\/v2\/media\/195182"}],"wp:attachment":[{"href":"https:\/\/www.europesays.com\/es\/wp-json\/wp\/v2\/media?parent=195181"}],"wp:term":[{"taxonomy":"category","embeddable":true,"href":"https:\/\/www.europesays.com\/es\/wp-json\/wp\/v2\/categories?post=195181"},{"taxonomy":"post_tag","embeddable":true,"href":"https:\/\/www.europesays.com\/es\/wp-json\/wp\/v2\/tags?post=195181"}],"curies":[{"name":"wp","href":"https:\/\/api.w.org\/{rel}","templated":true}]}}