{"id":195183,"date":"2025-10-23T03:59:12","date_gmt":"2025-10-23T03:59:12","guid":{"rendered":"https:\/\/www.europesays.com\/es\/195183\/"},"modified":"2025-10-23T03:59:12","modified_gmt":"2025-10-23T03:59:12","slug":"la-historia-real-detras-de-la-miniserie-que-arrasa-en-netflix","status":"publish","type":"post","link":"https:\/\/www.europesays.com\/es\/195183\/","title":{"rendered":"la historia real detr\u00e1s de la miniserie que arrasa en Netflix"},"content":{"rendered":"<p class=\"c-paragraph\">Netflix lo ha vuelto a hacer: <b>ha convertido una historia profundamente humana en un fen\u00f3meno mundial<\/b>. Nadie nos vio partir, dirigida por Luc\u00eda Puenzo, Nicol\u00e1s Puenzo y Samuel Kishi, se ha instalado <a href=\"https:\/\/www.20minutos.es\/cinemania\/noticias\/series-peliculas-netflix-vistas-ranking_6235041_0.html\" rel=\"nofollow noopener\" target=\"_blank\">entre lo m\u00e1s visto de la plataforma<\/a> con apenas cinco episodios y<b> en tan solo una semana<\/b>. Lo que la diferencia del resto no es <a href=\"https:\/\/www.20minutos.es\/cinemania\/noticias\/sofia-coppola-estetica-adolescencia-fama-soledad-priscilla-5214903\/\" rel=\"nofollow noopener\" target=\"_blank\">su envolvente est\u00e9tica<\/a> sesentera, sino la brutal verdad que esconde detr\u00e1s: la de una ni\u00f1a secuestrada por su propio padre.<\/p>\n<p class=\"c-paragraph\">La serie<a href=\"https:\/\/www.20minutos.es\/cinemania\/noticias\/10-peliculas-basadas-en-libros-imprescindibles-para-ver-en-netflix-4719156\/\" rel=\"nofollow noopener\" target=\"_blank\"> est\u00e1 basada en el libro <\/a>hom\u00f3nimo de Tamara Trottner, quien relat\u00f3 desde su perspectiva infantil los <b>dos a\u00f1os en los que vivi\u00f3 separada de su madre<\/b> junto a su hermano. Todo comenz\u00f3 durante su quinto cumplea\u00f1os, cuando su padre los llev\u00f3 a<b> un supuesto viaje que pronto se transform\u00f3 en un largo cautiverio<\/b>. \u00abNos secuestra durante dos a\u00f1os&#8230; al principio cre\u00edmos que era un viaje, pero despu\u00e9s preguntamos por mam\u00e1, mi perro, mi escuela, y nadie nos respondi\u00f3\u00bb, recordaba la autora en una entrevista.<\/p>\n<p class=\"c-paragraph\">A partir de ese suceso, Trottner <b>reconstruy\u00f3<\/b> <b>su memoria y las versiones contradictorias de sus padres<\/b>. El resultado fue una novela \u00edntima y devastadora que <a href=\"https:\/\/www.20minutos.es\/cinemania\/series\/eternauta-final-explicado-netflix-cascarudos-contol-mental-visiones-5706827\/\" rel=\"nofollow noopener\" target=\"_blank\">Netflix ha transformado en una miniserie<\/a> que combina thriller y drama familiar. En pantalla, Valeria Goldberg (Tessa \u00cda) vive la angustia de una madre que regresa a casa para descubrir que su marido, Leo Saltzman (<a href=\"https:\/\/www.20minutos.es\/cinemania\/noticias\/la-historia-real-detras-de-el-baile-de-los-41-la-nueva-pelicula-de-netflix-4696473\/\" rel=\"nofollow noopener\" target=\"_blank\">Emiliano Zurita<\/a>), ha desaparecido con sus dos hijos. Un acto de venganza que pone en evidencia los<b> abusos emocionales y el control ejercido dentro de familias aparentemente perfectas.<\/b><\/p>\n<p>Lejos de casa<\/p>\n<p class=\"c-paragraph\">El viaje forzado que vivieron los ni\u00f1os <a href=\"https:\/\/www.20minutos.es\/cinemania\/noticias\/emma-watson-mujercitas-ultima-pelicula_6371462_0.html\" rel=\"nofollow noopener\" target=\"_blank\">en la vida real <\/a>los llev\u00f3 por pa\u00edses tan dispares como<b> Italia, Francia, Sud\u00e1frica e Israel<\/b>. La serie refleja esos desplazamientos y el choque cultural que acompa\u00f1\u00f3 a los peque\u00f1os, especialmente durante su estancia en Sud\u00e1frica, <a href=\"https:\/\/www.20minutos.es\/cinemania\/noticias\/nelson-mandela-cinco-peliculas-reflejan-lider-sudafrica-derroto-apartheid-5146725\/\" rel=\"nofollow noopener\" target=\"_blank\">en plena era del apartheid<\/a>. En Israel, en cambio, la historia retrata su paso por un kibutz, <b>comunidades donde los ni\u00f1os eran criados colectivamente<\/b>, lejos de sus padres, en una realidad tan lejana como opresiva.<\/p>\n<p class=\"c-paragraph\">M\u00e1s all\u00e1 de la crudeza de los hechos, la nueva apuesta de Netflix conmueve porque no busca juzgar, sino comprender, tal y como explic\u00f3 la autora de la novela original: \u00abNo se vale secuestrar ni\u00f1os, pero tambi\u00e9n entend\u00ed que mi padre fue manipulado por su propio padre, un hombre muy poderoso\u00bb. Esa ambig\u00fcedad moral es, precisamente, la que dota a la historia de <b>una profundidad poco habitual en las producciones basadas en hechos reales.<\/b><\/p>\n<p class=\"c-paragraph\">Con <b>menos de cinco horas de duraci\u00f3n total<\/b>, la miniserie se disfruta de una sentada y deja una huella emocional dif\u00edcil de borrar.<a href=\"https:\/\/www.20minutos.es\/cinemania\/noticias\/orgasmo-meg-ryan-cuando-harry-encontro-sally-rodaje-detalles_6512496_0.html\" rel=\"nofollow noopener\" target=\"_blank\"> No solo por lo que cuenta, sino por c\u00f3mo lo hace<\/a>, evitando en todo momento virar hacia el morbo y centr\u00e1ndose en<b> las cicatrices invisibles del trauma<\/b>. El resultado se queda revoloteando en nuestras cabezas incluso d\u00edas despu\u00e9s de su visionado.\u00a0<\/p>\n","protected":false},"excerpt":{"rendered":"Netflix lo ha vuelto a hacer: ha convertido una historia profundamente humana en un fen\u00f3meno mundial. Nadie nos&hellip;\n","protected":false},"author":2,"featured_media":195184,"comment_status":"","ping_status":"","sticky":false,"template":"","format":"standard","meta":{"footnotes":""},"categories":[171],"tags":[146,147,25,24,448,4417,5286,10004,23,214,23337],"class_list":{"0":"post-195183","1":"post","2":"type-post","3":"status-publish","4":"format-standard","5":"has-post-thumbnail","7":"category-tv","8":"tag-entertainment","9":"tag-entretenimiento","10":"tag-es","11":"tag-espana","12":"tag-historia","13":"tag-los","14":"tag-nadie","15":"tag-partir","16":"tag-spain","17":"tag-tv","18":"tag-vio"},"share_on_mastodon":{"url":"https:\/\/pubeurope.com\/@es\/115421483451358449","error":""},"_links":{"self":[{"href":"https:\/\/www.europesays.com\/es\/wp-json\/wp\/v2\/posts\/195183","targetHints":{"allow":["GET"]}}],"collection":[{"href":"https:\/\/www.europesays.com\/es\/wp-json\/wp\/v2\/posts"}],"about":[{"href":"https:\/\/www.europesays.com\/es\/wp-json\/wp\/v2\/types\/post"}],"author":[{"embeddable":true,"href":"https:\/\/www.europesays.com\/es\/wp-json\/wp\/v2\/users\/2"}],"replies":[{"embeddable":true,"href":"https:\/\/www.europesays.com\/es\/wp-json\/wp\/v2\/comments?post=195183"}],"version-history":[{"count":0,"href":"https:\/\/www.europesays.com\/es\/wp-json\/wp\/v2\/posts\/195183\/revisions"}],"wp:featuredmedia":[{"embeddable":true,"href":"https:\/\/www.europesays.com\/es\/wp-json\/wp\/v2\/media\/195184"}],"wp:attachment":[{"href":"https:\/\/www.europesays.com\/es\/wp-json\/wp\/v2\/media?parent=195183"}],"wp:term":[{"taxonomy":"category","embeddable":true,"href":"https:\/\/www.europesays.com\/es\/wp-json\/wp\/v2\/categories?post=195183"},{"taxonomy":"post_tag","embeddable":true,"href":"https:\/\/www.europesays.com\/es\/wp-json\/wp\/v2\/tags?post=195183"}],"curies":[{"name":"wp","href":"https:\/\/api.w.org\/{rel}","templated":true}]}}