{"id":195185,"date":"2025-10-23T04:00:17","date_gmt":"2025-10-23T04:00:17","guid":{"rendered":"https:\/\/www.europesays.com\/es\/195185\/"},"modified":"2025-10-23T04:00:17","modified_gmt":"2025-10-23T04:00:17","slug":"charlotte-wessels-blackbriar-enthroned-www-rafabasa-com","status":"publish","type":"post","link":"https:\/\/www.europesays.com\/es\/195185\/","title":{"rendered":"Charlotte Wessels &#8211; BLACKBRIAR &#8211; ENTHRONED &#8211; WWW.RAFABASA.COM"},"content":{"rendered":"<p>\u00a0<\/p>\n<p style=\"text-align: center;\"><strong><a href=\"#Wessels\">Edici\u00f3n especial de Charlotte Wessels<\/a> \u2013 <a href=\"#BLACKBRIAR\">BLACKBRIAR cancelan Portugalete<\/a> \u2013<a href=\"#ENTHRONED2\"> Fechas de ENTHRONED<\/a>. <\/strong><\/p>\n<p>El pr\u00f3ximo 24 de octubre ver\u00e1 la luz a trav\u00e9s de Napalm Records una edici\u00f3n especial del \u00faltimo disco de <a href=\"https:\/\/linktr.ee\/charlottewessels\" target=\"_blank\" rel=\"noopener nofollow\"><strong>Charlotte Wessels<\/strong><\/a> \u201cThe Obsession\u201d.<\/p>\n<p><img decoding=\"async\" src=\"https:\/\/www.europesays.com\/es\/wp-content\/uploads\/2025\/10\/charlotte_wessels2024_8.jpg\" alt=\"Charlotte Wessels\" height=\"500\"\/><\/p>\n<p>Estos son los temas que incluye:<\/p>\n<ol>\n<li>Chasing Sunsets<\/li>\n<li>Dopamine (feat. Simone Simons)<\/li>\n<li>The Exorcism<\/li>\n<li>Soulstice<\/li>\n<li>The Crying Room<\/li>\n<li>Ode To The West Wind (feat. Alissa White-Gluz)<\/li>\n<li>Serpentine<\/li>\n<li>Praise<\/li>\n<li>All You Are<\/li>\n<li>Vigor And Valor<\/li>\n<li>Breathe; Extended<\/li>\n<li>Soft Revolution (2024)<\/li>\n<li>Backup Plan (feat. Asger Mygind\/VOLA)<\/li>\n<li>Dopamine (Dreamscape Version \/ feat. Simone Simons)<\/li>\n<li>The Crying Room (Live At Dynamo Metalfest)<\/li>\n<li>Soft Revolution (Live At Dynamo Metalfest)<\/li>\n<li>The Exorcism (Live At Dynamo Metalfest)<\/li>\n<\/ol>\n<p>A continuaci\u00f3n ten\u00e9is su nuevo single y v\u00eddeo \u00abBackup Plan\u201d en el que participa Asger Mygind de VOLA.<\/p>\n<p>Comenta la cantante sobre el single: \u201cEl nuevo single \u201cBackup Plan\u201d es uno de esos temas que se niega a marcharse. Empez\u00f3 como una toma descartada de las sesiones originales, pero hab\u00eda algo en \u00e9l que parec\u00eda incompleto, hasta que giramos con VOLA y la pieza perdida apareci\u00f3. La voz de Asger sac\u00f3 a la perfecci\u00f3n el contraste del tema entre la belleza y a oscuridad. El tema presenta una conversaci\u00f3n entre la vida y el pulso tranquilo de lo desconocido, un dueto con la muerte present\u00e1ndose no como como un villano, si no como un refugiado amable. Trabajar con Asger Mygind traj\u00f3 el concepto totalmente a la vida. Su interpretaci\u00f3n captura esa gentileza y la gravedad que siempre imagin\u00e9. Esta versi\u00f3n por fin suena como ten\u00eda que sonar.\u201d<\/p>\n<p>A\u00f1ade Asger Mygind: \u201cNo tuve que pararme a pensar sobre mi participaci\u00f3n cuando Charlotte me pregunt\u00f3 si quer\u00eda aparecer como invitado en \u201cBackup Plan\u201d. Su sonido es inmensamente distintivo, aventurero y pegadizo, y me emocionaba bucear en el colorido universo que evoca con sus composiciones. Fue una canci\u00f3n muy exigente para cantar, pero tambi\u00e9n fue muy divertido utilizar mi voz de forma ligeramente distinta a lo que suelo hacer.\u201d<\/p>\n<p><strong>Wessels<\/strong> <a href=\"https:\/\/www.rafabasa.com\/2025\/02\/11\/fechas-de-epica-y-amaranthe-charlotte-wessels\/\" rel=\"nofollow noopener\" target=\"_blank\">estar\u00e1 en Espa\u00f1a en enero<\/a> acompa\u00f1ando a EPICA.<\/p>\n<p><a href=\"https:\/\/linktr.ee\/charlottewessels\" target=\"_blank\" rel=\"noopener nofollow\"><strong>Charlotte Wessels<\/strong><\/a> edit\u00f3 el 20 de septiembre de 2024 a trav\u00e9s de Napalm Records un nuevo disco titulado \u201cThe Obsession\u201d.<\/p>\n<p>Todos los detalles en esta <a href=\"https:\/\/www.rafabasa.com\/2024\/05\/16\/detalles-y-primer-single-del-disco-de-charlotte-wessels\/\" target=\"_blank\" rel=\"noopener nofollow\">noticia<\/a> y su \u00faltimo v\u00eddeo en <a href=\"https:\/\/www.rafabasa.com\/2024\/09\/18\/charlotte-wessels-estrena-su-nuevo-single-ode-to-the-west-wind-con-alissa-white-gluz\/\" target=\"_blank\" rel=\"noopener nofollow\">esta<\/a>.<\/p>\n<p>Nuestra cr\u00edtica del disco en este <a href=\"https:\/\/www.rafabasa.com\/2024\/10\/17\/critica-del-cd-de-charlotte-wessels-the-obsession\/\" target=\"_blank\" rel=\"noopener nofollow\">enlace<\/a>.<\/p>\n<p>\u00a0<\/p>\n<p>\u00a0<\/p>\n<p><strong>BLACKBRIAR<\/strong> han cancelado su fecha en Portugalete. Este es el comunicado de los organizadores:<\/p>\n<p>\u201cBLACKBRIAR CANCELAN SU FECHA EN PORTUGALETE<\/p>\n<p>Debido a problemas log\u00edsticos, Blackbriar cancelan desafortunadamente el concierto que ten\u00edan previsto para el 31 de octubre en Portugalete. La fecha para Barcelona sigue adelante.<\/p>\n<p>Todas las entradas adquiridas ser\u00e1n devueltas autom\u00e1ticamente sin necesidad de realizar ning\u00fan tr\u00e1mite.<\/p>\n<p>\u00bfC\u00f3mo devolver mi entrada?<\/p>\n<p>De manera autom\u00e1tica, no hay que realizar ning\u00fan tr\u00e1mite. Si en 30 d\u00edas no la has recibido escribe a este <a href=\"https:\/\/madnesslive.es\/es\/atencion-al-cliente\" rel=\"nofollow noopener\" target=\"_blank\">enlace<\/a>.\u201d<\/p>\n<p>La banda seguir\u00e1 tocando el 1 de noviembre en la sala Wolf de Barcelona.<\/p>\n<p>Ten\u00e9is el \u00faltimo v\u00eddeo del grupo en este <a href=\"https:\/\/www.rafabasa.com\/2025\/08\/22\/iron-savior-blackbriar-stonefest\/#BLACKBRIAR\" rel=\"nofollow noopener\" target=\"_blank\">enlace<\/a>.<\/p>\n<p><img fetchpriority=\"high\" decoding=\"async\" src=\"https:\/\/www.europesays.com\/es\/wp-content\/uploads\/2025\/10\/cartel_25_ok_ok.jpg\" alt=\"BB\" width=\"400\" height=\"400\"\/><\/p>\n<p>\u00a0<\/p>\n<p><a href=\"https:\/\/www.facebook.com\/Frater.Silurian\" target=\"_blank\" rel=\"noopener nofollow\"><strong>ENTHRONED<\/strong><\/a> nos visitan a finales de este mes acompa\u00f1ados por \u2022 NUNSLAUGHTER, A CANOROUS QUINTET y DEMONICAL.<\/p>\n<p>Estas son las fechas:<\/p>\n<ul>\n<li>D\u00eda 31 de octubre \u2013 Sala Lennon\u2019s \u2013 BARCELONA<\/li>\n<li>D\u00eda 1 de noviembre \u2013 Sala Zul\u00fa \u2013 VALENCIA<\/li>\n<li>D\u00eda 2 de noviembre \u2013 Sala Silikona \u2013 MADRID<\/li>\n<\/ul>\n<p>El pr\u00f3ximo trabajo de <a href=\"https:\/\/www.facebook.com\/Frater.Silurian\" target=\"_blank\" rel=\"noopener nofollow\"><strong>ENTHRONED<\/strong><\/a> \u201cAshspawn\u201d est\u00e1 dispuesto para el 5 de diciembre a trav\u00e9s de Season Of Mist.<\/p>\n<p>M\u00e1s detalles en esta <a href=\"https:\/\/www.rafabasa.com\/2025\/09\/23\/korn-enthroned-wytch-hazel\/#ENTHRONED\" rel=\"nofollow noopener\" target=\"_blank\">noticia<\/a> y su \u00faltimo v\u00eddeo en <a href=\"https:\/\/www.rafabasa.com\/2025\/10\/16\/steve-vai-enthroned-electric-boys\/#ENTHRONED\" rel=\"nofollow noopener\" target=\"_blank\">esta<\/a>.<\/p>\n<p>\u00a0<\/p>\n<p>\u00a0<\/p>\n<p>\u00a0<\/p>\n","protected":false},"excerpt":{"rendered":"\u00a0 Edici\u00f3n especial de Charlotte Wessels \u2013 BLACKBRIAR cancelan Portugalete \u2013 Fechas de ENTHRONED. El pr\u00f3ximo 24 de&hellip;\n","protected":false},"author":2,"featured_media":195186,"comment_status":"","ping_status":"","sticky":false,"template":"","format":"standard","meta":{"footnotes":""},"categories":[170],"tags":[27688,54194,146,42850,147,25,24,184,185,23],"class_list":{"0":"post-195185","1":"post","2":"type-post","3":"status-publish","4":"format-standard","5":"has-post-thumbnail","7":"category-musica","8":"tag-blackbriar","9":"tag-charlotte-wessels","10":"tag-entertainment","11":"tag-enthroned","12":"tag-entretenimiento","13":"tag-es","14":"tag-espana","15":"tag-music","16":"tag-musica","17":"tag-spain"},"share_on_mastodon":{"url":"https:\/\/pubeurope.com\/@es\/115421487231146181","error":""},"_links":{"self":[{"href":"https:\/\/www.europesays.com\/es\/wp-json\/wp\/v2\/posts\/195185","targetHints":{"allow":["GET"]}}],"collection":[{"href":"https:\/\/www.europesays.com\/es\/wp-json\/wp\/v2\/posts"}],"about":[{"href":"https:\/\/www.europesays.com\/es\/wp-json\/wp\/v2\/types\/post"}],"author":[{"embeddable":true,"href":"https:\/\/www.europesays.com\/es\/wp-json\/wp\/v2\/users\/2"}],"replies":[{"embeddable":true,"href":"https:\/\/www.europesays.com\/es\/wp-json\/wp\/v2\/comments?post=195185"}],"version-history":[{"count":0,"href":"https:\/\/www.europesays.com\/es\/wp-json\/wp\/v2\/posts\/195185\/revisions"}],"wp:featuredmedia":[{"embeddable":true,"href":"https:\/\/www.europesays.com\/es\/wp-json\/wp\/v2\/media\/195186"}],"wp:attachment":[{"href":"https:\/\/www.europesays.com\/es\/wp-json\/wp\/v2\/media?parent=195185"}],"wp:term":[{"taxonomy":"category","embeddable":true,"href":"https:\/\/www.europesays.com\/es\/wp-json\/wp\/v2\/categories?post=195185"},{"taxonomy":"post_tag","embeddable":true,"href":"https:\/\/www.europesays.com\/es\/wp-json\/wp\/v2\/tags?post=195185"}],"curies":[{"name":"wp","href":"https:\/\/api.w.org\/{rel}","templated":true}]}}