{"id":195188,"date":"2025-10-23T04:02:15","date_gmt":"2025-10-23T04:02:15","guid":{"rendered":"https:\/\/www.europesays.com\/es\/195188\/"},"modified":"2025-10-23T04:02:15","modified_gmt":"2025-10-23T04:02:15","slug":"muere-a-los-35-anos-el-popular-aficionado-del-manchester-city-guy-bradshaw-en-benidorm","status":"publish","type":"post","link":"https:\/\/www.europesays.com\/es\/195188\/","title":{"rendered":"Muere a los 35 a\u00f1os el popular aficionado del Manchester City Guy Bradshaw en Benidorm"},"content":{"rendered":"<p class=\"c-paragraph\">La tragedia ha golpeado al <a href=\"https:\/\/www.20minutos.es\/tags\/deportes\/manchester-city.html\" title=\"Manchester City\" rel=\"nofollow noopener\" target=\"_blank\">Manchester City<\/a>: <b>uno de sus hinchas m\u00e1s populares, Guy Bradshaw, falleci\u00f3 a los 35 a\u00f1os<\/b> este martes en Benidorm, a donde se hab\u00eda desplazado para el partido que el conjunto ingl\u00e9s disput\u00f3 ante el Villarreal en La Cer\u00e1mica.<\/p>\n<p class=\"c-paragraph\">El <b>cuerpo sin vida del aficionado<\/b>, que hab\u00eda viajado junto a otros fans para vivir la previa del encuentro en Espa\u00f1a, fue <b>hallado en la habitaci\u00f3n de hotel en el que se alojaba <\/b>en la madrugada del lunes al martes, seg\u00fan ha informado el diario brit\u00e1nico Manchester Evening News. Por el momento, <b>se desconocen las causas del fallecimiento<\/b> de Bradshaw.<\/p>\n<p class=\"c-paragraph\">\u00abEstamos profundamente entristecidos por el fallecimiento de Guy Bradshaw, un aficionado del City que <b>muri\u00f3 tr\u00e1gicamente en Espa\u00f1a antes del partido contra el Villarreal anoche<\/b>\u00ab, lament\u00f3 el club citizen a trav\u00e9s de sus redes sociales, en un mensaje en el que extendi\u00f3 \u00absus condolencias a su familia y amigos en estos momentos dif\u00edciles\u00bb.<\/p>\n<p class=\"c-paragraph\">Tambi\u00e9n la entidad groguet ha querido solidarizarse con la tragedia con un mensaje en sus cuentas oficiales en ingl\u00e9s. \u00ab<b>Nuestros pensamientos est\u00e1n con su familia y amigos, y con todos los aficionados<\/b> del Manchester City. Descanse en paz\u00bb, ha expresado.<\/p>\n<p class=\"c-paragraph\">El <b>equipo de Pep Guardiola se llev\u00f3 la victoria de La Cer\u00e1mica<\/b> con un contundente 0-2 gracias a los goles de Erling Haaland y Bernardo Silva, ambos en la primera parte. Un triunfo que sit\u00faa al conjunto mancuniano en la quinta posici\u00f3n en la clasificaci\u00f3n, con siete puntos tras vencer a Villarreal y N\u00e1poles, y empatar con el M\u00f3naco.<\/p>\n","protected":false},"excerpt":{"rendered":"La tragedia ha golpeado al Manchester City: uno de sus hinchas m\u00e1s populares, Guy Bradshaw, falleci\u00f3 a los&hellip;\n","protected":false},"author":2,"featured_media":195189,"comment_status":"","ping_status":"","sticky":false,"template":"","format":"standard","meta":{"footnotes":""},"categories":[93],"tags":[1241,168,25,24,282,54195,2013,23,167,10560],"class_list":{"0":"post-195188","1":"post","2":"type-post","3":"status-publish","4":"format-standard","5":"has-post-thumbnail","7":"category-deportes","8":"tag-champions-league","9":"tag-deportes","10":"tag-es","11":"tag-espana","12":"tag-futbol","13":"tag-guy-bradshaw","14":"tag-manchester-city","15":"tag-spain","16":"tag-sports","17":"tag-villarreal"},"share_on_mastodon":{"url":"https:\/\/pubeurope.com\/@es\/115421494942410125","error":""},"_links":{"self":[{"href":"https:\/\/www.europesays.com\/es\/wp-json\/wp\/v2\/posts\/195188","targetHints":{"allow":["GET"]}}],"collection":[{"href":"https:\/\/www.europesays.com\/es\/wp-json\/wp\/v2\/posts"}],"about":[{"href":"https:\/\/www.europesays.com\/es\/wp-json\/wp\/v2\/types\/post"}],"author":[{"embeddable":true,"href":"https:\/\/www.europesays.com\/es\/wp-json\/wp\/v2\/users\/2"}],"replies":[{"embeddable":true,"href":"https:\/\/www.europesays.com\/es\/wp-json\/wp\/v2\/comments?post=195188"}],"version-history":[{"count":0,"href":"https:\/\/www.europesays.com\/es\/wp-json\/wp\/v2\/posts\/195188\/revisions"}],"wp:featuredmedia":[{"embeddable":true,"href":"https:\/\/www.europesays.com\/es\/wp-json\/wp\/v2\/media\/195189"}],"wp:attachment":[{"href":"https:\/\/www.europesays.com\/es\/wp-json\/wp\/v2\/media?parent=195188"}],"wp:term":[{"taxonomy":"category","embeddable":true,"href":"https:\/\/www.europesays.com\/es\/wp-json\/wp\/v2\/categories?post=195188"},{"taxonomy":"post_tag","embeddable":true,"href":"https:\/\/www.europesays.com\/es\/wp-json\/wp\/v2\/tags?post=195188"}],"curies":[{"name":"wp","href":"https:\/\/api.w.org\/{rel}","templated":true}]}}