{"id":195200,"date":"2025-10-23T04:10:43","date_gmt":"2025-10-23T04:10:43","guid":{"rendered":"https:\/\/www.europesays.com\/es\/195200\/"},"modified":"2025-10-23T04:10:43","modified_gmt":"2025-10-23T04:10:43","slug":"solo-quiero-ser-escuchada-por-la-gente-correcta","status":"publish","type":"post","link":"https:\/\/www.europesays.com\/es\/195200\/","title":{"rendered":"Solo quiero ser escuchada por la gente correcta"},"content":{"rendered":"<p class=\"c-paragraph\">Mucho se ha especulado en los \u00faltimos a\u00f1os sobre la presunta conversi\u00f3n al islam de\u00a0<b>Marina Yers,<\/b> la influencer conocida\u00a0por declaraciones tan impactantes y carentes de fundamento, como que<b> <a href=\"https:\/\/www.20minutos.es\/noticia\/4220205\/0\/marina-yers-desata-la-polemica-en-redes-sociales-por-su-ultima-reflexion-el-agua-deshidrata-mas-de-lo-que-hidrata\/\" title=\"La &#039;influencer&#039; Marina Yers, duramente criticada por su \u00faltima afirmaci\u00f3n: &quot;El agua deshidrata m\u00e1s de lo que hidrata&quot;\" rel=\"nofollow noopener\" target=\"_blank\">\u00abel agua deshidrata\u00bb <\/a><\/b>o que es bueno vomitar para<a href=\"https:\/\/www.20minutos.es\/noticia\/4753427\/0\/criticas-a-la-influencer-marina-yers-por-un-polemico-consejo-me-encanta-vomitar-siento-que-me-limpio-por-dentro\/\" title=\"Cr\u00edticas a la &#039;influencer&#039; Marina Yers por un pol\u00e9mico consejo: &quot;Me encanta vomitar, siento que me limpio por dentro&quot;\" rel=\"nofollow noopener\" target=\"_blank\"> \u00ablimpiarse por dentro\u00bb, <\/a>a ra\u00edz de sus\u00a0<a href=\"https:\/\/www.20minutos.es\/noticia\/4850340\/0\/marina-yers-deja-puerta-abierta-convertirse-islam-lamenta-poder-siria\/\" title=\"Marina Yers deja la puerta abierta a convertirse al islam y lamenta no poder ir a Siria\" rel=\"nofollow noopener\" target=\"_blank\">nefastas experiencia con el alcohol (y el amor)<\/a>\u00a0que document\u00f3 en sus redes sociales.<\/p>\n<p class=\"c-paragraph\">Sin embargo, al margen de contadas apariciones p\u00fablicas<b> llevando un hiyab,<\/b> muchas de ellas envueltas en la pol\u00e9mica, Yers ha optado por mantener un perfil m\u00e1s bajo respecto a su acercamiento a la religi\u00f3n musulmana, centr\u00e1ndose en dar \u00abconsejos\u00bb orientados a llevar un estilo de vida m\u00e1s modesto,<b>\u00a0<\/b><b>a vestir con recato,<\/b>\u00a0a desvincularse de la cultura de la \u00abproductividad\u00bb en redes y a exaltar las virtudes del matrimonio.<\/p>\n<p class=\"c-paragraph\">Esta nueva etapa vital de la controvertida influencer, marcada por la fe y su residencia actual en Bali, habr\u00eda vuelto a situarle en el punto de mira despu\u00e9s de que Fley, una popular cuenta de &#8216;salseo&#8217; en X, difundiese la reciente creaci\u00f3n de una \u00absecreta\u00bb<b> cuenta paralela<\/b> en la que Marina se hac\u00eda eco de su dif\u00edcil proceso de conversi\u00f3n del catolicismo al islam.<\/p>\n<p class=\"c-paragraph\">Ataviada con un hiyab y expres\u00e1ndose en ingl\u00e9s, Marina Yers, que cuenta con m\u00e1s de 1,3 millones de seguidores en Instagram y cerca de 330.000 en TikTok en sus perfiles oficiales a\u00fan activos, confes\u00f3 que, a d\u00eda de hoy, se siente<b> \u00abdesconectada\u00bb de la audiencia <\/b>que hab\u00eda atra\u00eddo hasta ahora, ya que esta habr\u00eda rechazado su nueva vida como mujer musulmana, tach\u00e1ndola de \u00abloca\u00bb y \u00absilenciando\u00bb e ignorando sus creencias.\u00a0<\/p>\n<p class=\"c-paragraph\">\u00ab&#8216;Est\u00e1 en una secta&#8217; o<b> &#8216;ha perdido la cabeza&#8217;, <\/b>dec\u00edan\u00bb, se\u00f1alaba Yers, quien, lejos de aceptar tales acusaciones, concluy\u00f3 que tan solo ha \u00abencontrado a Dios\u00bb. A pesar de ello, este odio tan \u00abviolento y agotador\u00bb que asegura recibir por su religi\u00f3n le habr\u00eda llevado a dejar de utilizar el hiyab, algo que le gustar\u00eda hacer de forma recurrente.<\/p>\n<p class=\"c-paragraph\">Por ello, la creadora de contenido decidi\u00f3 acogerse a la <b>istikhara, <\/b>una poderosa oraci\u00f3n que los musulmanes realizan \u00abpara guiar nuestros pasos cuando estamos asustados, perdidos o inseguros\u00bb.<b> \u00abLo hago muy a menudo,<\/b> honestamente, porque en el fondo s\u00e9 que \u00c9l es quien mejor sabe\u00bb, admiti\u00f3 Yers en su v\u00eddeo.<\/p>\n<p class=\"c-paragraph\">A trav\u00e9s de esta s\u00faplica, la influencer pretende abrir una nueva etapa vinculada a su radical cambio de vida.<b> \u00abSolo quiero ser escuchada, pero esta vez por la gente correcta, aquella que entiende que la fe no es un signo de debilidad, <\/b>sino de fortaleza\u00bb, concluy\u00f3.<\/p>\n","protected":false},"excerpt":{"rendered":"Mucho se ha especulado en los \u00faltimos a\u00f1os sobre la presunta conversi\u00f3n al islam de\u00a0Marina Yers, la influencer&hellip;\n","protected":false},"author":2,"featured_media":195201,"comment_status":"","ping_status":"","sticky":false,"template":"","format":"standard","meta":{"footnotes":""},"categories":[5],"tags":[17,18,7556,25,24,13,14,11,19,20,4911,9,10,15,16,7958,23,12,21,22,2606,54197],"class_list":{"0":"post-195200","1":"post","2":"type-post","3":"status-publish","4":"format-standard","5":"has-post-thumbnail","7":"category-titulares","8":"tag-breaking-news","9":"tag-breakingnews","10":"tag-cambio","11":"tag-es","12":"tag-espana","13":"tag-featured-news","14":"tag-featurednews","15":"tag-headlines","16":"tag-latest-news","17":"tag-latestnews","18":"tag-marina","19":"tag-news","20":"tag-noticias","21":"tag-noticias-destacadas","22":"tag-noticiasdestacadas","23":"tag-radical","24":"tag-spain","25":"tag-titulares","26":"tag-ultimas-noticias","27":"tag-ultimasnoticias","28":"tag-vida","29":"tag-yers"},"share_on_mastodon":{"url":"https:\/\/pubeurope.com\/@es\/115421526441566470","error":""},"_links":{"self":[{"href":"https:\/\/www.europesays.com\/es\/wp-json\/wp\/v2\/posts\/195200","targetHints":{"allow":["GET"]}}],"collection":[{"href":"https:\/\/www.europesays.com\/es\/wp-json\/wp\/v2\/posts"}],"about":[{"href":"https:\/\/www.europesays.com\/es\/wp-json\/wp\/v2\/types\/post"}],"author":[{"embeddable":true,"href":"https:\/\/www.europesays.com\/es\/wp-json\/wp\/v2\/users\/2"}],"replies":[{"embeddable":true,"href":"https:\/\/www.europesays.com\/es\/wp-json\/wp\/v2\/comments?post=195200"}],"version-history":[{"count":0,"href":"https:\/\/www.europesays.com\/es\/wp-json\/wp\/v2\/posts\/195200\/revisions"}],"wp:featuredmedia":[{"embeddable":true,"href":"https:\/\/www.europesays.com\/es\/wp-json\/wp\/v2\/media\/195201"}],"wp:attachment":[{"href":"https:\/\/www.europesays.com\/es\/wp-json\/wp\/v2\/media?parent=195200"}],"wp:term":[{"taxonomy":"category","embeddable":true,"href":"https:\/\/www.europesays.com\/es\/wp-json\/wp\/v2\/categories?post=195200"},{"taxonomy":"post_tag","embeddable":true,"href":"https:\/\/www.europesays.com\/es\/wp-json\/wp\/v2\/tags?post=195200"}],"curies":[{"name":"wp","href":"https:\/\/api.w.org\/{rel}","templated":true}]}}