{"id":195202,"date":"2025-10-23T04:11:08","date_gmt":"2025-10-23T04:11:08","guid":{"rendered":"https:\/\/www.europesays.com\/es\/195202\/"},"modified":"2025-10-23T04:11:08","modified_gmt":"2025-10-23T04:11:08","slug":"el-bueu-atletico-pasa-por-el-divan","status":"publish","type":"post","link":"https:\/\/www.europesays.com\/es\/195202\/","title":{"rendered":"El Bueu Atl\u00e9tico pasa por el div\u00e1n"},"content":{"rendered":"<p class=\"ft-text ft-helper-closenews\">El <strong>factor mental es la principal clave<\/strong> a la que apunta el entrenador del<strong> Bueu Atl\u00e9tico, Luis Montes,<\/strong> para explicar el irregular comienzo de temporada de su equipo, <strong>decimotercero en la clasificaci\u00f3n <\/strong>de la Primera Nacional con solo <strong>tres puntos en el casillero y uno sobre el descenso<\/strong>. La escuadra buenense encadena <strong>cuatro derrotas consecutivas<\/strong> y en poco se parece a la que sorprendi\u00f3 el a\u00f1o pasado llegando a pugnar por los puestos que daban derecho a jugar la promoci\u00f3n de ascenso a la Divisi\u00f3n de Honor Plata.<\/p>\n<p class=\"ft-text\"><strong>\u00abTodo lo que iba bien el a\u00f1o pasado va mal en este\u00bb,<\/strong> resume el preparador vigu\u00e9s, que ejemplifica la situaci\u00f3n que est\u00e1n viviendo los suyos en el \u00faltimo partido ante el Granitos Ib\u00e9ricos. \u00abPerdimos en una pista complicada, y detalles que ca\u00edan de tu lado antes ahora lo hacen del lado del rival\u00bb, explica. La fotograf\u00eda m\u00e1s clara de lo que dice fue la de los siete metros. <strong>\u00abFallamos siete lanzamientos de penalti y jugamos muy mal los balones clave.<\/strong> En la primera parte tuvimos cinco opciones para empatar y fallamos todas. Y en la segunda tambi\u00e9n erramos las que ten\u00edamos para engancharnos al marcador\u00bb, manifiesta. Los errores en los siete metros son <strong>a\u00fan m\u00e1s incomprensibles si se tiene en cuenta la calidad de los lanzadores:<\/strong> \u00abJos\u00e9, que era nuestro especialista, fall\u00f3 dos; Diego, que era el especialista en el Nov\u00e1s en Plata, otros dos\u00bb, recuerda Montes. A ellos se unieron otros habituales en esta suerte como Roque o G\u00e1ndara.<\/p>\n<p>Descenso de acierto en la porter\u00eda<\/p>\n<p class=\"ft-text\">\u00abTengo claro que<strong> es una cuesti\u00f3n mental, porque esos errores los cometen jugadores experimentados que no suelen tenerlos<\/strong>. Esas acciones son m\u00e1s psicol\u00f3gicas que balonman\u00edsticas\u00bb, resume el entrenador del cuadro buenense. Y es que en su an\u00e1lisis de las cifras, Montes no encuentra grandes variaciones en la mayor\u00eda de apartados. \u00abEl porcentaje de acierto est\u00e1 siendo m\u00e1s o menos el mismo que el del a\u00f1o pasado, nos pasa igual con las p\u00e9rdidas, y andamos por las 65-70 posesiones por partido, que es un ritmo que nos favorece\u00bb, explica. El apartado en el que s\u00ed se nota un descenso es el de<strong> la porter\u00eda. \u00abAh\u00ed est\u00e1bamos por encima del 30 por ciento y hemos bajado hasta el 24\u00bb,<\/strong> dice. La p\u00e9rdida de un referente como Dani Fern\u00e1ndez no se ha visto compensada con ning\u00fan fichaje, y la responsabilidad ha ca\u00eddo en jugadores muy j\u00f3venes como Julio (22 a\u00f1os), Hugo (20) y Ra\u00fal (22).<\/p>\n<p class=\"ft-text\">Lo cierto es que el inicio de Liga de los buenenses fue bueno, con<strong> victoria ante el G\u00e1ldar y un gran partido en Lal\u00edn solo empa\u00f1ado por los \u00faltimos dos minutos,<\/strong> en los que un parcial de 0-4 provoc\u00f3 el empate. \u00abEso nos gener\u00f3 muchas dudas. El d\u00eda del Nov\u00e1s estamos enganchados 40 minutos y a partir de ah\u00ed lleg\u00f3 la din\u00e1mica negativa\u00bb, asegura Luis Montes.<\/p>\n<p class=\"ft-text\">El t\u00e9cnico no entra a valorar la delicada situaci\u00f3n clasificatoria, \u00abporque<strong> es anecd\u00f3tica como m\u00ednimo hasta que pase un tercio de Liga. Lo era el a\u00f1o pasado cuando \u00edbamos segundos y tambi\u00e9n lo es ahora\u00bb<\/strong>. Tambi\u00e9n hay que tener en cuenta el peliagudo calendario que han tenido los de O Morrazo, con rivales de la zona alta como Nov\u00e1s, Ingenio, Granitos Ib\u00e9ricos o incluso G\u00e1ldar. \u00abEl <strong>\u00fanico partido que no debimos perder fue el de Culleredo,<\/strong> y no por menospreciarlos a ellos, sino porque era en nuestra casa. Si es all\u00ed vale, porque es un equipo que est\u00e1 creciendo mucho. Ese duelo nos hizo da\u00f1o a nivel mental\u00bb, reconoce.<\/p>\n<p class=\"ft-text\">Ahora el Bueu Atl\u00e9tico afronta <strong>dos duelos clave frente a Xiria y Porri\u00f1o<\/strong> antes de sendas nuevas visitas al dentista encarnadas en los partidos ante Teucro y Lanzarote. \u00abEl Xiria es otro equipo que en su casa es muy dif\u00edcil, pero que <strong>aqu\u00ed tenemos que ganar. Hay que hacerlo como sea, pero sin ansiedad para salir de este bloqueo mental\u00bb, <\/strong>sentencia.<\/p>\n<p data-close=\"closedContent\" class=\"subscribeHideForDisplay\">Suscr\u00edbete para seguir leyendo<\/p>\n","protected":false},"excerpt":{"rendered":"El factor mental es la principal clave a la que apunta el entrenador del Bueu Atl\u00e9tico, Luis Montes,&hellip;\n","protected":false},"author":2,"featured_media":195203,"comment_status":"","ping_status":"","sticky":false,"template":"","format":"standard","meta":{"footnotes":""},"categories":[278],"tags":[376,26293,168,25,24,375,43636,11326,23,167],"class_list":{"0":"post-195202","1":"post","2":"type-post","3":"status-publish","4":"format-standard","5":"has-post-thumbnail","7":"category-balonmano","8":"tag-balonmano","9":"tag-bueu-atletico","10":"tag-deportes","11":"tag-es","12":"tag-espana","13":"tag-handball","14":"tag-luis-montes","15":"tag-primera-nacional-balonmano","16":"tag-spain","17":"tag-sports"},"share_on_mastodon":{"url":"https:\/\/pubeurope.com\/@es\/115421530187708691","error":""},"_links":{"self":[{"href":"https:\/\/www.europesays.com\/es\/wp-json\/wp\/v2\/posts\/195202","targetHints":{"allow":["GET"]}}],"collection":[{"href":"https:\/\/www.europesays.com\/es\/wp-json\/wp\/v2\/posts"}],"about":[{"href":"https:\/\/www.europesays.com\/es\/wp-json\/wp\/v2\/types\/post"}],"author":[{"embeddable":true,"href":"https:\/\/www.europesays.com\/es\/wp-json\/wp\/v2\/users\/2"}],"replies":[{"embeddable":true,"href":"https:\/\/www.europesays.com\/es\/wp-json\/wp\/v2\/comments?post=195202"}],"version-history":[{"count":0,"href":"https:\/\/www.europesays.com\/es\/wp-json\/wp\/v2\/posts\/195202\/revisions"}],"wp:featuredmedia":[{"embeddable":true,"href":"https:\/\/www.europesays.com\/es\/wp-json\/wp\/v2\/media\/195203"}],"wp:attachment":[{"href":"https:\/\/www.europesays.com\/es\/wp-json\/wp\/v2\/media?parent=195202"}],"wp:term":[{"taxonomy":"category","embeddable":true,"href":"https:\/\/www.europesays.com\/es\/wp-json\/wp\/v2\/categories?post=195202"},{"taxonomy":"post_tag","embeddable":true,"href":"https:\/\/www.europesays.com\/es\/wp-json\/wp\/v2\/tags?post=195202"}],"curies":[{"name":"wp","href":"https:\/\/api.w.org\/{rel}","templated":true}]}}