{"id":195204,"date":"2025-10-23T04:13:27","date_gmt":"2025-10-23T04:13:27","guid":{"rendered":"https:\/\/www.europesays.com\/es\/195204\/"},"modified":"2025-10-23T04:13:27","modified_gmt":"2025-10-23T04:13:27","slug":"la-estrella-de-ufc-afirma-que-fue-golpeada-en-la-calle-en-montreal-por-una-extrana-razon-2","status":"publish","type":"post","link":"https:\/\/www.europesays.com\/es\/195204\/","title":{"rendered":"La estrella de UFC afirma que fue \u201cgolpeada en la calle\u201d en Montreal por una extra\u00f1a raz\u00f3n"},"content":{"rendered":"<p> Publicado por:     20:39 EDT, 22 de octubre de 2025      |  Actualizado:     20:40 EDT, 22 de octubre de 2025  <\/p>\n<p class=\"mol-para-with-font\">Una estrella de UFC afirma que lo golpearon en las calles de Montreal porque no hablaba franc\u00e9s.<\/p>\n<p class=\"mol-para-with-font\">Arnold Allen, de 31 a\u00f1os, recurri\u00f3 a las redes sociales para compartir la actualizaci\u00f3n con sus seguidores, pero qued\u00f3 con varios cortes y moretones recientes en la cara y el cuello.<\/p>\n<p class=\"mol-para-with-font\">El luchador brit\u00e1nico explic\u00f3 que actualmente se encuentra entrenando en Canad\u00e1 y durante su estancia all\u00ed enfrent\u00f3 la incapacidad de hablar el idioma.<\/p>\n<p class=\"mol-para-with-font\">Al explicar el incidente, dijo: \u201cS\u00ed, tenemos una configuraci\u00f3n diferente en este momento\u201d.<\/p>\n<p class=\"mol-para-with-font\">\u201cActualmente estoy en Montreal entrenando y me echaron a la calle porque no hablo franc\u00e9s.<\/p>\n<p class=\"mol-para-with-font\">Continu\u00f3: \u2018Salt\u00e9 porque s\u00ed, no hablaba franc\u00e9s. Eso es lo que son los moretones. No te preocupes por eso\u2019.<\/p>\n<p class=\"imageCaption\">La estrella de UFC Arnold Allen dice que recientemente fue golpeado en las calles de Montreal<\/p>\n<p> <img data-lazyloaded=\"1\" decoding=\"async\" id=\"i-d9bd9c102bd56bf2\" src=\"https:\/\/www.europesays.com\/es\/wp-content\/uploads\/2025\/10\/103235663-15218535-image-a-2_1761179663589.jpg\" height=\"423\" width=\"634\" alt=\"Allen, que tiene 23 peleas de MMA, afirma que fue atacado por \" no=\"\" hablar=\"\" franc=\"\" class=\"blkBorder img-share\" style=\"max-width:100%\" loading=\"lazy\"\/><\/p>\n<p class=\"imageCaption\">Allen, que tiene 23 peleas de MMA, afirma que fue atacado por \u201cno hablar franc\u00e9s\u201d<\/p>\n<p class=\"mol-para-with-font\">El hombre de 31 a\u00f1os, conocido como \u2018Todopoderoso\u2019, no comparti\u00f3 muchos detalles sobre cu\u00e1ndo o d\u00f3nde tuvo lugar el altercado, pero pareci\u00f3 tomarse la situaci\u00f3n con calma.<\/p>\n<p class=\"mol-para-with-font\">El conocimiento del historial perfecto de Allen dentro de la jaula hace que la noticia sea a\u00fan m\u00e1s impactante.<\/p>\n<p class=\"mol-para-with-font\">La estrella brit\u00e1nica ha tenido 23 peleas a lo largo de su carrera en MMA y solo ha perdido en tres ocasiones. Dos de esas derrotas se produjeron en los \u00faltimos dos a\u00f1os.<\/p>\n<p class=\"mol-para-with-font\">Su primera derrota en MMA se produjo en 2014, antes de su paso por UFC, antes de que Allen lograra una impresionante racha ganadora de 12 peleas hasta que se enfrentara a Max Holloway en abril de 2023.<\/p>\n<p class=\"mol-para-with-font\">Allen sufri\u00f3 una derrota por decisi\u00f3n un\u00e1nime contra la leyenda de UFC antes de regresar al oct\u00e1gono para pelear contra Movsar Evlov en enero de 2024 de la misma manera.<\/p>\n<p class=\"mol-para-with-font\">Sin embargo, Allen volvi\u00f3 a la senda del triunfo despu\u00e9s de derrotar a Giga Chikadze por decisi\u00f3n un\u00e1nime en Manchester, Inglaterra, en julio del a\u00f1o pasado.<\/p>\n<p class=\"mol-para-with-font\">En diciembre de 2016, Allen recibi\u00f3 una sentencia de prisi\u00f3n suspendida de cinco meses despu\u00e9s de estar involucrado en una pelea en un bar de borrachos en Ipswich, Inglaterra.<\/p>\n<p> <img data-lazyloaded=\"1\" decoding=\"async\" id=\"i-b2d69dcb57e8b449\" src=\"https:\/\/www.europesays.com\/es\/wp-content\/uploads\/2025\/10\/103235615-15218535-image-a-3_1761179665460.jpg\" height=\"423\" width=\"634\" alt=\"Allen ha peleado contra algunos de los nombres m\u00e1s importantes de UFC, incluido Max Holloway (izquierda).\" class=\"blkBorder img-share\" style=\"max-width:100%\" loading=\"lazy\"\/><\/p>\n<p class=\"imageCaption\">Allen ha peleado contra algunos de los nombres m\u00e1s importantes de UFC, incluido Max Holloway (izquierda).<\/p>\n<p class=\"mol-para-with-font\">Allen se declar\u00f3 culpable de delito grave o pelea p\u00fablica, pero evit\u00f3 ir a la c\u00e1rcel. Tambi\u00e9n se le orden\u00f3 pagar 4.200 d\u00f3lares en restituci\u00f3n a las v\u00edctimas involucradas.<\/p>\n<p class=\"mol-para-with-font\">un tipo <a style=\"font-weight: bold;\" target=\"_blank\" class=\"class\" rel=\"nofollow noopener\" href=\"https:\/\/www.espn.com\/mma\/story\/_\/id\/19635085\/ufc-prospect-arnold-allen-pleads-guilty-public-fighting-avoids-jail\">ESPN <\/a>Seg\u00fan los informes, Allen estaba borracho en ese momento y estuvo involucrado en el altercado en un intento de \u201cproteger a su novia\u201d.<\/p>\n<p class=\"mol-para-with-font\">Seg\u00fan el informe, el due\u00f1o del bar testific\u00f3 que Allen la hab\u00eda agredido esa misma noche.<\/p>\n<p>Comparta o comente este art\u00edculo: La estrella de UFC afirma que fue \u2018golpeada en la calle\u2019 en Montreal por una extra\u00f1a raz\u00f3n<\/p>\n","protected":false},"excerpt":{"rendered":"Publicado por: 20:39 EDT, 22 de octubre de 2025 | Actualizado: 20:40 EDT, 22 de octubre de 2025&hellip;\n","protected":false},"author":2,"featured_media":194929,"comment_status":"","ping_status":"","sticky":false,"template":"","format":"standard","meta":{"footnotes":""},"categories":[276],"tags":[168,25,24,23,167,343],"class_list":{"0":"post-195204","1":"post","2":"type-post","3":"status-publish","4":"format-standard","5":"has-post-thumbnail","7":"category-ufc","8":"tag-deportes","9":"tag-es","10":"tag-espana","11":"tag-spain","12":"tag-sports","13":"tag-ufc"},"share_on_mastodon":{"url":"https:\/\/pubeurope.com\/@es\/115421538382548544","error":""},"_links":{"self":[{"href":"https:\/\/www.europesays.com\/es\/wp-json\/wp\/v2\/posts\/195204","targetHints":{"allow":["GET"]}}],"collection":[{"href":"https:\/\/www.europesays.com\/es\/wp-json\/wp\/v2\/posts"}],"about":[{"href":"https:\/\/www.europesays.com\/es\/wp-json\/wp\/v2\/types\/post"}],"author":[{"embeddable":true,"href":"https:\/\/www.europesays.com\/es\/wp-json\/wp\/v2\/users\/2"}],"replies":[{"embeddable":true,"href":"https:\/\/www.europesays.com\/es\/wp-json\/wp\/v2\/comments?post=195204"}],"version-history":[{"count":0,"href":"https:\/\/www.europesays.com\/es\/wp-json\/wp\/v2\/posts\/195204\/revisions"}],"wp:featuredmedia":[{"embeddable":true,"href":"https:\/\/www.europesays.com\/es\/wp-json\/wp\/v2\/media\/194929"}],"wp:attachment":[{"href":"https:\/\/www.europesays.com\/es\/wp-json\/wp\/v2\/media?parent=195204"}],"wp:term":[{"taxonomy":"category","embeddable":true,"href":"https:\/\/www.europesays.com\/es\/wp-json\/wp\/v2\/categories?post=195204"},{"taxonomy":"post_tag","embeddable":true,"href":"https:\/\/www.europesays.com\/es\/wp-json\/wp\/v2\/tags?post=195204"}],"curies":[{"name":"wp","href":"https:\/\/api.w.org\/{rel}","templated":true}]}}