{"id":195209,"date":"2025-10-23T04:19:08","date_gmt":"2025-10-23T04:19:08","guid":{"rendered":"https:\/\/www.europesays.com\/es\/195209\/"},"modified":"2025-10-23T04:19:08","modified_gmt":"2025-10-23T04:19:08","slug":"116-partidos-en-exclusiva-pero-sin-incluir-la-final","status":"publish","type":"post","link":"https:\/\/www.europesays.com\/es\/195209\/","title":{"rendered":"116 partidos en exclusiva&#8230; pero sin incluir la final"},"content":{"rendered":"<p class=\"article-text\">\n        <strong>RTVE <\/strong>ha adquirido los derechos de la <strong>Copa del Rey<\/strong> de f\u00fatbol. Tras analizar las diferentes ofertas recibidas, <strong>LaLiga <\/strong>ha adjudicado a la cadena p\u00fablica el lote m\u00e1s importante de cuantos estaban en juego, compuesto por 116 partidos. Sin embargo, <strong>entre ellos no est\u00e1n la final del torneo y los encuentros de la fase previa<\/strong>.\n    <\/p>\n<p>    <a href=\"https:\/\/www.eldiario.es\/vertele\/noticias\/cuanto-concurso-eva-soriano-anibal-gomez-cancelado-rtve-despedida-ultimo-programa_1_12706697.html\" data-mrf-recirculation=\"saber-mas\" data-dl-event=\"saber-mas\" rel=\"nofollow noopener\" target=\"_blank\"><\/p>\n<p class=\"know-more__title\">El equipo de &#8216;Cu\u00e1nto, cu\u00e1nto, cu\u00e1nto&#8217; se despide de la audiencia tras su cancelaci\u00f3n: \u00abNos han chutao\u00bb<\/p>\n<p>            <img decoding=\"async\" class=\"lazy\" loading=\"lazy\" data-src=\"https:\/\/static.eldiario.es\/clip\/f61cd867-0696-4b50-84d8-e311391b5bff_16-9-aspect-ratio_default_0.jpg\" src=\"data:image\/svg+xml,%3Csvg xmlns=\" http:=\"\" viewbox=\"0 0 880 495\" alt=\"El equipo de 'Cu\u00e1nto, cu\u00e1nto, cu\u00e1nto' se despide de la audiencia tras su cancelaci\u00f3n: &quot;Nos han chutao&quot;\"\/><\/p>\n<p>                        <\/a><\/p>\n<p class=\"article-text\">\n        RTVE tendr\u00e1 libertad para negociar<strong> si algunos de estos eventos se emiten en las plataformas de pago<\/strong>. Todav\u00eda no se han compercializado los lotes de la fase previa, los res\u00famenes de los partidos y la horeca, que se ofrecer\u00e1n en r\u00e9gimen de no exclusividad.\n    <\/p>\n<p class=\"article-text\">\n        La Real Federaci\u00f3n Espa\u00f1ola de F\u00fatbol (RFEF) encarg\u00f3 este proceso de adjudicaci\u00f3n a LaLiga, quien ha conseguido un <strong>incremento del 15% en el valor de los derechos de la Copa del Rey<\/strong>.\n    <\/p>\n<p>    <a href=\"https:\/\/www.eldiario.es\/vertele\/analisis\/rtve-la-revuelta-rentabiliza-exito-broncano-nuevas-tarifas-patrocinar-alcanzan-165-000-euros_1_12698993.html\" data-mrf-recirculation=\"saber-mas-abajo\" data-dl-event=\"saber-mas-abajo\" rel=\"nofollow noopener\" target=\"_blank\"><\/p>\n<p class=\"know-more__title\">RTVE rentabiliza el \u00e9xito de Broncano: las nuevas tarifas para patrocinar &#8216;La Revuelta&#8217; alcanzan los 165.000 euros<\/p>\n<p>            <img decoding=\"async\" class=\"lazy\" loading=\"lazy\" data-src=\"https:\/\/static.eldiario.es\/clip\/ee283cb9-6e66-4bbd-916b-f50589973622_16-9-aspect-ratio_default_0.jpg\" src=\"data:image\/svg+xml,%3Csvg xmlns=\" http:=\"\" viewbox=\"0 0 880 495\" alt=\"RTVE rentabiliza el \u00e9xito de Broncano: las nuevas tarifas para patrocinar 'La Revuelta' alcanzan los 165.000 euros\"\/><\/p>\n<p>                        <\/a><\/p>\n<p class=\"article-text\">\n        Dicha subasta no inclu\u00eda la final de la competici\u00f3n, as\u00ed que el partido m\u00e1s importante de todos, para el que se realizar\u00e1 un concurso en solitario, est\u00e1 a la espera de encontrar una ventana de emisi\u00f3n.\n    <\/p>\n","protected":false},"excerpt":{"rendered":"RTVE ha adquirido los derechos de la Copa del Rey de f\u00fatbol. Tras analizar las diferentes ofertas recibidas,&hellip;\n","protected":false},"author":2,"featured_media":195210,"comment_status":"","ping_status":"","sticky":false,"template":"","format":"standard","meta":{"footnotes":""},"categories":[268],"tags":[54203,2493,168,7743,25,24,4621,1058,280,282,39570,6758,5330,518,281,23,167],"class_list":{"0":"post-195209","1":"post","2":"type-post","3":"status-publish","4":"format-standard","5":"has-post-thumbnail","7":"category-futbol","8":"tag-54203","9":"tag-copa","10":"tag-deportes","11":"tag-derechos","12":"tag-es","13":"tag-espana","14":"tag-exclusiva","15":"tag-final","16":"tag-football","17":"tag-futbol","18":"tag-incluir","19":"tag-partidos","20":"tag-rey","21":"tag-rtve","22":"tag-soccer","23":"tag-spain","24":"tag-sports"},"share_on_mastodon":{"url":"https:\/\/pubeurope.com\/@es\/115421561877927493","error":""},"_links":{"self":[{"href":"https:\/\/www.europesays.com\/es\/wp-json\/wp\/v2\/posts\/195209","targetHints":{"allow":["GET"]}}],"collection":[{"href":"https:\/\/www.europesays.com\/es\/wp-json\/wp\/v2\/posts"}],"about":[{"href":"https:\/\/www.europesays.com\/es\/wp-json\/wp\/v2\/types\/post"}],"author":[{"embeddable":true,"href":"https:\/\/www.europesays.com\/es\/wp-json\/wp\/v2\/users\/2"}],"replies":[{"embeddable":true,"href":"https:\/\/www.europesays.com\/es\/wp-json\/wp\/v2\/comments?post=195209"}],"version-history":[{"count":0,"href":"https:\/\/www.europesays.com\/es\/wp-json\/wp\/v2\/posts\/195209\/revisions"}],"wp:featuredmedia":[{"embeddable":true,"href":"https:\/\/www.europesays.com\/es\/wp-json\/wp\/v2\/media\/195210"}],"wp:attachment":[{"href":"https:\/\/www.europesays.com\/es\/wp-json\/wp\/v2\/media?parent=195209"}],"wp:term":[{"taxonomy":"category","embeddable":true,"href":"https:\/\/www.europesays.com\/es\/wp-json\/wp\/v2\/categories?post=195209"},{"taxonomy":"post_tag","embeddable":true,"href":"https:\/\/www.europesays.com\/es\/wp-json\/wp\/v2\/tags?post=195209"}],"curies":[{"name":"wp","href":"https:\/\/api.w.org\/{rel}","templated":true}]}}