{"id":19521,"date":"2025-08-01T23:15:10","date_gmt":"2025-08-01T23:15:10","guid":{"rendered":"https:\/\/www.europesays.com\/es\/19521\/"},"modified":"2025-08-01T23:15:10","modified_gmt":"2025-08-01T23:15:10","slug":"rafa-muniz-vuelve-a-mediaset-para-dirigir-en-boca-de-todos-despues-de-su-paso-como-director-en-malas-lenguas","status":"publish","type":"post","link":"https:\/\/www.europesays.com\/es\/19521\/","title":{"rendered":"Rafa Mu\u00f1iz vuelve a Mediaset para dirigir &#8216;En boca de todos&#8217; despu\u00e9s de su paso como director en &#8216;Malas lenguas&#8217;"},"content":{"rendered":"<p>Hace tan solo unos meses, <a href=\"https:\/\/www.elespanol.com\/bluper\/20250703\/ana-rosa-quintana-duele-periodistas-no-respeten-resto-companeros-piensan-distinto\/1003743832497_0.html?utm_cmp_rs=linksinline\" rel=\"nofollow noopener\" target=\"_blank\">Televisi\u00f3n Espa\u00f1ola sorprendi\u00f3 al fichar al director de El programa de Ana Rosa <\/a>para liderar la nueva etapa de Ma\u00f1aneros 360, con Javier Ruiz al frente. Ahora,<strong> Mediaset ha tomado la delantera al incorporar a Rafa Mu\u00f1iz,<\/strong> antiguo director de Malas lenguas, el programa de Jes\u00fas Cintora.<\/p>\n<p><a href=\"https:\/\/www.elespanol.com\/bluper\/20250724\/boca-ficha-noelia-nunez-colaboradora-dimision-estrenaba-ayer-no-pudo\/1003743861178_0.html?utm_cmp_rs=linksinline\" rel=\"nofollow noopener\" target=\"_blank\">Mu\u00f1iz se incorpora al equipo de En boca de todos<\/a>, el formato de Cuatro que presenta Nacho Abad. Y es que ha experimentado \u00faltimamente un gran ascenso en sus audiencias, l<strong>legando a alcanzar este jueves, 31 de julio, un 8&#8217;9% de share.<\/strong> Un r\u00e9cord hist\u00f3rico con el que ha superando en casi dos puntos a Al rojo vivo.<\/p>\n<p>Mediaset toma una apuesta segura con uno de los directores de Malas lenguas, despu\u00e9s del gran \u00e9xito del programa de actualidad, <strong>que se emite en dos bloques distintos, el primero durante la sobremesa en La 1 y el segundo a partir de las 19 horas en La 2.<\/strong><\/p>\n<p><img loading=\"lazy\" decoding=\"async\" alt=\"Pedro S\u00e1nchez y Nacho Abad.\" height=\"180\" src=\"https:\/\/www.europesays.com\/es\/wp-content\/uploads\/2025\/08\/1003743841009_257156730_320x180.jpg\" width=\"320\" data-lazy-status=\"processed\" data-lazy-info=\"remove loading item 1\"\/><\/p>\n<p>Tras cuatro meses al mando del programa de Jes\u00fas Cintora,<strong> Rafa Mu\u00f1iz ha dado el salto a Mediaset y regresa a Cuatro,<\/strong> donde ya trabaj\u00f3 anteriormente. Esta vez lo hace como director, tras la reciente salida de Antonio Montilla.<\/p>\n<p>Despu\u00e9s de la salida de Mu\u00f1iz,<strong> Jes\u00fas Cintora asumi\u00f3 la direcci\u00f3n en solitario de Malas lenguas,<\/strong> con la supervisi\u00f3n ejecutiva de Ana Bravo, que forma parte de la Corporaci\u00f3n. En los \u00faltimos d\u00edas, Carlos Ar\u00e9valo, conocido por su trabajo en Todo es mentira, 120 minutos y Las cosas claras, se ha sumado como codirector.<\/p>\n<p><img decoding=\"async\" alt=\"Jes\u00fas Cintora, presentador de 'Malas lenguas'.\" height=\"180\" loading=\"lazy\" width=\"320\" data-lazy-status=\"processed\" id=\"f3020c3fe4\" src=\"https:\/\/www.elespanol.com\/bluper\/20250801\/rafa-muniz-vuelve-mediaset-dirigir-boca-despues-paso-director-malas-lenguas\/[\" https:=\"\" data-lazy-info=\"changed src\"\/><\/p>\n<p>Trayectoria<\/p>\n<p>Rafa Mu\u00f1iz cuenta con<strong> una d\u00e9cada de experiencia en distintos medios de comunicaci\u00f3n<\/strong>, tanto de radio como de televisi\u00f3n. Comenz\u00f3 como <strong>redactor en Radio Intereconom\u00eda,<\/strong> pas\u00f3 por Aqu\u00ed en Madrid en Telemadrid y la <strong>Cadena SER en programas de gran relevancia como Hoy por hoy y Matinal SER.<\/strong><\/p>\n<p>\u00a0<\/p>\n<p>Su especializaci\u00f3n en actualidad y pol\u00edtica se consolid\u00f3 en 2020, cuando<strong> fue codirector de Las cosas claras, conducido tambi\u00e9n por Jes\u00fas Cintora,<\/strong> y luego en Mejor contigo con Ion Aramendi.<\/p>\n<p>\u00a0<\/p>\n<p>Tras un corto periodo en En boca de todos<strong>, regres\u00f3 a TVE como coordinador de La hora de La 1 entre 2022 y 2023<\/strong>. Posteriormente, se integr\u00f3 en Ma\u00f1aneros primero como coordinador, luego subdirector y codirector, antes de su paso por Malas lenguas.\u00a0<\/p>\n<p>\u00a0<\/p>\n<p>Actualmente, <strong>Mu\u00f1iz ha regresado a la que ya fue una vez su casa para liderar el equipo del programa que presenta Nacho Abad<\/strong> y que ha demostrado ir en ascenso.<\/p>\n","protected":false},"excerpt":{"rendered":"Hace tan solo unos meses, Televisi\u00f3n Espa\u00f1ola sorprendi\u00f3 al fichar al director de El programa de Ana Rosa&hellip;\n","protected":false},"author":2,"featured_media":19522,"comment_status":"","ping_status":"","sticky":false,"template":"","format":"standard","meta":{"footnotes":""},"categories":[91],"tags":[1535,146,147,25,24,11945,10807,23,807],"class_list":{"0":"post-19521","1":"post","2":"type-post","3":"status-publish","4":"format-standard","5":"has-post-thumbnail","7":"category-entretenimiento","8":"tag-bluper","9":"tag-entertainment","10":"tag-entretenimiento","11":"tag-es","12":"tag-espana","13":"tag-jesus-cintora","14":"tag-nacho-abad","15":"tag-spain","16":"tag-television"},"share_on_mastodon":{"url":"","error":""},"_links":{"self":[{"href":"https:\/\/www.europesays.com\/es\/wp-json\/wp\/v2\/posts\/19521","targetHints":{"allow":["GET"]}}],"collection":[{"href":"https:\/\/www.europesays.com\/es\/wp-json\/wp\/v2\/posts"}],"about":[{"href":"https:\/\/www.europesays.com\/es\/wp-json\/wp\/v2\/types\/post"}],"author":[{"embeddable":true,"href":"https:\/\/www.europesays.com\/es\/wp-json\/wp\/v2\/users\/2"}],"replies":[{"embeddable":true,"href":"https:\/\/www.europesays.com\/es\/wp-json\/wp\/v2\/comments?post=19521"}],"version-history":[{"count":0,"href":"https:\/\/www.europesays.com\/es\/wp-json\/wp\/v2\/posts\/19521\/revisions"}],"wp:featuredmedia":[{"embeddable":true,"href":"https:\/\/www.europesays.com\/es\/wp-json\/wp\/v2\/media\/19522"}],"wp:attachment":[{"href":"https:\/\/www.europesays.com\/es\/wp-json\/wp\/v2\/media?parent=19521"}],"wp:term":[{"taxonomy":"category","embeddable":true,"href":"https:\/\/www.europesays.com\/es\/wp-json\/wp\/v2\/categories?post=19521"},{"taxonomy":"post_tag","embeddable":true,"href":"https:\/\/www.europesays.com\/es\/wp-json\/wp\/v2\/tags?post=19521"}],"curies":[{"name":"wp","href":"https:\/\/api.w.org\/{rel}","templated":true}]}}