{"id":19523,"date":"2025-08-01T23:16:07","date_gmt":"2025-08-01T23:16:07","guid":{"rendered":"https:\/\/www.europesays.com\/es\/19523\/"},"modified":"2025-08-01T23:16:07","modified_gmt":"2025-08-01T23:16:07","slug":"sera-la-noche-mas-espectacular-de-2025","status":"publish","type":"post","link":"https:\/\/www.europesays.com\/es\/19523\/","title":{"rendered":"Ser\u00e1 la noche m\u00e1s espectacular de 2025"},"content":{"rendered":"<p>Por mucho que inventemos, construyamos o dise\u00f1emos, al final las personas nos sentimos enormemente atra\u00eddos por todo aquello que surge de manera natural. Nos podemos pasar horas observando el mar, un valle desde lo alto de la monta\u00f1a o simplemente mirar al cielo y ver la inmensidad del espacio.<\/p>\n<p>Y es que su simple naturalidad ya nos parece espectacular, pero de vez en cuando, el cosmos nos ofrece noches especiales que no ocurren muy a menudo y que por eso no nos las podemos perder.<\/p>\n<p>Y ahora que comienza el mes de agosto, se acerca una de esas noches que hay que apuntar en el calendario ya que se acercan las <b>\u00abl\u00e1grimas de San Lorenzo\u00bb, tambi\u00e9n conocidas la lluvia de meteoros de las Perseidas.<\/b> Este fen\u00f3meno se mantendr\u00e1 activo entre el 17 y el 24 de agosto, y se podr\u00e1 ver en todo el pa\u00eds, aunque la mejor visibilidad la tendr\u00e1n las regiones del norte.<\/p>\n<p>Pero <b>el punto \u00e1lgido de las Perseidas ser\u00e1 de la noche del 12 y la madrugada del 13 de agosto<\/b>, cuando se espera la mayor concentraci\u00f3n de meteoros por hora, seg\u00fan se\u00f1alan <b>se podr\u00e1n ver hasta 100 meteoros por hora.<\/b> El \u00fanico inconveniente es que dicha fecha coincidir\u00e1 con la fase de Luna llena, lo que dificultar\u00e1 la observaci\u00f3n de estos, o por lo menos de los m\u00e1s d\u00e9biles.<\/p>\n<p>Esta lluvia corresponde<b> al paso del cometa 109P\/Swift-Tuttle<\/b>, cuyos fragmentos atraviesan la atm\u00f3sfera terrestre a gran velocidad y al entrar en contacto con el aire, <b>se desintegran y producen destellos visibles.<\/b><\/p>\n<p>Como dec\u00edamos, el pico de la actividad ser\u00e1 de la noche del 12 a la madrugada del 13, siendo el intervalo m\u00e1s intenso entre las<b> 2:00 y las 5:00 de la madrugada.<\/b><\/p>\n<p>C\u00f3mo ver la lluvia de Perseidas<\/p>\n<p>La gran ventaja de este espect\u00e1culo es que no necesitas equipo especializado. De hecho, tus propios ojos son la mejor herramienta. A parte, puedes seguir estas recomendaciones:<\/p>\n<ul>&#13;<\/p>\n<li><b>Un lugar con poca contaminaci\u00f3n lum\u00ednica:<\/b> este es el factor m\u00e1s importante, al\u00e9jate de las ciudades y sus luces. Busca un parque natural, una zona rural, o <b>cualquier lugar donde el cielo nocturno sea realmente oscuro.<\/b><\/li>\n<p>&#13;<\/p>\n<li><b>Paciencia y tiempo:<\/b> tus ojos necesitan acostumbrarse a la oscuridad. Permanece al menos 30 minutos sin mirar ninguna luz (ni siquiera la pantalla del m\u00f3vil) para que tu visi\u00f3n nocturna se active.<\/li>\n<p>&#13;<\/p>\n<li><b>Comodidad:<\/b> vas a estar mirando el cielo por un buen rato. Lleva una silla reclinable, una manta para tumbarte en el suelo o una hamaca. Estar c\u00f3modo es clave para disfrutar sin interrupciones.<\/li>\n<p>&#13;<\/p>\n<li><b>No mires un solo punto:<\/b> aunque las Perseidas parecen venir de la constelaci\u00f3n de Perseo (que puedes encontrar buscando la \u00abW\u00bb de Casiopea), puedes verlas en cualquier parte del cielo. Lo ideal es mirar hacia arriba y abarcar la mayor \u00e1rea posible con la vista.<\/li>\n<p>&#13;<\/p>\n<li><b>No uses telescopio o binoculares:<\/b> estos instrumentos limitan tu campo de visi\u00f3n y est\u00e1n dise\u00f1ados para observar objetos lejanos. Con la lluvia de estrellas, quieres ver el cielo en su totalidad.<\/li>\n<p>&#13;<\/p>\n<li><b>Aplicaciones de astronom\u00eda:<\/b> puedes usar aplicaciones m\u00f3viles como Star Walk o Sky Tonight para localizar la constelaci\u00f3n de Perseo y otros objetos celestes, pero recuerda bajar el brillo de la pantalla al m\u00ednimo o usar el modo rojo para no arruinar tu visi\u00f3n nocturna.<\/li>\n<p>&#13;\n<\/ul>\n<p>WhatsApp<a href=\"https:\/\/api.whatsapp.com\/send?text=https:\/\/www.eleconomista.es\/tecnologia\/noticias\/13488951\/08\/25\/cientificos-piden-que-nos-preparemos-para-lo-que-llega-en-agosto-sera-la-noche-mas-espectacular-de-2025.html?utm_source%3Dwhatsapp%26utm_medium%3Dshare_button&amp;id=1648118629957_whatsapp\" target=\"_blank\" data-action=\"share\/whatsapp\/share\" aria-label=\"Compartir en Whatsapp\" rel=\"nofollow noopener\"><\/a>Facebook<a id=\"fb-share\" href=\"#\" target=\"_blank\" rel=\"noopener noreferrer\" aria-label=\"Compartir en Facebook\"><\/a>Twitter<a href=\"https:\/\/twitter.com\/share?text=Cient%C3%ADficos+piden+que+nos+preparemos+para+lo+que+llega+en+agosto%3A+%22Ser%C3%A1+la+noche+m%C3%A1s+espectacular+de+2025%22&amp;url=https:\/\/www.eleconomista.es\/tecnologia\/noticias\/13488951\/08\/25\/cientificos-piden-que-nos-preparemos-para-lo-que-llega-en-agosto-sera-la-noche-mas-espectacular-de-2025.html&amp;via=elEconomistaes&amp;id=1648118839245_twitter\" target=\"_blank\" aria-label=\"Compartir en Twitter\" rel=\"nofollow noopener\"><\/a>Linkedin<a href=\"https:\/\/linkedin.com\/share?text=https:\/\/www.eleconomista.es\/tecnologia\/noticias\/13488951\/08\/25\/cientificos-piden-que-nos-preparemos-para-lo-que-llega-en-agosto-sera-la-noche-mas-espectacular-de-2025.html&amp;via=elEconomistaes\" target=\"_blank\" aria-label=\"Compartir en linkedin\" rel=\"nofollow noopener\"><\/a>Beloud<a href=\"https:\/\/beloud.com\/share?text=Cient%C3%ADficos+piden+que+nos+preparemos+para+lo+que+llega+en+agosto%3A+%22Ser%C3%A1+la+noche+m%C3%A1s+espectacular+de+2025%22&amp;url=https:\/\/www.eleconomista.es\/tecnologia\/noticias\/13488951\/08\/25\/cientificos-piden-que-nos-preparemos-para-lo-que-llega-en-agosto-sera-la-noche-mas-espectacular-de-2025.html&amp;via=elEconomistaes&amp;id=1648118839245_beloud\" target=\"_blank\" aria-label=\"Compartir en beloud\" rel=\"nofollow noopener\"><\/a>Bluesky<a href=\"https:\/\/bsky.app\/intent\/compose?text=https:\/\/bsky.app\/intent\/compose?text=https:\/\/www.eleconomista.es\/tecnologia\/noticias\/13488951\/08\/25\/cientificos-piden-que-nos-preparemos-para-lo-que-llega-en-agosto-sera-la-noche-mas-espectacular-de-2025.html&amp;url=https:\/\/www.eleconomista.es\/tecnologia\/noticias\/13488951\/08\/25\/cientificos-piden-que-nos-preparemos-para-lo-que-llega-en-agosto-sera-la-noche-mas-espectacular-de-2025.html&amp;via=elEconomistaes&amp;id=1648118839245_bluesky\" target=\"_blank\" aria-label=\"Compartir en bluesky\" rel=\"nofollow noopener\"><\/a><\/p>\n<p><script async src=\"https:\/\/platform.twitter.com\/widgets.js\" charset=\"utf-8\"><\/script><\/p>\n","protected":false},"excerpt":{"rendered":"Por mucho que inventemos, construyamos o dise\u00f1emos, al final las personas nos sentimos enormemente atra\u00eddos por todo aquello&hellip;\n","protected":false},"author":2,"featured_media":19524,"comment_status":"","ping_status":"","sticky":false,"template":"","format":"standard","meta":{"footnotes":""},"categories":[81],"tags":[119,123,124,25,24,117,121,122,23,118,3723,120],"class_list":{"0":"post-19523","1":"post","2":"type-post","3":"status-publish","4":"format-standard","5":"has-post-thumbnail","7":"category-ciencia-y-tecnologia","8":"tag-ciencia","9":"tag-ciencia-y-tecnologia","10":"tag-cienciaytecnologia","11":"tag-es","12":"tag-espana","13":"tag-science","14":"tag-science-and-technology","15":"tag-scienceandtechnology","16":"tag-spain","17":"tag-technology","18":"tag-tecnologaa","19":"tag-tecnologia"},"share_on_mastodon":{"url":"","error":""},"_links":{"self":[{"href":"https:\/\/www.europesays.com\/es\/wp-json\/wp\/v2\/posts\/19523","targetHints":{"allow":["GET"]}}],"collection":[{"href":"https:\/\/www.europesays.com\/es\/wp-json\/wp\/v2\/posts"}],"about":[{"href":"https:\/\/www.europesays.com\/es\/wp-json\/wp\/v2\/types\/post"}],"author":[{"embeddable":true,"href":"https:\/\/www.europesays.com\/es\/wp-json\/wp\/v2\/users\/2"}],"replies":[{"embeddable":true,"href":"https:\/\/www.europesays.com\/es\/wp-json\/wp\/v2\/comments?post=19523"}],"version-history":[{"count":0,"href":"https:\/\/www.europesays.com\/es\/wp-json\/wp\/v2\/posts\/19523\/revisions"}],"wp:featuredmedia":[{"embeddable":true,"href":"https:\/\/www.europesays.com\/es\/wp-json\/wp\/v2\/media\/19524"}],"wp:attachment":[{"href":"https:\/\/www.europesays.com\/es\/wp-json\/wp\/v2\/media?parent=19523"}],"wp:term":[{"taxonomy":"category","embeddable":true,"href":"https:\/\/www.europesays.com\/es\/wp-json\/wp\/v2\/categories?post=19523"},{"taxonomy":"post_tag","embeddable":true,"href":"https:\/\/www.europesays.com\/es\/wp-json\/wp\/v2\/tags?post=19523"}],"curies":[{"name":"wp","href":"https:\/\/api.w.org\/{rel}","templated":true}]}}