{"id":195235,"date":"2025-10-23T04:34:13","date_gmt":"2025-10-23T04:34:13","guid":{"rendered":"https:\/\/www.europesays.com\/es\/195235\/"},"modified":"2025-10-23T04:34:13","modified_gmt":"2025-10-23T04:34:13","slug":"andrzej-poczobut-y-mzia-amaglobeli-galardonados-con-el-premio-sajarov-2025-noticias","status":"publish","type":"post","link":"https:\/\/www.europesays.com\/es\/195235\/","title":{"rendered":"Andrzej Poczobut y Mzia Amaglobeli, galardonados con el Premio S\u00e1jarov 2025 | Noticias"},"content":{"rendered":"<p class=\"ep-wysiwig_paragraph\">Al anunciar el galard\u00f3n en el hemiciclo el mi\u00e9rcoles, la presidenta de la Euroc\u00e1mara, Roberta Metsola, afirm\u00f3: \u00abCon la concesi\u00f3n del Premio S\u00e1jarov a la Libertad de Conciencia de este a\u00f1o a Andrzej Poczobut de Bielorrusia y a Mzia Amaglobeli de Georgia honramos a dos periodistas cuyo coraje brilla como un faro para todos los que se niegan a ser silenciados. Ambos han pagado un alto precio por decir la verdad al poder y se han convertido en s\u00edmbolos de la lucha por la libertad y la democracia. El Parlamento est\u00e1 con ellos y con todos aquellos que siguen exigiendo libertad\u00bb.<\/p>\n<p class=\"ep-wysiwig_paragraph\"><strong>Andrzej Poczobut <\/strong>es un periodista, ensayista, bloguero y activista de la minor\u00eda polaca de Bielorrusia. Conocido por sus contundentes cr\u00edticas al r\u00e9gimen de Lukashenko y sus trabajos sobre historia y derechos humanos, ha sido arrestado en diversas ocasiones. Encarcelado desde 2021, enfrenta una pena de prisi\u00f3n de ocho a\u00f1os. Su salud se ha deteriorado y, pese a no recibir la atenci\u00f3n m\u00e9dica que necesita, contin\u00faa defendiendo la libertad y la democracia. No hay informaci\u00f3n sobre su estado de salud actual y su familia no tiene permiso para visitarlo.<\/p>\n<p class=\"ep-wysiwig_paragraph\">En una resoluci\u00f3n adoptada el 15 de marzo de 2023, el Parlamento inst\u00f3 a la <a href=\"https:\/\/www.europarl.europa.eu\/doceo\/document\/TA-9-2023-0075_ES.html\" target=\"_blank\" rel=\"noopener nofollow\">liberaci\u00f3n inmediata e incondicional<\/a> de Andrej Poczobut, al considerar que los cargos contra \u00e9l est\u00e1n \u00abbasados en motivos pol\u00edticos\u00bb y \u00abdestinados a silenciar las voces independientes y suprimir la libertad de expresi\u00f3n y asociaci\u00f3n\u00bb.<\/p>\n<p class=\"ep-wysiwig_paragraph\"><strong>Mzia Amaglobeli<\/strong>, una periodista georgiana y directora de los medios digitales Batumelebi y Netgazeti, fue detenida en enero de 2025 por participar en protestas en contra del gobierno en Georgia. En agosto, fue condenada a dos a\u00f1os de prisi\u00f3n por razones pol\u00edticas y se convirti\u00f3 en la primera mujer prisionera pol\u00edtica del pa\u00eds desde su independencia. Defensora de la libertad de expresi\u00f3n, Amaglobeli se ha convertido en el s\u00edmbolo del movimiento prodemocracia en Georgia, en oposici\u00f3n al r\u00e9gimen del partido gobernante \u201cSue\u00f1o Georgiano\u201d desde las elecciones de octubre de 2024.<\/p>\n<p class=\"ep-wysiwig_paragraph\">En una <a href=\"https:\/\/www.europarl.europa.eu\/doceo\/document\/TA-10-2025-0132_ES.html\" target=\"_blank\" rel=\"noopener nofollow\">resoluci\u00f3n adoptada el 19 de junio de 2025<\/a>, el Parlamento reclam\u00f3 la libertad inmediata e incondicional de Mzia Amaglobeli en Georgia, condenando \u00abel ataque sist\u00e9mico del r\u00e9gimen del partido Sue\u00f1o Georgiano contra las instituciones democr\u00e1ticas, la oposici\u00f3n pol\u00edtica, los medios de comunicaci\u00f3n independientes, la sociedad civil y la independencia judicial\u00bb.<\/p>\n<p class=\"ep-wysiwig_paragraph\"><strong>El Parlamento, al lado de los defensores de la democracia y la libertad de expresi\u00f3n<\/strong><\/p>\n<p class=\"ep-wysiwig_paragraph\">El Parlamento es un firme defensor de la oposici\u00f3n democr\u00e1tica en Bielorusia y le concedi\u00f3 el <a href=\"https:\/\/www.europarl.europa.eu\/topics\/es\/article\/20201210STO93502\/belarusian-opposition-receives-2020-sakharov-prize\" target=\"_blank\" rel=\"noopener nofollow\">Premio S\u00e1jarov a la Libertad de Conciencia en 2020<\/a>. En mayo de 2024, la presidenta Metsola firm\u00f3 una declaraci\u00f3n de intenciones para <a href=\"https:\/\/www.europarl.europa.eu\/news\/es\/press-room\/20240503IPR21379\/parliament-strengthens-its-cooperation-with-the-belarusian-democratic-forces\" target=\"_blank\" rel=\"noopener nofollow\">reforzar la cooperaci\u00f3n entre el Parlamento Europeo y las fuerzas democr\u00e1ticas en Bielorrusia<\/a>. En una sesi\u00f3n solemne en Estrasburgo el 22 de octubre de 2025, el Parlamento recibi\u00f3 a dos l\u00edderes destacados de la oposici\u00f3n bielorrusa, Sergey Tihanovski y Sviatlana Tsikhanouskaya, y tambi\u00e9n aprob\u00f3 una resoluci\u00f3n sobre la situaci\u00f3n en el pa\u00eds.<\/p>\n<p class=\"ep-wysiwig_paragraph\">En cuanto a Georgia, en noviembre de 2024 el <a href=\"https:\/\/www.europarl.europa.eu\/news\/es\/press-room\/20241121IPR25549\/parliament-calls-for-new-elections-in-georgia\" target=\"_blank\" rel=\"noopener nofollow\">Parlamento inst\u00f3 a la convocatoria de nuevas elecciones<\/a> despu\u00e9s de las celebradas en octubre de ese a\u00f1o. <a href=\"https:\/\/www.europarl.europa.eu\/news\/es\/press-room\/20250704IPR29451\/parliament-deplores-the-democratic-backsliding-and-repression-in-georgia\" target=\"_blank\" rel=\"noopener nofollow\">En julio de 2025, los eurodiputados adoptaron una resoluci\u00f3n<\/a> en la que condenaron el retroceso democr\u00e1tico y la represi\u00f3n en Georgia, y aseguraron que el actual gobierno est\u00e1 poniendo en peligro el camino del pa\u00eds hacia la adhesi\u00f3n a la UE. El texto tambi\u00e9n ped\u00eda a la Comisi\u00f3n Europea la revisi\u00f3n de la aplicaci\u00f3n del Acuerdo de Asociaci\u00f3n con Georgia.<\/p>\n<p class=\"ep-wysiwig_paragraph\"><strong>El Premio S\u00e1jarov a la Libertad de Conciencia<\/strong><\/p>\n<p class=\"ep-wysiwig_paragraph\">Nombrado en honor al <a href=\"https:\/\/www.europarl.europa.eu\/sakharovprize\/es\/the-prize\/andrei-sakharov\" target=\"_blank\" rel=\"noopener nofollow\">f\u00edsico sovi\u00e9tico y disidente pol\u00edtico Andrei S\u00e1jarov<\/a>, el Premio S\u00e1jarov a la Libertad de Conciencia es la m\u00e1xima distinci\u00f3n de la UE en el \u00e1mbito de los derechos humanos. Desde 1988, el Parlamento lo ha otorgado cada a\u00f1o a personas, grupos u organizaciones en reconocimiento a su labor en defensa de los derechos humanos, la libertad de expresi\u00f3n y los valores democr\u00e1ticos.<\/p>\n<p class=\"ep-wysiwig_paragraph\">Varios galardonados con el Premio S\u00e1jarov han recibido posteriormente el Premio Nobel de la Paz. La m\u00e1s reciente es <a href=\"https:\/\/www.europarl.europa.eu\/news\/es\/press-room\/20241017IPR24738\/maria-corina-machado-y-edmundo-gonzalez-urrutia-premio-sajarov-2024\" target=\"_blank\" rel=\"noopener nofollow\">la opositora venezolana Maria Corina Machado<\/a>, galardonada con el S\u00e1jarov en 2024 y reconocida con el Nobel de la Paz en 2025. Otros ejemplos incluyen a Nelson Mandela, Malala Yousafzai, Denis Mukwege, Nadia Mourad, Ales Bialiatski y Oleksandra Matviichuk.<\/p>\n<p class=\"ep-wysiwig_paragraph\">Puede consultar la l<a href=\"https:\/\/www.europarl.europa.eu\/sakharovprize\/es\/laureates\/around-the-world\" target=\"_blank\" rel=\"noopener nofollow\">ista completa de anteriores galardonados con el Premio S\u00e1jarov<\/a>.<\/p>\n","protected":false},"excerpt":{"rendered":"Al anunciar el galard\u00f3n en el hemiciclo el mi\u00e9rcoles, la presidenta de la Euroc\u00e1mara, Roberta Metsola, afirm\u00f3: \u00abCon&hellip;\n","protected":false},"author":2,"featured_media":195236,"comment_status":"","ping_status":"","sticky":false,"template":"","format":"standard","meta":{"footnotes":""},"categories":[5],"tags":[17,18,37182,54208,25,24,13,14,11,19,20,9,10,15,16,53940,36609,23,12,21,22],"class_list":{"0":"post-195235","1":"post","2":"type-post","3":"status-publish","4":"format-standard","5":"has-post-thumbnail","7":"category-titulares","8":"tag-breaking-news","9":"tag-breakingnews","10":"tag-comafet","11":"tag-comdeve","12":"tag-es","13":"tag-espana","14":"tag-featured-news","15":"tag-featurednews","16":"tag-headlines","17":"tag-latest-news","18":"tag-latestnews","19":"tag-news","20":"tag-noticias","21":"tag-noticias-destacadas","22":"tag-noticiasdestacadas","23":"tag-plenarydate20-10-2025","24":"tag-producttypepress_release","25":"tag-spain","26":"tag-titulares","27":"tag-ultimas-noticias","28":"tag-ultimasnoticias"},"share_on_mastodon":{"url":"https:\/\/pubeurope.com\/@es\/115421620877494350","error":""},"_links":{"self":[{"href":"https:\/\/www.europesays.com\/es\/wp-json\/wp\/v2\/posts\/195235","targetHints":{"allow":["GET"]}}],"collection":[{"href":"https:\/\/www.europesays.com\/es\/wp-json\/wp\/v2\/posts"}],"about":[{"href":"https:\/\/www.europesays.com\/es\/wp-json\/wp\/v2\/types\/post"}],"author":[{"embeddable":true,"href":"https:\/\/www.europesays.com\/es\/wp-json\/wp\/v2\/users\/2"}],"replies":[{"embeddable":true,"href":"https:\/\/www.europesays.com\/es\/wp-json\/wp\/v2\/comments?post=195235"}],"version-history":[{"count":0,"href":"https:\/\/www.europesays.com\/es\/wp-json\/wp\/v2\/posts\/195235\/revisions"}],"wp:featuredmedia":[{"embeddable":true,"href":"https:\/\/www.europesays.com\/es\/wp-json\/wp\/v2\/media\/195236"}],"wp:attachment":[{"href":"https:\/\/www.europesays.com\/es\/wp-json\/wp\/v2\/media?parent=195235"}],"wp:term":[{"taxonomy":"category","embeddable":true,"href":"https:\/\/www.europesays.com\/es\/wp-json\/wp\/v2\/categories?post=195235"},{"taxonomy":"post_tag","embeddable":true,"href":"https:\/\/www.europesays.com\/es\/wp-json\/wp\/v2\/tags?post=195235"}],"curies":[{"name":"wp","href":"https:\/\/api.w.org\/{rel}","templated":true}]}}