{"id":19525,"date":"2025-08-01T23:17:06","date_gmt":"2025-08-01T23:17:06","guid":{"rendered":"https:\/\/www.europesays.com\/es\/19525\/"},"modified":"2025-08-01T23:17:06","modified_gmt":"2025-08-01T23:17:06","slug":"como-invertir-tras-el-acuerdo-comercial-de-europa-con-eeuu-expansion","status":"publish","type":"post","link":"https:\/\/www.europesays.com\/es\/19525\/","title":{"rendered":"C\u00f3mo invertir tras el acuerdo comercial de Europa con EEUU &#8211; Expansi\u00f3n"},"content":{"rendered":"<ol>\n<li><a href=\"https:\/\/news.google.com\/rss\/articles\/CBMigAFBVV95cUxOeG5VZENBZFdNMHJBR3ZuaXotUDdPaDF4bDVuaDE0SFlBdU45cmFtN2pYaTM0MUZUZWpybmtLRlYtUkdnUHQyOHVQQmRNRGFXVzBpRzdUYTh5V2pPWmhXd1RUU0F3MkNmRVJjT3J5SjVlOWV3bjV3aUY3Qm4za2tZUdIBgAFBVV95cUxQU1kyX3RiUmsxX1E4bG9yRVg4eVR6VFQ1T1UwOXVFc2ZYMzdPM2Jnd1hSOVd2eFkzc3dOWVg3VEg1WTZveEkxbnUtdEE4NmNaQmZkT2dWcDRaam83SEU2WG1BOFpBMFctS196VEdwdHB0a19rbGhMOXdpNU5jR2Z6OQ?oc=5\" target=\"_blank\" rel=\"nofollow noopener\">C\u00f3mo invertir tras el acuerdo comercial de Europa con EEUU<\/a>&nbsp;&nbsp;Expansi\u00f3n<\/li>\n<li><a href=\"https:\/\/news.google.com\/rss\/articles\/CBMikwFBVV95cUxNMHVyWkhFT2hlQm85Z1AxQ29DQUJrY3BxcnAwNkFIWG1BbThta2piT1cyZFhVY3ZjcDRGbDNnOWdBX2tlSTR4U01QNDRtN08zOTUzODdMTDNvN2RnVmlEQmJjaTZpaDBnMl8zQnNudHBycF9pczZ0MFJJbTRNZ2ZPS1dyRXR0QWxhUlJobERPTGhMa2fSAZMBQVVfeXFMT2d5WVYxSnB3MWhIc1Ytam1wdk9IWWNJUFJmaVIxSzZtcnhfcGYwazBHQk50dWd3WTlaZy1xOEJmaUxoTjRsWTQ5QzRBTW5yZ1F1a1diTUVHblUxNU1tbmR5bFVtOTFyeDRGMkFmdHF1cU9MajFGbWZDV0k0ZWlhNWdEMk41ZmQ2Q1dfazNmTmp5RWZJ?oc=5\" target=\"_blank\" rel=\"nofollow noopener\">Los mercados exigen claridad para calcular cu\u00e1l ser\u00e1 la &#8216;factura&#8217; final de la guerra arancelaria<\/a>&nbsp;&nbsp;El Mundo<\/li>\n<li><a href=\"https:\/\/news.google.com\/rss\/articles\/CBMiiAJBVV95cUxQYjhxOUtrU1dFQThZQ1JZN0F5ZFA2Y09qVDFaTDBtVDd0RDJRNWlVM1VTTjVfck9aODNvWTFSWDl5azBlVnpiRHpBQkc1bHE5TnNoSTR3Zk5OVGtuTVNySFMzZXpsWXBvVklzV1VYdm5OczdkVHJCMUQybzdkRXlSNFhweGF5OVc3Wm1fUE9HTnpiVXNCck4zUDdZZVZCX1puVndxWnJjNFRSSEFYQWhTWnhhT0FNRU9EQVhURjNyTGY5SXhxaExnSUx0bjlsNDNRQTJHNW1qTzJ1ckdaNkdHTlJIMjdJMXl2MzBIUFE4bmc3U3VrVkRVazZBOTV6S0ZmOFozQmRzYUw?oc=5\" target=\"_blank\" rel=\"nofollow noopener\">El acuerdo comercial penaliza a los fabricantes de bebidas espirituosas y las firmas de defensa europeas en Bolsa<\/a>&nbsp;&nbsp;Cinco D\u00edas<\/li>\n<li><a href=\"https:\/\/news.google.com\/rss\/articles\/CBMihwJBVV95cUxPdVF2QlhFOEFzaWJMNWcxX2pZdFNPSTlTeExUYXU3M0k1MWdzbjd6QTB1Z0VfSXNsVks5S0FoYV84OTJJTEViYlMxR2IzUDdEcnVhX21RUlRMNUxYbmRSRFBGdDU0VHdoWG1XRDBpNTFkdnk0SFl4NWhZY1dUNzNCWkdNOVYya085ZF9sTlBsNVZjOGlsOGxNaXFwYTZpQ19SZXRsRENNc1dsME9YQWpmMkZEbXhCY2VGblJNN2I2Mm50Snp1WExTWlRHSG5NMkxobjdJVUlweTRoMEppSjJDbFp0S1BFRjJScTNuYVNMdkFHSC1rRTlqODF4R2pXZzU5UjF3a2hFTQ?oc=5\" target=\"_blank\" rel=\"nofollow noopener\">Econom\u00eda\/Bolsa.- El Ibex 35 se mantiene en los 14.370 puntos en la media sesi\u00f3n tras el acuerdo arancelario con EEUU<\/a>&nbsp;&nbsp;MSN<\/li>\n<li><a href=\"https:\/\/news.google.com\/rss\/articles\/CBMingFBVV95cUxQdnZSeGxyNEFRN3pQeHZ1SVZnNDVvcTl1OTR4Z2xzRXphRTdBc0Z3SEgtZ3lxS3VyRHFFLUpZaTZqbmVBNnFvQ1ViRnhzU0lBYzJJUGcyRFVnN0pKd2tBTlIxcFhxam4tbmhzSUpaejlZWGgzZVY2TmkwQUN2QTVoRFMtQVkzam8ybjV5UWtoVUdCaDF0Rm1fR1pVUjZ1dw?oc=5\" target=\"_blank\" rel=\"nofollow noopener\">Las bolsas europeas renuevan \u00e1nimos y vuelven a moverse en verde<\/a>&nbsp;&nbsp;Yahoo.co<\/li>\n<\/ol>\n","protected":false},"excerpt":{"rendered":"C\u00f3mo invertir tras el acuerdo comercial de Europa con EEUU&nbsp;&nbsp;Expansi\u00f3n Los mercados exigen claridad para calcular cu\u00e1l ser\u00e1&hellip;\n","protected":false},"author":2,"featured_media":19526,"comment_status":"","ping_status":"","sticky":false,"template":"","format":"standard","meta":{"footnotes":""},"categories":[80],"tags":[82,95,94,25,24,114,23],"class_list":{"0":"post-19525","1":"post","2":"type-post","3":"status-publish","4":"format-standard","5":"has-post-thumbnail","7":"category-economia","8":"tag-business","9":"tag-economia","10":"tag-economy","11":"tag-es","12":"tag-espana","13":"tag-mercados","14":"tag-spain"},"share_on_mastodon":{"url":"","error":""},"_links":{"self":[{"href":"https:\/\/www.europesays.com\/es\/wp-json\/wp\/v2\/posts\/19525","targetHints":{"allow":["GET"]}}],"collection":[{"href":"https:\/\/www.europesays.com\/es\/wp-json\/wp\/v2\/posts"}],"about":[{"href":"https:\/\/www.europesays.com\/es\/wp-json\/wp\/v2\/types\/post"}],"author":[{"embeddable":true,"href":"https:\/\/www.europesays.com\/es\/wp-json\/wp\/v2\/users\/2"}],"replies":[{"embeddable":true,"href":"https:\/\/www.europesays.com\/es\/wp-json\/wp\/v2\/comments?post=19525"}],"version-history":[{"count":0,"href":"https:\/\/www.europesays.com\/es\/wp-json\/wp\/v2\/posts\/19525\/revisions"}],"wp:featuredmedia":[{"embeddable":true,"href":"https:\/\/www.europesays.com\/es\/wp-json\/wp\/v2\/media\/19526"}],"wp:attachment":[{"href":"https:\/\/www.europesays.com\/es\/wp-json\/wp\/v2\/media?parent=19525"}],"wp:term":[{"taxonomy":"category","embeddable":true,"href":"https:\/\/www.europesays.com\/es\/wp-json\/wp\/v2\/categories?post=19525"},{"taxonomy":"post_tag","embeddable":true,"href":"https:\/\/www.europesays.com\/es\/wp-json\/wp\/v2\/tags?post=19525"}],"curies":[{"name":"wp","href":"https:\/\/api.w.org\/{rel}","templated":true}]}}