{"id":195267,"date":"2025-10-23T04:56:10","date_gmt":"2025-10-23T04:56:10","guid":{"rendered":"https:\/\/www.europesays.com\/es\/195267\/"},"modified":"2025-10-23T04:56:10","modified_gmt":"2025-10-23T04:56:10","slug":"el-salto-edicion-general-13","status":"publish","type":"post","link":"https:\/\/www.europesays.com\/es\/195267\/","title":{"rendered":"&#8211; El Salto &#8211; Edici\u00f3n General"},"content":{"rendered":"<p>Parec\u00eda una gran idea y el n\u00famero de tel\u00e9fono elegido para ello era perfecto:<a href=\"https:\/\/www.lamoncloa.gob.es\/serviciosdeprensa\/notasprensa\/vivienda-agenda-urbana\/paginas\/2025\/151025-rodriguez-telefono-vivienda.aspx\" target=\"_blank\" rel=\"nofollow noopener\"> el 047<\/a>, el art\u00edculo de la Constituci\u00f3n que habla sobre el derecho a la vivienda, para una l\u00ednea gratuita de atenci\u00f3n ciudadana. Pero el anuncio no se llev\u00f3 los aplausos esperados y hasta su socio en el Gobierno reaccion\u00f3 <a href=\"https:\/\/www.publico.es\/politica\/gobierno\/sumar-critica-gestion-ministra-vivienda-psoe-cierra-filas-isabel-rodriguez.html\" target=\"_blank\" rel=\"nofollow noopener\">pidiendo la dimisi\u00f3n<\/a> de la ministra de Vivienda, Isabel Rodr\u00edguez. La portavoz en el Congreso de Sumar, Ver\u00f3nica Mart\u00ednez Barbero, sugiri\u00f3 el 21 de octubre que la ministra deber\u00eda \u201cdejar paso\u201d a quien est\u00e9 dispuesto a tomar \u201cmedidas valientes\u201d para afrontar la crisis de vivienda.\u00a0<\/p>\n<p>Similar reflexi\u00f3n hac\u00edan desde Podemos, quienes ve\u00edan este martes c\u00f3mo <a href=\"https:\/\/x.com\/PODEMOS\/status\/1980708445868192061\" target=\"_blank\" rel=\"nofollow\">PSOE, PP y Vox<\/a> sumaban sus votos para tumbar una proposici\u00f3n no de ley que planteaba reducir los alquileres en un 40%, prohibir las ventas especulativas y convertir en indefinidos los contratos de arrendamiento. El PSOE, se\u00f1alaba la secretaria general de Podemos, <a href=\"https:\/\/x.com\/ionebelarra\/status\/1980635182764868026\" target=\"_blank\" rel=\"nofollow\">Ione Belarra<\/a>, se ha convertido en el \u201cn\u00facleo de protecci\u00f3n de los intereses inmobiliarios de este pa\u00eds\u201d, un partido que \u201cno puede ser parte de la soluci\u00f3n, porque es parte del problema\u201d. La \u00fanica salida a esta crisis, apunta Belarra, pasa por prohibir que los grandes propietarios y los fondos buitre puedan comprar vivienda, una propuesta que no sintoniza con las iniciativas y apuestas del Gobierno.<\/p>\n<p>Adem\u00e1s de la propuesta del 047, el 17 de octubre el Ministerio de Vivienda lanzaba una pol\u00e9mica campa\u00f1a de publicidad que incluye un v\u00eddeo situado en 2055 en el que tres personas mayores\u00a0<a href=\"https:\/\/www.lasexta.com\/noticias\/sociedad\/tres-ancianos-compartiendo-piso-2055-anuncio-ministerio-vivienda-que-despertado-polemica_2025102168f7512dd5a0685a0ecbabb3.html\" rel=\"nofollow noopener\" target=\"_blank\">comparten piso<\/a>\u00a0desde hace 30 a\u00f1os. D\u00edas antes, el PSOE hab\u00eda presentado un plan para potenciar el teletrabajo rural, una apuesta por repoblar y dar salida a j\u00f3venes que no pueden ni so\u00f1ar con tener un piso propio y formar una familia en el lugar donde residen. Sumar calific\u00f3 la propuesta de \u201c<a href=\"https:\/\/www.europapress.es\/economia\/laboral-00346\/noticia-psoe-plantea-repoblar-espana-vaciada-mas-teletrabajo-sumar-erc-ven-insuficiente-20251021184339.html\" rel=\"nofollow noopener\" target=\"_blank\">tomadura de pelo<\/a>\u201d y el PP le record\u00f3 al Gobierno que ya est\u00e1n en el gobierno.<\/p>\n<p>Sumar lleva dos semanas aumentando la presi\u00f3n para que el PSOE tome medidas para afrontar una crisis que ha duplicado el precio del alquiler en una d\u00e9cada y ha llevado el precio de la vivienda a cotas que no se ve\u00edan desde la anterior burbuja. El pasado 13 de octubre, el partido de Yolanda D\u00edaz propon\u00eda un nuevo <a href=\"https:\/\/movimientosumar.es\/wp-content\/uploads\/2025\/10\/doc-vivienda-web.pdf\" rel=\"nofollow noopener\" target=\"_blank\">Real Decreto Ley<\/a>\u00a0(RDL) de urgencia, presentado como una \u201cgran reforma de la vivienda\u201d. La propuesta de decreto, que tiene que ser a\u00fan negociada con el PSOE, incluye como medida principal la congelaci\u00f3n y moratoria de todos los contratos de alquiler, a los que se les aplicar\u00eda tres a\u00f1os adicionales. Esta disposici\u00f3n afectar\u00eda especialmente a <a href=\"https:\/\/elpais.com\/economia\/2025-05-25\/la-gran-revision-del-alquiler-mas-de-300000-hogares-se-enfrentan-a-la-actualizacion-de-sus-contratos.html\" rel=\"nofollow noopener\" target=\"_blank\">300.000 hogares<\/a>\u00a0inquilinos, aquellos que firmaron poco despu\u00e9s de la pandemia, que se enfrentan a la renovaci\u00f3n de sus contratos en los siguientes meses\u00a0en un contexto de precios imposibles, <a href=\"https:\/\/www.elsaltodiario.com\/madrid\/izquierda-parlamentaria-organizaciones-sociales-reclaman-medidas-acabar-racismo-inmobiliario\" target=\"_blank\" rel=\"nofollow noopener\">discriminaci\u00f3n inmobiliaria<\/a> y escasez de oferta por el desv\u00edo de pisos a los mercados de vivienda temporal, tur\u00edstica y por habitaciones.<\/p>\n<blockquote><p>La \u00fanica salida a esta crisis, apunta Belarra, pasa por prohibir que los grandes propietarios y los fondos buitre puedan comprar vivienda, una propuesta que no sintoniza con las iniciativas y apuestas del Gobierno<\/p><\/blockquote>\n<p>La otra \u201cgran reforma\u201d que presenta este RDL es limitar la compra especulativa. La norma propuesta por Sumar contempla que solo podr\u00e1 comprarse viviendas destinadas al alquiler si la renta ofrecida no supera <a href=\"https:\/\/serpavi.mivau.gob.es\/\" target=\"_blank\" rel=\"nofollow noopener\">los precios de referencia<\/a> del Ministerio de Vivienda. En el caso de los grandes tenedores, el RDL de Sumar propone que se pueda \u201cobligar a reducir rentas de alquiler existentes\u201d. La propuesta incluye tambi\u00e9n m\u00e1s impuestos para los pisos tur\u00edsticos, m\u00e1s regulaci\u00f3n y control de los alquileres temporales.<\/p>\n<p>El PSOE todav\u00eda no ha respondido formalmente a la propuesta de Sumar, partido que ha intentado distanciarse de su socio de Gobierno desde que estall\u00f3 el esc\u00e1ndalo de corrupci\u00f3n que afecta al ex secretario de Organizaci\u00f3n del PSOE, Santos Cerd\u00e1n. \u201cNo se puede venir a proponer como medida estrella tel\u00e9fonos de la esperanza\u201d, criticaba la portavoz de Sumar en el Congreso.<\/p>\n<p>La campa\u00f1a que lanz\u00f3 el Ministerio de Vivienda con el lema de \u201cEn tu futuro deber\u00eda haber una vivienda\u201d ha cerrado el c\u00edrculo de la indignaci\u00f3n. La portavoz del Sindicato de Inquilinos e Inquilinas de Madrid, Valeria Racu, calificaba en un v\u00eddeo la campa\u00f1a de \u201crid\u00edcula\u201d y recordaba que Isabel Rodr\u00edguez es la ministra de Vivienda: \u201cLiteralmente es responsabilidad suya que no lleguemos a fin de mes, que no podamos ahorrar un duro y que hayamos normalizado dejarnos la vida y trabajar para nuestros caseros\u201d. <\/p>\n<p>La activista continuaba diciendo que no hace falta una \u201cficci\u00f3n cutre\u201d de personas mayores sin derecho a una vivienda digna, porque es lo que est\u00e1 ocurriendo ahora mismo en miles y miles de casos, entre ellos el de <a href=\"https:\/\/api.sprai.io\/view\/campaign\/21161\/es\/0\/1\" rel=\"nofollow noopener\" target=\"_blank\">Mari Carmen<\/a>, mujer de 87 a\u00f1os que ha vivido 70 en su vivienda en Retiro (Madrid) y que ahora el casero, un fondo buitre, pretende echarla aumentando el alquiler un 250% hasta los 2.650 euros. \u00bfEl Ministerio de Vivienda, el Gobierno, Ayuso. Almeida\u2026 \u00bfAlguien va a hacer algo? \u00bfO seguir\u00e1n dejando que nos maten en vida mientras siguen escribiendo maravillosos guiones\u201d, se pregunta. El sindicato de inquilinos ha convocado una concentraci\u00f3n el 29 de octubre a las 8:30h para impedir el desahucio en la calle Alcalde de Sa\u00ednz de Baranda, 46.\u00a0<\/p>\n<p>La portavoz del Sindicato de Llogaters de Catalunya, Carme Arcarazo, calificaba de \u201cburla\u201d el spot lanzado\u00a0 por el Ministerio: \u201cEs un v\u00eddeo donde se est\u00e1n riendo de gente inquilina mayor que tiene que compartir piso precisamente porque su gobierno no toma medidas\u201d. Para que ese futuro de 2055 no llegue a materializarse, explica Arcarazo, se necesitar\u00eda una legislaci\u00f3n sin \u201cagujeros\u201d, en referencia a los alquileres de temporada y por habitaciones, \u201cla v\u00eda de escape que utilizan los especuladores\u201d para seguir subiendo los precios, as\u00ed como liberar la vivienda \u201csecuestrada\u201d por los fondos buitre y por el uso tur\u00edstico, que ha vaciado el mercado residencial.<\/p>\n<p>El Plan Estatal de Vivienda, otra oportunidad perdida<\/p>\n<p>Carlos Mart\u00edn Urriza, diputado en el Congreso y portavoz de Econom\u00eda y Hacienda de Sumar, comparte las cr\u00edticas de Mart\u00ednez Barbero y sit\u00faa el problema en el propio PSOE. \u201cNo existe un problema de vivienda, sino una falta de voluntad pol\u00edtica para solucionarlo\u201d, explica a El Salto.\u00a0<\/p>\n<p>Seg\u00fan el Banco de Espa\u00f1a, faltar\u00edan <a href=\"https:\/\/www.fundacionlaboral.org\/actualidad\/noticias\/sector\/el-banco-de-espana-cuantifica-en-700000-las-viviendas-necesarias-para-cubrir-la-demanda-residencial\" target=\"_blank\" rel=\"nofollow noopener\">700.000 viviendas<\/a> para satisfacer la demanda. Esta no es una cifra inalcanzable ni mucho menos para Mart\u00edn Urriza: en los a\u00f1os de la burbuja se constru\u00edan 600.000 viviendas al a\u00f1o, cuenta, hay m\u00e1s de un mill\u00f3n de viviendas vac\u00edas en las siete provincias m\u00e1s pobladas y \u201cse han dejado que aparezcan\u201d m\u00e1s de 370.000 pisos tur\u00edsticos en zonas tensionadas. Una combinado de construcci\u00f3n en suelo p\u00fablico, movilizaci\u00f3n de viviendas vac\u00edas y restricciones a AirBnb deber\u00eda bastar para llegar a esa cifra. Ayudar\u00eda mucho para conseguir este objetivo, explica, contar con los <a href=\"https:\/\/elpais.com\/economia\/2025-06-16\/bruselas-abre-la-mano-para-que-se-puedan-gastar-los-fondos-europeos.html\" target=\"_blank\" rel=\"nofollow noopener\">83.000 millones de euros<\/a> en cr\u00e9ditos blandos de Next Generation concedidos a 30 a\u00f1os que el Gobierno \u201cno va a gastar y va a devolver\u201d a Europa. No es una cuesti\u00f3n de dinero, ni de suelo \u2014algo que los municipios y la Sareb tienen de sobra\u2014, sino de \u201cvoluntad\u201d, insiste este economista, de unos partidos pol\u00edticos \u201catravesados de intereses\u201d.\u00a0<\/p>\n<blockquote><p>\u201cNo existe un problema de vivienda, sino una falta de voluntad pol\u00edtica para solucionarlo\u201d, explica a El Salto el diputado de Sumar Carlos Mart\u00edn Urriza<\/p><\/blockquote>\n<p>Las soluciones existen, dice Mart\u00edn Urriza, pero no figuran en el <a href=\"https:\/\/www.lamoncloa.gob.es\/serviciosdeprensa\/notasprensa\/vivienda-agenda-urbana\/paginas\/2025\/plan-estatal-de-vivienda-2026-2030.aspx\" rel=\"nofollow noopener\" target=\"_blank\">Plan Estatal de Vivienda<\/a>, lanzado el pasado 17 de septiembre, que debe marcar la estrategia para los siguientes cinco a\u00f1os, un documento que ha sido calificado por los sindicatos de inquilinos como \u201c<a href=\"https:\/\/www.elsaltodiario.com\/madrid\/inquilinas-senalan-grietas-del-plan-estatal-vivienda-es-un-chollo-rentistas-fondos-buitre\" target=\"_blank\" rel=\"nofollow noopener\">un chollo para rentistas y fondos buitre<\/a>\u201d. Para Mart\u00edn Urriza el plan es una \u201cdecepci\u00f3n\u201d y una \u201coportunidad perdida\u201d, especialmente porque\u00a0 no debe pasar por un Congreso con mayor\u00eda de derecha al tratarse de un desarrollo de la ley de vivienda.\u00a0<\/p>\n<p>Uno de sus principales problemas, comenta este economista a El Salto, es su falta de ambici\u00f3n: apenas contempla gastar 7.000 millones de euros, de los cuales el Estado central solo aporta el 60%, unos 4.200 millones. Solo en el \u00faltimo Consejo de Ministros de este martes 21 de octubre el Gobierno aprob\u00f3 gastos en armamento de 2.342 millones de euros, la mayor\u00eda para comprar helic\u00f3pteros militares. \u201cEst\u00e1 clara la preferencia del PSOE entre viviendas y ca\u00f1ones\u201d, resume el diputado de Sumar.\u00a0<\/p>\n","protected":false},"excerpt":{"rendered":"Parec\u00eda una gran idea y el n\u00famero de tel\u00e9fono elegido para ello era perfecto: el 047, el art\u00edculo&hellip;\n","protected":false},"author":2,"featured_media":195268,"comment_status":"","ping_status":"","sticky":false,"template":"","format":"standard","meta":{"footnotes":""},"categories":[8],"tags":[10191,17,18,33581,25,24,13,14,11,7186,19,20,9,10,15,16,1699,54215,23,4453,12,21,22],"class_list":{"0":"post-195267","1":"post","2":"type-post","3":"status-publish","4":"format-standard","5":"has-post-thumbnail","7":"category-espana","8":"tag-alquiler","9":"tag-breaking-news","10":"tag-breakingnews","11":"tag-el-salmon-contracorriente","12":"tag-es","13":"tag-espana","14":"tag-featured-news","15":"tag-featurednews","16":"tag-headlines","17":"tag-hipotecas","18":"tag-latest-news","19":"tag-latestnews","20":"tag-news","21":"tag-noticias","22":"tag-noticias-destacadas","23":"tag-noticiasdestacadas","24":"tag-psoe","25":"tag-sindicato-de-inquilinos","26":"tag-spain","27":"tag-sumar","28":"tag-titulares","29":"tag-ultimas-noticias","30":"tag-ultimasnoticias"},"share_on_mastodon":{"url":"https:\/\/pubeurope.com\/@es\/115421707235835483","error":""},"_links":{"self":[{"href":"https:\/\/www.europesays.com\/es\/wp-json\/wp\/v2\/posts\/195267","targetHints":{"allow":["GET"]}}],"collection":[{"href":"https:\/\/www.europesays.com\/es\/wp-json\/wp\/v2\/posts"}],"about":[{"href":"https:\/\/www.europesays.com\/es\/wp-json\/wp\/v2\/types\/post"}],"author":[{"embeddable":true,"href":"https:\/\/www.europesays.com\/es\/wp-json\/wp\/v2\/users\/2"}],"replies":[{"embeddable":true,"href":"https:\/\/www.europesays.com\/es\/wp-json\/wp\/v2\/comments?post=195267"}],"version-history":[{"count":0,"href":"https:\/\/www.europesays.com\/es\/wp-json\/wp\/v2\/posts\/195267\/revisions"}],"wp:featuredmedia":[{"embeddable":true,"href":"https:\/\/www.europesays.com\/es\/wp-json\/wp\/v2\/media\/195268"}],"wp:attachment":[{"href":"https:\/\/www.europesays.com\/es\/wp-json\/wp\/v2\/media?parent=195267"}],"wp:term":[{"taxonomy":"category","embeddable":true,"href":"https:\/\/www.europesays.com\/es\/wp-json\/wp\/v2\/categories?post=195267"},{"taxonomy":"post_tag","embeddable":true,"href":"https:\/\/www.europesays.com\/es\/wp-json\/wp\/v2\/tags?post=195267"}],"curies":[{"name":"wp","href":"https:\/\/api.w.org\/{rel}","templated":true}]}}