{"id":195269,"date":"2025-10-23T04:57:38","date_gmt":"2025-10-23T04:57:38","guid":{"rendered":"https:\/\/www.europesays.com\/es\/195269\/"},"modified":"2025-10-23T04:57:38","modified_gmt":"2025-10-23T04:57:38","slug":"el-gobierno-de-pedro-sanchez-explota-el-bulo-del-borrado-de-mamografias-en-andalucia-en-su-campana-contra-juanma-moreno","status":"publish","type":"post","link":"https:\/\/www.europesays.com\/es\/195269\/","title":{"rendered":"El Gobierno de Pedro S\u00e1nchez explota el bulo del borrado de mamograf\u00edas en Andaluc\u00eda en su campa\u00f1a contra Juanma Moreno"},"content":{"rendered":"<p style=\"\">Una ca\u00edda del <strong>sistema inform\u00e1tico del Servicio Andaluz de Salud<\/strong> (SAS) el pasado martes provoc\u00f3 que distintas pruebas diagn\u00f3sticas, desde mamograf\u00edas, ecograf\u00edas o radiograf\u00edas, no pudieran consultarse a trav\u00e9s de la aplicaci\u00f3n de ClicSalud+, como suele ser habitual. El servicio qued\u00f3 <strong>restablecido de madrugada, <\/strong> &#8230; <strong>a las 1.36 horas<\/strong> de este mi\u00e9rcoles, seg\u00fan inform\u00f3 la Junta de Andaluc\u00eda. <\/p>\n<p class=\"voc-p\" style=\"\">Para entonces, el bulo de que el SAS hab\u00eda borrado historias cl\u00ednicas de miles de pacientes <strong>era una bomba incontrolable en las redes sociales<\/strong>. Una verdad, el fallo inform\u00e1tico, sacada de contexto, hab\u00eda servido a los partidos de izquierdas para armar la fantas\u00eda conspirativa de que el Gobierno de <strong>Juanma Moreno (PP) hab\u00eda hecho desaparecer de la noche a la ma\u00f1ana<\/strong> cientos de pruebas de los cribados de c\u00e1ncer de mama para eludir as\u00ed su responsabilidad por los errores y retrasos injustificados en el diagn\u00f3stico de mujeres que se hab\u00edan sometido al programa de detecci\u00f3n precoz de esta grave enfermedad oncol\u00f3gica. <\/p>\n<p class=\"voc-p\" style=\"\">De nada sirvi\u00f3 que, el mismo martes la propia Junta de Andaluc\u00eda informara a trav\u00e9s de su perfil oficial en X de que se hab\u00eda detectado \u00ab<strong>una ca\u00edda inform\u00e1tica puntual por el alt\u00edsimo n\u00famero de accesos\u00bb<\/strong>, pero \u00abtus pruebas, informes e historial cl\u00ednico est\u00e1n totalmente a salvo\u00bb, precisaba.<\/p>\n<p class=\"voc-p\" style=\"\">La realidad es que<strong> ni se han borrado informes ni manipulado pruebas<\/strong> ni la Junta ha reconocido en ning\u00fan momento que las hubiera hecho desaparecer, como publicaron algunos medios de comunicaci\u00f3n que no forman parte de la denominada \u00abm\u00e1quina del fango\u00bb, el t\u00e9rmino adoptado por el presidente del Gobierno, Pedro S\u00e1nchez, para englobar a aquellos pseudo medios dedicados <strong>a intoxicar, distorsionar o esparcir informaciones falsas.<\/strong> Cualquier usuario tiene desde hoy a su disposici\u00f3n los informes, im\u00e1genes y pruebas en su m\u00f3vil. <\/p>\n<p>\nEl detonante, la denuncia de Amama\n<\/p>\n<p class=\"voc-p\" style=\"\">\u00bfC\u00f3mo se fabric\u00f3 el bulo? Todo empez\u00f3 con una denuncia, la que present\u00f3 el pasado martes la asociaci\u00f3n Amama de Sevilla, la misma que hace m\u00e1s de tres semanas dio la voz de alarma de los errores en el cribado de c\u00e1ncer de mama. El colectivo convoc\u00f3 a mediod\u00eda a <strong>los periodistas para registrar un escrito ante la Fiscal\u00eda Provincial de Sevilla<\/strong> en el que denuncia la \u00abpresunta destrucci\u00f3n\u00bb de historiales m\u00e9dicos relacionados con mamograf\u00edas y ecograf\u00edas de las plataformas digitales del Servicio Andaluz de Salud.<\/p>\n<p class=\"voc-p\" style=\"\">El Gobierno andaluz sali\u00f3 r\u00e1pidamente a desmentirlo. El consejero de Sanidad, Presidencia y Emergencias de la Junta de Andaluc\u00eda, <strong>Antonio Sanz,<\/strong> lo neg\u00f3 categ\u00f3ricamente: \u00ab<strong>No hay destrucci\u00f3n ni manipulaci\u00f3n por parte del SAS y no ha habido eliminaci\u00f3n de ninguna prueba<\/strong>\u00bb. \u00abDesde el cari\u00f1o, la cercan\u00eda y la solidaridad\u00bb, le pidi\u00f3 a la asociaci\u00f3n Amama que \u00abdeje de lanzar infundios y deje de intentar desprestigiar al sistema p\u00fablico de salud y a los profesionales que trabajan en el SAS\u00bb. Tambi\u00e9n pidi\u00f3 a la oposici\u00f3n que no difundiera \u00abbulos alimentados incluso por el Gobierno de Espa\u00f1a, algo muy grave, para confundir a las andaluzas usando la salud para generar miedo e incertidumbre\u00bb.<\/p>\n<p class=\"voc-p\" style=\"\">Pero la teor\u00eda conspirativa era demasiado tentadora y la propia ministra de Sanidad, <strong>M\u00f3nica Garc\u00eda (Sumar), no dud\u00f3 en subirse al carro<\/strong>. \u00abEstamos hablando de un Partido Popular que daba martillazos a los discos duros y que cuando tiene algo que ocultar ejerce todas sus funciones\u00bb y pone \u00abal gobierno de Juan Manuel Moreno Bonilla a destruir las pruebas\u00bb, aseguraba.<\/p>\n<p class=\"voc-p\" style=\"\">Este mismo mi\u00e9rcoles, cuando las pruebas ya estaban disponibles en ClicSalud+, el propio presidente del Gobierno, <strong>Pedro S\u00e1nchez<\/strong>, se hab\u00eda eco del bulo para arremeter contra el presidente nacional del PP,<strong> Alberto N\u00fa\u00f1ez Feij\u00f3o<\/strong>, y contra el mandatario andaluz, en la sesi\u00f3n de control al Gobierno en el Congreso. Reproch\u00f3 al dirigente de los populares que no exigiera \u00abresponsabilidades\u00bb por la crisis de los cribados al presidente de la Junta de Andaluc\u00eda, cuya reacci\u00f3n, a su juicio, est\u00e1 jalonada de \u00ab<strong>mentiras, manipulaci\u00f3n, mala gesti\u00f3n, recortes y desprotecci\u00f3n<\/strong>\u00bb. <\/p>\n<p class=\"voc-p\" style=\"\">Era la tercera vez que S\u00e1nchez utilizaba este problema como arma arrojadiza contra Feij\u00f3o para<strong> no responder a sus preguntas acerca de la presunta trama de corrupci\u00f3n<\/strong> que anid\u00f3 en la c\u00fapula del PSOE y el Ministerio de Transportes, que han protagonizado los dos \u00faltimos secretarios de Organizaci\u00f3n nombrados por \u00e9l. Desde la Junta creen que La Moncloa est\u00e1 detr\u00e1s de la fabricaci\u00f3n de este bulo. Sea por la raz\u00f3n que sea, el Gobierno del PSOE y Sumar <strong>no tiene previsto soltar la presa de la falsa destrucci\u00f3n de pruebas y ha sido su principal argumento en el Congreso<\/strong>.<\/p>\n<p>\nMontero pregunta por \u00abla desaparici\u00f3n\u00bb de mamograf\u00edas\n<\/p>\n<p class=\"voc-p\" style=\"\">A pesar de que ClicSalud+ ya hab\u00eda restablecido el servicio de consulta de informes tras solucionar el fallo inform\u00e1tico, la vicepresidenta primera del Gobierno, ministra de Hacienda, l\u00edder del PSOE andaluz y candidata a la Presidencia de la Junta de Andaluc\u00eda, <strong>Mar\u00eda Jes\u00fas Montero<\/strong>, utiliz\u00f3 tambi\u00e9n este mi\u00e9rcoles el falso borrado en su r\u00e9plica en el Congreso al diputado malague\u00f1o del PP, El\u00edas Bendodo. Le pregunt\u00f3<strong> por qu\u00e9 \u00abdesaparecieron las pruebas y las mamograf\u00edas\u00bb de la aplicaci\u00f3n ClicSalud+,<\/strong> como \u00abreconoci\u00f3\u00bb la Junta el martes por la tarde y ha comunicado que ya hoy \u00abvolv\u00edan a estar disponibles\u00bb. \u00ab\u00bfPor qu\u00e9 le dijeron a las mujeres que era un infundio cuando las propias mujeres hab\u00edan entrado en la historia y hab\u00edan visto que no estaba?\u00bb, a\u00f1adi\u00f3 la &#8216;n\u00famero dos&#8217; de S\u00e1nchez.<\/p>\n<p class=\"voc-p\" style=\"\">La denuncia de Amama es rebatida por los propios expertos. <strong>Marcelino Madrigal, analista de inteligencia artificial<\/strong>, explica en un hilo de mensajes publicados en su cuenta en la red social X que t\u00e9cnicamente no es posible hacer desaparecer informes registrados en la plataforma inform\u00e1tica Diraya, el sistema del SAS que re\u00fane las historias cl\u00ednicas de todos los pacientes andaluces. <\/p>\n<blockquote class=\"twitter-tweet\" data-width=\"550\">\n<p lang=\"es\" dir=\"ltr\">Oigo a <a href=\"https:\/\/twitter.com\/AmamaSevilla?ref_src=twsrc%5Etfw\" rel=\"nofollow noopener\" target=\"_blank\">@AmamaSevilla<\/a> decir que se han borrado datos de Diraya ( el sistema inform\u00e1tico sanitario) de la Junta de Andaluc\u00eda <br \/>Creo que esta informaci\u00f3n es pertinente<\/p>\n<p>\u2014 mmadrigal (@SoyMmadrigal) <a href=\"https:\/\/twitter.com\/SoyMmadrigal\/status\/1980568753244106913?ref_src=twsrc%5Etfw\" rel=\"nofollow noopener\" target=\"_blank\">October 21, 2025<\/a><\/p><\/blockquote>\n<p class=\"voc-p\" style=\"\">\u00ab<strong>La informaci\u00f3n cl\u00ednica en Diraya no se elimina<\/strong>, salvo en procesos controlados de depuraci\u00f3n hist\u00f3rica o por mandato legal, y se respalda mediante copias de seguridad auditadas regularmente seg\u00fan las pol\u00edticas internas del SAS\u00bb, aclara en un mensaje dirigido a la asociaci\u00f3n Amama de Sevilla. <\/p>\n<p class=\"voc-p\" style=\"\">Este experto se remite a la Agencia Espa\u00f1ola de Protecci\u00f3n de Datos (AEPD). Seg\u00fan el expediente E\/00467\/2018, el sistema Diraya <strong>conserva registros de acceso durante al menos dos a\u00f1os y medio<\/strong>, incluyendo identificaci\u00f3n del usuario, fecha, hora y motivo del acceso.<\/p>\n<p class=\"voc-p\" style=\"\">\u00ab<strong>Las historias cl\u00ednicas deben conservarse de forma permanente<\/strong>, salvo partes no esenciales (p.e, hojas de tratamiento u observaciones de procesos ya cerrados) que pueden ser eliminadas pasado el plazo legal entre 5 y 15 a\u00f1os seg\u00fan el tipo de documento\u00bb, detalla. <\/p>\n<p class=\"voc-p\" style=\"\">En un mensaje publicado este mi\u00e9rcoles en X, el consejero de Sanidad, Presidencia y Emergencias, <strong>Antonio Sanz<\/strong>, ha vuelto a desmentir la eliminaci\u00f3n de informes cl\u00ednicos con parecidos argumentos a los del analista en inteligencia. \u00abSe ha difundido que se han borrado datos del sistema Diraya\u00bb, pero es \u00abfalso\u00bb, ha escrito.<\/p>\n<p class=\"voc-p\" style=\"\">Desde la Consejer\u00eda de Sanidad consideran \u00abmuy graves\u00bb las \u00abimputaciones falsas\u00bb que est\u00e1 haciendo al SAS<strong> la presidenta de Amama, \u00c1ngela Claverol,<\/strong> y otros dirigentes de la oposici\u00f3n que se han hecho eco para desgastar al Ejecutivo andaluz. \u00abNo ha desaparecido nada, no se ha modificado nada, todo ha sido una campa\u00f1a lamentable y peligrosa de ataque, desprestigio y desestabilizacion de nuestro sistema de salud\u00bb en Andaluc\u00eda, replican desde el Gobierno regional.<\/p>\n<p class=\"voc-p\" style=\"\">El ministro de Transportes y Movilidad Sostenible,<strong> \u00d3scar Puente<\/strong>, asiduo al barro tuitero, tambi\u00e9n se hizo eco de la supuesta desaparici\u00f3n de historias cl\u00ednicas de SAS en un mensaje publicado en su cuenta de X. <\/p>\n<p class=\"voc-p\" style=\"\">Antes que el ministro, la vicesecretaria general del PSOE andaluz, <strong>Mar\u00eda M\u00e1rquez<\/strong>, hab\u00eda exigido \u00abexplicaciones inmediatas\u00bb por este asunto al Gobierno andaluz de Juanma Moreno (PP) tras la denuncia de Amama. En un audio remitido a los periodistas, la diputada onubense abundaba en la misma idea y se\u00f1alaba que <strong>ser\u00eda \u00abel colmo de los colmos\u00bb que se hubieran eliminado mamograf\u00edas<\/strong> a ra\u00edz de los fallos detectados en el funcionamiento del programa de detecci\u00f3n precoz del c\u00e1ncer de mama y tambi\u00e9n que se emprenda \u00abuna caza de brujas sin precedentes\u00bb. <\/p>\n<p class=\"voc-p\" style=\"\">La portavoz del Grupo Parlamentario Por Andaluc\u00eda, <strong>Inma Nieto,<\/strong> anunci\u00f3 este mi\u00e9rcoles que entre las propuestas de resoluci\u00f3n que su grupo presente a la conclusi\u00f3n del debate general sobre sanidad que har\u00e1 este mi\u00e9rcoles el Pleno del Parlamento figurar\u00e1 la exigencia de tener en \u00ab48 horas a disposici\u00f3n los datos de este problema\u00bb.<\/p>\n<p class=\"voc-p\" style=\"\">No solo la izquierda sali\u00f3 en tromba contra el Ejecutivo andaluz del PP. El <strong>portavoz adjunto del Grupo Parlamentario Vox en Andaluc\u00eda, Rodrigo Alonso<\/strong>, tambi\u00e9n ha reprochado al consejero de Sanidad, Presidencia y Emergencias que se dedique a \u00abconfrontar\u00bb con la asociaci\u00f3n Amama cuando a\u00fan \u00abno sabe c\u00f3mo solucionar\u00bb el problema con el cribado del c\u00e1ncer de mama.<\/p>\n<p><script async src=\"https:\/\/platform.twitter.com\/widgets.js\" charset=\"utf-8\"><\/script><\/p>\n","protected":false},"excerpt":{"rendered":"Una ca\u00edda del sistema inform\u00e1tico del Servicio Andaluz de Salud (SAS) el pasado martes provoc\u00f3 que distintas pruebas&hellip;\n","protected":false},"author":2,"featured_media":195270,"comment_status":"","ping_status":"","sticky":false,"template":"","format":"standard","meta":{"footnotes":""},"categories":[5],"tags":[21505,17,18,658,10058,25,24,12774,1424,13,14,11,6404,6326,20482,19,20,1712,9,10,15,16,23,12,21,22],"class_list":{"0":"post-195269","1":"post","2":"type-post","3":"status-publish","4":"format-standard","5":"has-post-thumbnail","7":"category-titulares","8":"tag-borrado","9":"tag-breaking-news","10":"tag-breakingnews","11":"tag-campana","12":"tag-clinicos","13":"tag-es","14":"tag-espana","15":"tag-explota","16":"tag-falso","17":"tag-featured-news","18":"tag-featurednews","19":"tag-headlines","20":"tag-informes","21":"tag-izquierda","22":"tag-juanma","23":"tag-latest-news","24":"tag-latestnews","25":"tag-moreno","26":"tag-news","27":"tag-noticias","28":"tag-noticias-destacadas","29":"tag-noticiasdestacadas","30":"tag-spain","31":"tag-titulares","32":"tag-ultimas-noticias","33":"tag-ultimasnoticias"},"share_on_mastodon":{"url":"https:\/\/pubeurope.com\/@es\/115421711134330478","error":""},"_links":{"self":[{"href":"https:\/\/www.europesays.com\/es\/wp-json\/wp\/v2\/posts\/195269","targetHints":{"allow":["GET"]}}],"collection":[{"href":"https:\/\/www.europesays.com\/es\/wp-json\/wp\/v2\/posts"}],"about":[{"href":"https:\/\/www.europesays.com\/es\/wp-json\/wp\/v2\/types\/post"}],"author":[{"embeddable":true,"href":"https:\/\/www.europesays.com\/es\/wp-json\/wp\/v2\/users\/2"}],"replies":[{"embeddable":true,"href":"https:\/\/www.europesays.com\/es\/wp-json\/wp\/v2\/comments?post=195269"}],"version-history":[{"count":0,"href":"https:\/\/www.europesays.com\/es\/wp-json\/wp\/v2\/posts\/195269\/revisions"}],"wp:featuredmedia":[{"embeddable":true,"href":"https:\/\/www.europesays.com\/es\/wp-json\/wp\/v2\/media\/195270"}],"wp:attachment":[{"href":"https:\/\/www.europesays.com\/es\/wp-json\/wp\/v2\/media?parent=195269"}],"wp:term":[{"taxonomy":"category","embeddable":true,"href":"https:\/\/www.europesays.com\/es\/wp-json\/wp\/v2\/categories?post=195269"},{"taxonomy":"post_tag","embeddable":true,"href":"https:\/\/www.europesays.com\/es\/wp-json\/wp\/v2\/tags?post=195269"}],"curies":[{"name":"wp","href":"https:\/\/api.w.org\/{rel}","templated":true}]}}