{"id":19527,"date":"2025-08-01T23:18:10","date_gmt":"2025-08-01T23:18:10","guid":{"rendered":"https:\/\/www.europesays.com\/es\/19527\/"},"modified":"2025-08-01T23:18:10","modified_gmt":"2025-08-01T23:18:10","slug":"israel-vallarta-sale-en-libertad-tras-permanecer-casi-20-anos-en-prision-sabia-que-la-verdad-se-iba-a-imponer","status":"publish","type":"post","link":"https:\/\/www.europesays.com\/es\/19527\/","title":{"rendered":"Israel Vallarta sale en libertad tras permanecer casi 20 a\u00f1os en prisi\u00f3n: \u201cSab\u00eda que la verdad se iba a imponer\u201d"},"content":{"rendered":"<p class=\"\">Tras pasar casi 20 a\u00f1os en prisi\u00f3n,<a href=\"https:\/\/elpais.com\/mexico\/2025-07-16\/una-ventana-para-israel-vallarta-despues-de-19-anos-un-tribunal-ordena-que-se-revise-su-prision-preventiva.html\" target=\"_self\" rel=\"nofollow noopener\" title=\"https:\/\/elpais.com\/mexico\/2025-07-16\/una-ventana-para-israel-vallarta-despues-de-19-anos-un-tribunal-ordena-que-se-revise-su-prision-preventiva.html\"> Israel Vallarta<\/a> ha salido este viernes del penal del<a href=\"https:\/\/elpais.com\/internacional\/2015\/07\/16\/actualidad\/1437032487_307563.html\" target=\"_self\" rel=\"nofollow noopener\" title=\"https:\/\/elpais.com\/internacional\/2015\/07\/16\/actualidad\/1437032487_307563.html\"> Altiplano<\/a>. Mariana Vieyra Valdez, titular del <a href=\"https:\/\/www.cjf.gob.mx\/Directorios\/lstfundep.aspx?cv_x=925\" target=\"_blank\" rel=\"nofollow noopener\" title=\"https:\/\/www.cjf.gob.mx\/Directorios\/lstfundep.aspx?cv_x=925\">Juzgado Tercero<\/a> de Distrito en Materia Penal con sede en Toluca, dict\u00f3 la sentencia absolutoria, despu\u00e9s de argumentar que durante el proceso no se logr\u00f3 acreditar la responsabilidad penal de Israel Vallarta en los delitos de secuestro, delincuencia organizada, posesi\u00f3n de armas de uso exclusivo del Ej\u00e9rcito y privaci\u00f3n ilegal de la libertad. \u201cSab\u00eda que la verdad se iba a imponer\u201d, ha dicho al pisar la calle y despu\u00e9s de abrazarse con su esposa y otros familiares. <\/p>\n<p class=\"\">Israel Vallarta fue detenido, junto a la francesa Florence Cassez, el 8 de diciembre de 2005 por la Agencia Federal de Investigaci\u00f3n, la dependencia comandada por <a href=\"https:\/\/elpais.com\/mexico\/2024-10-16\/genaro-garcia-luna-sentenciado-a-38-anos-de-carcel-por-narcotrafico-y-delincuencia-organizada.html\" target=\"_self\" rel=\"nofollow noopener\" title=\"https:\/\/elpais.com\/mexico\/2024-10-16\/genaro-garcia-luna-sentenciado-a-38-anos-de-carcel-por-narcotrafico-y-delincuencia-organizada.html\">Genaro Garc\u00eda Luna<\/a> y <a href=\"https:\/\/elpais.com\/mexico\/2021-07-12\/un-juez-dicta-prision-para-luis-cardenas-palomino-detenido-por-tortura-en-el-caso-cassez-vallarta.html\" target=\"_self\" rel=\"nofollow noopener\" title=\"https:\/\/elpais.com\/mexico\/2021-07-12\/un-juez-dicta-prision-para-luis-cardenas-palomino-detenido-por-tortura-en-el-caso-cassez-vallarta.html\">Luis C\u00e1rdenas Palomino<\/a> (condenados hoy por delincuencia organizada y tortura, respectivamente).<\/p>\n<p>M\u00e1s informaci\u00f3n<\/p>\n<p class=\"\">La Defensor\u00eda P\u00fablica (IFDP) hab\u00eda solicitado que se cambiara su medida cautelar, puesto que su salud empeora d\u00eda con d\u00eda en el penal de m\u00e1xima de seguridad Almoloya de Ju\u00e1rez, en el Estado de M\u00e9xico. A ello, se sumaron las medidas provisionales que el Comit\u00e9 contra la Tortura (CAT) de la ONU le otorg\u00f3 a Vallarta. La primera vez fue en agosto de 2023 y la segunda, ya ampliadas, en septiembre de 2024.<\/p>\n<p><img alt=\"Israel Vallarta Cisneros es acompa\u00f1ado de sus hijos, tras su liberaci\u00f3n en el Estado de M\u00e9xico, este viernes.&#10;\" decoding=\"auto\" class=\"_re lazyload a_m-h\" height=\"277\"  width=\"414\"  src=\"https:\/\/www.europesays.com\/es\/wp-content\/uploads\/2025\/08\/F5SLMKQYNJJORFGSS2EPLVTSBQ.jpg\" loading=\"lazy\"\/>Israel Vallarta Cisneros es acompa\u00f1ado de sus hijos, tras su liberaci\u00f3n en el Estado de M\u00e9xico, este viernes.<br \/>\nHaaron Alvarez (AP)<\/p>\n<p class=\"\">El caso de Vallarta y su novia por aquel entonces ha sido uno de los m\u00e1s medi\u00e1ticos en M\u00e9xico y en el extranjero, puesto que ocasion\u00f3 un conflicto diplom\u00e1tico con Francia que acab\u00f3 con la liberaci\u00f3n de Florence Cassez, una suerte que no corri\u00f3 Vallarta, convertido hoy en un s\u00edmbolo de la corrupci\u00f3n policial y la p\u00e9sima justicia mexicanas. La historia del montaje televisivo acordado entre las autoridades policiales y los medios de comunicaci\u00f3n ha sido tratado en la literatura y documentado en series de televisi\u00f3n que han contado con el testimonio de los principales personajes p\u00fablicos de la \u00e9poca, incluido el de Cassez, quien tras pasar por prisi\u00f3n rehizo su vida en Francia. <\/p>\n<p class=\"\">Vallarta es solo uno de los miles de presos que aguardan sentencia durante a\u00f1os en las c\u00e1rceles mexicanas y su caso se ha enredado por a\u00f1os con varias acusaciones y pruebas sin fundamento. \u00c9l y su novia fueron detenidos por secuestro y torturados pr\u00e1cticamente a la vista de todos, sin que aquello fuera determinante para invalidar algunas de las pruebas que de la culpabilidad que se ofrecieron.<\/p>\n<p class=\"\">El reo ha tenido algunas oportunidades de pelear con \u00e9xito su salida de prisi\u00f3n, pero se mantuvo obcecado en lograr una sentencia absolutoria. Desde afuera, su familia y su nueva compa\u00f1era se han empe\u00f1ado todos estos a\u00f1os en llevarlo a casa, pero siempre hab\u00eda alg\u00fan obst\u00e1culo jur\u00eddico que acababa por impedirlo. Su detenci\u00f3n llev\u00f3 consigo tambi\u00e9n la de otros familiares que pasaron a la c\u00e1rcel.<\/p>\n<p><img alt=\"Israel Vallarta abandona el penal del Altiplano, este viernes.\" decoding=\"auto\" class=\"_re lazyload a_m-h\" height=\"276\"  width=\"414\"  src=\"https:\/\/www.europesays.com\/es\/wp-content\/uploads\/2025\/08\/7N7WRYSHCFOVHAIU6DJI4M4VPI.jpg\" loading=\"lazy\"\/>Israel Vallarta abandona el penal del Altiplano, este viernes.Haaron Alvarez (AP)<\/p>\n<p class=\"\">La salida definitiva era algo que se ven\u00eda rumiando en M\u00e9xico desde el pasado sexenio, pero han tenido que pasar dos d\u00e9cadas para que Vallarta vea de nuevo la calle. Las im\u00e1genes de la pareja en el momento del arresto present\u00f3 a dos figuras aturdidas y \u00e9l con signos claros de tortura. Despu\u00e9s se supo que hab\u00edan sido detenidos d\u00edas antes y lo que la opini\u00f3n p\u00fablica ve\u00eda por televisi\u00f3n no era m\u00e1s que un burdo montaje policial orquestado como venganza y servido en directo para mayo gloria de las fuerzas policiales de la \u00e9poca. El presidente franc\u00e9s <a href=\"https:\/\/elpais.com\/mexico\/2024-01-07\/sarkozy-contra-calderon-una-vieja-historia-de-cloacas-y-corrupcion.html\" target=\"_self\" rel=\"nofollow noopener\" title=\"https:\/\/elpais.com\/mexico\/2024-01-07\/sarkozy-contra-calderon-una-vieja-historia-de-cloacas-y-corrupcion.html\">Nicolas Sarkozy protagoniz\u00f3 un duro enfrentamiento con el mexicano Felipe Calder\u00f3n <\/a>que acab\u00f3 con la liberaci\u00f3n de Cassez y puso bajo los focos del mundo entero el caso Israel Vallarta, que hoy parece tocar a su fin. <\/p>\n<p class=\"\">La presidenta mexicana, Claudia Sheinbaum, ha asegurado este viernes que Vallarta posee el derecho de pedir al Estado la reparaci\u00f3n del da\u00f1o por su injusto encarcelamiento, a trav\u00e9s de un proceso judicial. La mandataria aprovech\u00f3 el anuncio de la sentencia absolutoria para se\u00f1alar al Gobierno del expresidente Felipe Calder\u00f3n (2006-2012) como el responsable de este episodio. \u201cNo se nos puede olvidar c\u00f3mo fue la detenci\u00f3n y el montaje. No se nos puede olvidar lo fue el sexenio de Felipe Calder\u00f3n, su guerra contra el narco y un personaje [Genaro Garc\u00eda Luna] que hoy est\u00e1 preso y que no precisamente se caracteriz\u00f3 por buscar la seguridad y la paz en el pa\u00eds, sino todo lo contrario, busc\u00f3 aliarse con un grupo delincuencial por un beneficio personal\u201d, ha dicho.<\/p>\n","protected":false},"excerpt":{"rendered":"Tras pasar casi 20 a\u00f1os en prisi\u00f3n, Israel Vallarta ha salido este viernes del penal del Altiplano. Mariana&hellip;\n","protected":false},"author":2,"featured_media":19528,"comment_status":"","ping_status":"","sticky":false,"template":"","format":"standard","meta":{"footnotes":""},"categories":[42],"tags":[889,17,18,13,14,11948,11947,11,61,62,63,64,11946,19,20,1804,1906,9,10,15,16,12,2579,21,22,65,66,67],"class_list":{"0":"post-19527","1":"post","2":"type-post","3":"status-publish","4":"format-standard","5":"has-post-thumbnail","7":"category-internacional","8":"tag-america","9":"tag-breaking-news","10":"tag-breakingnews","11":"tag-featured-news","12":"tag-featurednews","13":"tag-fiscalia-general-de-la-republica","14":"tag-genaro-garcia-luna","15":"tag-headlines","16":"tag-internacional","17":"tag-international","18":"tag-international-news","19":"tag-internationalnews","20":"tag-israel-vallarta","21":"tag-latest-news","22":"tag-latestnews","23":"tag-latinoamerica","24":"tag-mexico","25":"tag-news","26":"tag-noticias","27":"tag-noticias-destacadas","28":"tag-noticiasdestacadas","29":"tag-titulares","30":"tag-tortura","31":"tag-ultimas-noticias","32":"tag-ultimasnoticias","33":"tag-world","34":"tag-world-news","35":"tag-worldnews"},"share_on_mastodon":{"url":"","error":""},"_links":{"self":[{"href":"https:\/\/www.europesays.com\/es\/wp-json\/wp\/v2\/posts\/19527","targetHints":{"allow":["GET"]}}],"collection":[{"href":"https:\/\/www.europesays.com\/es\/wp-json\/wp\/v2\/posts"}],"about":[{"href":"https:\/\/www.europesays.com\/es\/wp-json\/wp\/v2\/types\/post"}],"author":[{"embeddable":true,"href":"https:\/\/www.europesays.com\/es\/wp-json\/wp\/v2\/users\/2"}],"replies":[{"embeddable":true,"href":"https:\/\/www.europesays.com\/es\/wp-json\/wp\/v2\/comments?post=19527"}],"version-history":[{"count":0,"href":"https:\/\/www.europesays.com\/es\/wp-json\/wp\/v2\/posts\/19527\/revisions"}],"wp:featuredmedia":[{"embeddable":true,"href":"https:\/\/www.europesays.com\/es\/wp-json\/wp\/v2\/media\/19528"}],"wp:attachment":[{"href":"https:\/\/www.europesays.com\/es\/wp-json\/wp\/v2\/media?parent=19527"}],"wp:term":[{"taxonomy":"category","embeddable":true,"href":"https:\/\/www.europesays.com\/es\/wp-json\/wp\/v2\/categories?post=19527"},{"taxonomy":"post_tag","embeddable":true,"href":"https:\/\/www.europesays.com\/es\/wp-json\/wp\/v2\/tags?post=19527"}],"curies":[{"name":"wp","href":"https:\/\/api.w.org\/{rel}","templated":true}]}}