{"id":195273,"date":"2025-10-23T04:59:09","date_gmt":"2025-10-23T04:59:09","guid":{"rendered":"https:\/\/www.europesays.com\/es\/195273\/"},"modified":"2025-10-23T04:59:09","modified_gmt":"2025-10-23T04:59:09","slug":"donde-el-toro-y-la-cultura-se-encuentran","status":"publish","type":"post","link":"https:\/\/www.europesays.com\/es\/195273\/","title":{"rendered":"Donde el Toro y la Cultura se Encuentran"},"content":{"rendered":"<p><strong>M\u00e9rida<\/strong> es m\u00e1s que una <strong>ciudad<\/strong>. Es un <strong>territorio de historia<\/strong>, de <strong>ra\u00edces profundas<\/strong> que dialogan entre lo <strong>sagrado<\/strong> y lo <strong>festivo<\/strong>, entre la <strong>devoci\u00f3n<\/strong> y el <strong>arte<\/strong>. En esta tierra donde el <strong>pueblo maya<\/strong> supo mirar al cielo y encontrar <strong>dioses en el sol<\/strong>, hoy la mirada se dirige al <strong>ruedo<\/strong>, a esa <strong>liturgia mestiza<\/strong> que se llama <strong>fiesta brava<\/strong>.<\/p>\n<p class=\"has-blue-ova-color has-white-background-color has-text-color has-background\"><strong>TE PUEDE INTERESAR: <a href=\"https:\/\/ovaciones.com\/chivas-dejo-ir-oportunidad-de-meterse-a-zona-de-liguilla-y-perdio-en-queretaro\/\" rel=\"nofollow noopener\" target=\"_blank\">Chivas dej\u00f3 ir oportunidad de meterse a zona de Liguilla y perdi\u00f3 en Quer\u00e9taro<\/a><\/strong><\/p>\n<p>La <strong>Plaza de Toros Monumental de M\u00e9rida<\/strong>, joya de la <strong>pen\u00ednsula<\/strong> y <strong>s\u00edmbolo de identidad<\/strong>, abre un nuevo cap\u00edtulo con la llegada de <strong>Caparica Representaciones<\/strong>, encabezada por <strong>Roberto Viezcas Mireles<\/strong>, <strong>ganadero<\/strong>, <strong>apoderado<\/strong> y ahora <strong>empresario<\/strong>, que ha decidido mirar al sur con <strong>respeto<\/strong>, <strong>grandeza<\/strong> y <strong>compromiso<\/strong>.<\/p>\n<p>No se trata solo de dar toros: se trata de <strong>devolverle al pueblo de Yucat\u00e1n el sentido original de su fiesta<\/strong>. Viezcas lo ha dicho con claridad: \u201c<strong>no venimos a invadir, venimos a sumar<\/strong>\u201d. Su apuesta es <strong>cultural<\/strong>: colocar al <strong>toro serio<\/strong> como eje, a la <strong>gente de Yucat\u00e1n<\/strong> como <strong>alma<\/strong>, y a la <strong>tradici\u00f3n taurina<\/strong> como <strong>puente entre historia y porvenir<\/strong>.<\/p>\n<p>Una plaza que es cultura viva<\/p>\n<p>En <strong>Yucat\u00e1n<\/strong> se celebran m\u00e1s de <strong>dos mil festejos taurinos al a\u00f1o<\/strong>. Cada pueblo, cada feria, se convierte en un <strong>escenario donde el toro es s\u00edmbolo de respeto y fe<\/strong>. Los <strong>mayas<\/strong> lo entendieron en su culto a la fuerza, y los <strong>yucatecos<\/strong> lo reafirman hoy en cada <strong>pase\u00edllo<\/strong>.<\/p>\n<p>Por eso la <strong>Monumental de M\u00e9rida<\/strong> no es solo un <strong>coso taurino<\/strong>: es la <strong>catedral del toreo peninsular<\/strong>. Quien asume su <strong>direcci\u00f3n<\/strong>, como lo hace <strong>Viezcas Mireles<\/strong>, carga con una <strong>responsabilidad cultural<\/strong> que trasciende lo empresarial.<\/p>\n<p><strong>Roberto Viezcas<\/strong> lo asume con <strong>visi\u00f3n amplia<\/strong>. Rodearse de <strong>gente local<\/strong>, como <strong>Michele Lagraverey<\/strong> y <strong>Diana Peniche<\/strong>, habla de <strong>sensibilidad<\/strong> y <strong>respeto<\/strong>. La <strong>fiesta<\/strong> debe ser hecha por y para <strong>M\u00e9rida<\/strong>, generando <strong>empleos<\/strong>, <strong>oportunidades<\/strong> y <strong>sentido de pertenencia<\/strong>.<\/p>\n<p>El cartel que marca un comienzo<\/p>\n<p>El <strong>s\u00e1bado 25 de octubre<\/strong>, la <strong>Monumental<\/strong> abrir\u00e1 con una <strong>corrida de beneficencia<\/strong> para la <strong>Fundaci\u00f3n T\u00f3cate<\/strong>. En el <strong>ruedo<\/strong>, <strong>Sergio Flores<\/strong>, <strong>Diego San Rom\u00e1n<\/strong> y el joven <strong>Marcos P\u00e9rez<\/strong> lidiar\u00e1n seis <strong>toros de Bego\u00f1a<\/strong>, un <strong>encierro de categor\u00eda<\/strong>, s\u00edmbolo de <strong>seriedad<\/strong> y <strong>respeto al toro bravo<\/strong>.<\/p>\n<p>Este <strong>cartel<\/strong> no solo presenta una <strong>tarde m\u00e1s<\/strong>: representa un <strong>manifiesto<\/strong>. Es el <strong>regreso del compromiso<\/strong> y la <strong>autenticidad<\/strong>, el renacer de una <strong>plaza referente de M\u00e9xico<\/strong> y <strong>orgullo de Yucat\u00e1n<\/strong>.<\/p>\n<p>El futuro: grandeza y uni\u00f3n<\/p>\n<p>Viezcas insiste en que la <strong>fiesta necesita unidad<\/strong>. Su proyecto no busca competir, sino <strong>sumar<\/strong>. Propone un <strong>calendario<\/strong> con al menos cinco <strong>corridas<\/strong>, incluyendo la tradicional del <strong>1 de enero<\/strong> y la de <strong>aniversario<\/strong>, fieles a la <strong>esencia meridana<\/strong>. Pero lo esencial est\u00e1 en el <strong>esp\u00edritu<\/strong>: <strong>dignificar la tauromaquia desde la cultura, el respeto y la seriedad<\/strong>.<\/p>\n<p>M\u00e9rida, espejo del alma mexicana<\/p>\n<p>La <strong>fiesta en M\u00e9rida<\/strong> no es una moda: es una <strong>expresi\u00f3n de identidad<\/strong>. En cada <strong>pase<\/strong>, en cada <strong>toro<\/strong>, en cada <strong>aplauso<\/strong>, se cruzan siglos de <strong>historia<\/strong>, <strong>mestizaje<\/strong> y <strong>fervor<\/strong>. La llegada de <strong>Roberto Viezcas<\/strong> y <strong>Caparica Representaciones<\/strong> es una <strong>buena noticia<\/strong> para el pa\u00eds taurino y una <strong>esperanza para la cultura viva de Yucat\u00e1n<\/strong>.<\/p>\n<p>Expectaci\u00f3n y eco medi\u00e1tico: M\u00e9rida vuelve a sonar<\/p>\n<p>Desde que se anunci\u00f3 el <strong>cartel inaugural<\/strong>, M\u00e9rida ha ocupado <strong>titulares<\/strong> en <strong>medios tradicionales y digitales<\/strong>. La llegada de <strong>Caparica Representaciones<\/strong> y el regreso de <strong>Sergio Flores<\/strong>, <strong>Diego San Rom\u00e1n<\/strong> y <strong>Marcos P\u00e9rez<\/strong> encendi\u00f3 la conversaci\u00f3n <strong>taurina<\/strong>, llenando <strong>radio<\/strong>, <strong>televisi\u00f3n<\/strong> y <strong>prensa especializada<\/strong>.<\/p>\n<p>Las <strong>redes sociales<\/strong> reflejan esta <strong>expectaci\u00f3n<\/strong>: <strong>aficionados<\/strong> de <strong>Yucat\u00e1n<\/strong>, del <strong>interior de M\u00e9xico<\/strong> y de <strong>Espa\u00f1a<\/strong> comparten <strong>fotograf\u00edas<\/strong>, <strong>recuerdos<\/strong> y <strong>mensajes de apoyo<\/strong> a la <strong>Monumental<\/strong>. La campa\u00f1a de <strong>comunicaci\u00f3n<\/strong> ha sido s\u00f3lida, poniendo a <strong>M\u00e9rida<\/strong> nuevamente en el <strong>mapa taurino nacional<\/strong>.<\/p>\n<p>M\u00e1s all\u00e1 del <strong>marketing<\/strong>, se percibe una <strong>corriente de ilusi\u00f3n colectiva<\/strong>: la <strong>plaza<\/strong> volver\u00e1 a brillar con <strong>luz propia<\/strong>, y la nueva empresa llega con <strong>orgullo local<\/strong>, <strong>seriedad<\/strong> y <strong>respeto por la cultura yucateca<\/strong>. El mensaje ha calado: \u201c<strong>M\u00e9rida vuelve a ser noticia por lo que la hace \u00fanica: su identidad y su fiesta<\/strong>\u201d.<\/p>\n","protected":false},"excerpt":{"rendered":"M\u00e9rida es m\u00e1s que una ciudad. Es un territorio de historia, de ra\u00edces profundas que dialogan entre lo&hellip;\n","protected":false},"author":2,"featured_media":195274,"comment_status":"","ping_status":"","sticky":false,"template":"","format":"standard","meta":{"footnotes":""},"categories":[277],"tags":[373,168,25,24,23,167,374],"class_list":{"0":"post-195273","1":"post","2":"type-post","3":"status-publish","4":"format-standard","5":"has-post-thumbnail","7":"category-toreo","8":"tag-bullfighting","9":"tag-deportes","10":"tag-es","11":"tag-espana","12":"tag-spain","13":"tag-sports","14":"tag-toreo"},"share_on_mastodon":{"url":"https:\/\/pubeurope.com\/@es\/115421719095888788","error":""},"_links":{"self":[{"href":"https:\/\/www.europesays.com\/es\/wp-json\/wp\/v2\/posts\/195273","targetHints":{"allow":["GET"]}}],"collection":[{"href":"https:\/\/www.europesays.com\/es\/wp-json\/wp\/v2\/posts"}],"about":[{"href":"https:\/\/www.europesays.com\/es\/wp-json\/wp\/v2\/types\/post"}],"author":[{"embeddable":true,"href":"https:\/\/www.europesays.com\/es\/wp-json\/wp\/v2\/users\/2"}],"replies":[{"embeddable":true,"href":"https:\/\/www.europesays.com\/es\/wp-json\/wp\/v2\/comments?post=195273"}],"version-history":[{"count":0,"href":"https:\/\/www.europesays.com\/es\/wp-json\/wp\/v2\/posts\/195273\/revisions"}],"wp:featuredmedia":[{"embeddable":true,"href":"https:\/\/www.europesays.com\/es\/wp-json\/wp\/v2\/media\/195274"}],"wp:attachment":[{"href":"https:\/\/www.europesays.com\/es\/wp-json\/wp\/v2\/media?parent=195273"}],"wp:term":[{"taxonomy":"category","embeddable":true,"href":"https:\/\/www.europesays.com\/es\/wp-json\/wp\/v2\/categories?post=195273"},{"taxonomy":"post_tag","embeddable":true,"href":"https:\/\/www.europesays.com\/es\/wp-json\/wp\/v2\/tags?post=195273"}],"curies":[{"name":"wp","href":"https:\/\/api.w.org\/{rel}","templated":true}]}}