{"id":195275,"date":"2025-10-23T05:00:08","date_gmt":"2025-10-23T05:00:08","guid":{"rendered":"https:\/\/www.europesays.com\/es\/195275\/"},"modified":"2025-10-23T05:00:08","modified_gmt":"2025-10-23T05:00:08","slug":"tom-aspinall-el-hombre-mas-peligroso-del-planeta-que-retiro-al-mejor-de-todos-los-tiempos","status":"publish","type":"post","link":"https:\/\/www.europesays.com\/es\/195275\/","title":{"rendered":"Tom Aspinall, el hombre m\u00e1s peligroso del planeta que &#8216;retir\u00f3&#8217; al mejor de todos los tiempos"},"content":{"rendered":"<p style=\"\">En los deportes de contacto, los pesos pesados siempre han sido uno de los principales atractivos para los aficionados. Peleas de personas que, en cualquier momento, pod\u00edan acabarse por una sola mano. A esta divisi\u00f3n pertenecieron grandes nombres como Mike Tyson o Muhammad Ali en  &#8230; el boxeo. Las artes marciales mixtas (MMA) no se han quedado atr\u00e1s en este aspecto. Figuras de la talla de Fedor Emilianenko, Brock Lesnar o, m\u00e1s recientemente, Jon Jones han deslumbrado a los aficionados. Ahora,<strong> el relevo en las MMA est\u00e1 en las manos de Tom Aspinall<\/strong>, quien parece ser el encargado de devolver la grandeza y el inter\u00e9s a estos colosos de la jaula.<\/p>\n<p class=\"voc-p\" style=\"\">Si las MMA son el deporte de contacto m\u00e1s completo del mundo, no es err\u00f3neo afirmar que el mejor del mundo en esta modalidad y m\u00e1s grande puede ser la persona m\u00e1s peligrosa sobre la faz de la tierra. Este trono lo ocupa Tom Aspinall, quien puede presumir de ser uno de los luchadores m\u00e1s completos en su categor\u00eda. A su descomunal pegada se suma su conocimiento de grappling y su sorprendente agilidad, capaz de moverse sobre las puntas de sus pies a pesar de su tama\u00f1o. Pero estas &#8216;armas&#8217; no son solo habladur\u00edas: <strong>todas sus victorias han llegado por la v\u00eda de la finalizaci\u00f3n<\/strong>. Adem\u00e1s, 14 de estas 15 han sido en el primer asalto. Aspinall es sin duda una apisonadora cuando entra a la jaula. Es m\u00e1s,<a href=\"https:\/\/www.abc.es\/deportes\/mma\/record-historico-busca-quebrar-ufc-merab-dvalishvili-20251020023051-nt.html\" target=\"_self\" data-voc-vtm-id=\"in-text-traffic\" title=\" tiene el r\u00e9cord\" rel=\"nofollow noopener\"> tiene el r\u00e9cord<\/a> de menos tiempo de media en una pelea en la UFC, con apenas 2:02 minutos.<\/p>\n<p class=\"voc-p\" style=\"\">Una combinaci\u00f3n as\u00ed no surge por casualidad. El joven Aspinall siempre creci\u00f3 vinculado a las artes marciales debido a su padre, quien tras ver el potencial y la motivaci\u00f3n de su hijo entrenando lucha libre y boxeo, decidi\u00f3 dejarlo todo de lado para formarlo en jiu-jitsu brasile\u00f1o. Con 15 a\u00f1os y m\u00e1s de 1,96 metros, dio el salto a las MMA y, tras un paso impecable por el circuito amateur, debut\u00f3 como profesional. Tras cosechar un r\u00e9cord profesional de cinco victorias y dos derrotas estuvo fuera de la jaula por casi tres a\u00f1os, debido a las dificultades para encontrar oponentes. Esto, sumado al embarazo de su esposa <strong>lo llev\u00f3 a probar suerte en el boxeo<\/strong>. A pesar de ganar en su estreno no qued\u00f3 conforme con el mundo alrededor de esta disciplina. Cabe destacar que la UFC llam\u00f3 a su puerta, pero al no sentirse preparado declin\u00f3 su oferta. Fue entonces cuando lleg\u00f3 una propuesta de Cage Warriors que devolvi\u00f3 al ingl\u00e9s a la jaula. <\/p>\n<p class=\"voc-p\" style=\"\">Aqu\u00ed consigui\u00f3 dos nocauts en el primer asalto para, ahora s\u00ed, entrar a la UFC en julio de 2020. En apenas 45 segundos demostr\u00f3 de lo que estaba hecho tras finalizar a su rival. Otras cuatro victorias seguidas lo llevaron a plantarse como un aspirante claro al cintur\u00f3n. Sin embargo, las MMA son un deporte cruel y le demostraron que segu\u00eda siendo humano. En su pleito contra Curtis Blaydes, <strong>el ingl\u00e9s se lesion\u00f3 la rodilla en 15 segundos<\/strong>, tras lanzar su primera patada. Despu\u00e9s de un a\u00f1o fuera, le bast\u00f3 poco m\u00e1s de un minuto para regresar a la senda de la victoria contra Marcin Tybura. <\/p>\n<p class=\"voc-p\" style=\"\">Para noviembre de 2023, Jon Jones, considerado por muchos como el mejor artista marcial mixto de la historia, estaba programado para enfrentar a Stipe Miocic en el UFC 295, pero una lesi\u00f3n en el pectoral lo dej\u00f3 fuera un a\u00f1o. Fue entonces cuando Dana White program\u00f3 una pelea por el cintur\u00f3n interino entre Tom Aspinall y el ruso Sergei Pavlovich, quien tambi\u00e9n ven\u00eda arrasando en la divisi\u00f3n. Tras 60 segundos de combate, la mano del ingl\u00e9s aterriz\u00f3 primero, <a href=\"https:\/\/www.abc.es\/deportes\/mma\/confirmadas-peleas-estelares-ufc-320-ufc-321-20250723113731-nt.html\" target=\"_self\" data-voc-vtm-id=\"in-text-traffic\" title=\"convirti\u00e9ndolo en el nuevo campe\u00f3n interino de los pesos pesados de la UFC\" rel=\"nofollow noopener\">convirti\u00e9ndolo en el nuevo campe\u00f3n interino de los pesos pesados de la UFC<\/a>. <\/p>\n<p class=\"voc-p\" style=\"\">Lo normal hubiera sido que Jon Jones, enfrentara Aspinall en su regreso, pero la UFC le permiti\u00f3 volver contra Stipe Miocic, lo que dej\u00f3 en el limbo al campe\u00f3n interino. Entre tanto, y para no perder la actividad, Tom Aspinall defendi\u00f3 su cinto contra el mismo Curtis Blaydes, a quien tambi\u00e9n gan\u00f3 en un minuto. Tras el triunfo de Jones, la gente esperaba que, ahora s\u00ed, este combatiera contra Aspinall. Nada m\u00e1s lejos de la realidad. El estadounidense estuvo meses en negociaciones y dejando entre ver un posible retiro. Las cr\u00edticas no cesaban, argumentando muchos aficionados que era una estrategia para no enfrentar a Aspinall, a quien muchos ve\u00edan como favorito. Aunque la UFC acept\u00f3 la cifra millonaria que Jones ped\u00eda, este acab\u00f3 por colgar las guantillas. <\/p>\n<p class=\"voc-p\" style=\"\"><strong>\u00abAyer nos llam\u00f3 y nos dijo que se retiraba. El nuevo campe\u00f3n indiscutido del peso pesado de la UFC es Tom Aspinall\u00bb<\/strong>, afirm\u00f3 Dana White en la rueda de prensa de UFC Bak\u00fa. Ahora, sin el &#8216;obst\u00e1culo&#8217; de Jon Jones, Tom Aspinall tiene la oportunidad de escribir su propio cap\u00edtulo en la historia de los pesos pesados. Su primera prueba ser\u00e1 contra el franc\u00e9s Ciryl Gane en este UFC 321.<\/p>\n","protected":false},"excerpt":{"rendered":"En los deportes de contacto, los pesos pesados siempre han sido uno de los principales atractivos para los&hellip;\n","protected":false},"author":2,"featured_media":195276,"comment_status":"","ping_status":"","sticky":false,"template":"","format":"standard","meta":{"footnotes":""},"categories":[276],"tags":[52965,168,25,24,366,1684,3379,5635,5775,23,167,7682,9459,343],"class_list":{"0":"post-195275","1":"post","2":"type-post","3":"status-publish","4":"format-standard","5":"has-post-thumbnail","7":"category-ufc","8":"tag-aspinall","9":"tag-deportes","10":"tag-es","11":"tag-espana","12":"tag-hombre","13":"tag-mejor","14":"tag-peligroso","15":"tag-planeta","16":"tag-retiro","17":"tag-spain","18":"tag-sports","19":"tag-tiempos","20":"tag-tom","21":"tag-ufc"},"share_on_mastodon":{"url":"https:\/\/pubeurope.com\/@es\/115421722862192534","error":""},"_links":{"self":[{"href":"https:\/\/www.europesays.com\/es\/wp-json\/wp\/v2\/posts\/195275","targetHints":{"allow":["GET"]}}],"collection":[{"href":"https:\/\/www.europesays.com\/es\/wp-json\/wp\/v2\/posts"}],"about":[{"href":"https:\/\/www.europesays.com\/es\/wp-json\/wp\/v2\/types\/post"}],"author":[{"embeddable":true,"href":"https:\/\/www.europesays.com\/es\/wp-json\/wp\/v2\/users\/2"}],"replies":[{"embeddable":true,"href":"https:\/\/www.europesays.com\/es\/wp-json\/wp\/v2\/comments?post=195275"}],"version-history":[{"count":0,"href":"https:\/\/www.europesays.com\/es\/wp-json\/wp\/v2\/posts\/195275\/revisions"}],"wp:featuredmedia":[{"embeddable":true,"href":"https:\/\/www.europesays.com\/es\/wp-json\/wp\/v2\/media\/195276"}],"wp:attachment":[{"href":"https:\/\/www.europesays.com\/es\/wp-json\/wp\/v2\/media?parent=195275"}],"wp:term":[{"taxonomy":"category","embeddable":true,"href":"https:\/\/www.europesays.com\/es\/wp-json\/wp\/v2\/categories?post=195275"},{"taxonomy":"post_tag","embeddable":true,"href":"https:\/\/www.europesays.com\/es\/wp-json\/wp\/v2\/tags?post=195275"}],"curies":[{"name":"wp","href":"https:\/\/api.w.org\/{rel}","templated":true}]}}