{"id":195284,"date":"2025-10-23T05:08:08","date_gmt":"2025-10-23T05:08:08","guid":{"rendered":"https:\/\/www.europesays.com\/es\/195284\/"},"modified":"2025-10-23T05:08:08","modified_gmt":"2025-10-23T05:08:08","slug":"crear-es-el-fin-en-si-mismo-eso-es-para-mi-lo-mas-bonito","status":"publish","type":"post","link":"https:\/\/www.europesays.com\/es\/195284\/","title":{"rendered":"Crear es el fin en s\u00ed mismo, eso es para m\u00ed lo m\u00e1s bonito"},"content":{"rendered":"<p>            Diego Vicente: \u00abCrear es el fin en s\u00ed mismo, eso es para m\u00ed lo m\u00e1s bonito\u00bb                <\/p>\n<p>Diego Vicente: \u00abCrear es el fin en s\u00ed mismo, eso es para m\u00ed lo m\u00e1s bonito\u00bb<\/p>\n<p class=\"epigraph\">Nacido en Alag\u00f3n (1990), es un artista pl\u00e1stico polifac\u00e9tico: ilustrador y pintor conocido especialmente por sus murales, crea tambi\u00e9n obras como las que formaron parte de este Festival Asalto.<\/p>\n<p class=\"paragraph\">Artista pl\u00e1stico, <b>su sello muralista invade de color las fachadas de diversos pueblos aragoneses<\/b>, como en el que naci\u00f3, Alag\u00f3n. En Zaragoza, tambi\u00e9n se vislumbra su arte en las canchas del Colegio P\u00fablico El Espartidero, en Santa Isabel; en el Kiosko de las Letras, en el Parque Grande Jos\u00e9 Antonio Labordeta; en el C.E.E. Rinc\u00f3n de Goya; o en las paredes del \u00e1rea infantil del Cl\u00ednico.<\/p>\n<p>            Conforme a los criterios de<br \/>\n            <a class=\"trustproject_img\" id=\"trustproject_img\" href=\"https:\/\/thetrustproject.org\/\" target=\"_blank\" rel=\"nofollow noopener\" aria-label=\"Trust Project\"><img decoding=\"async\" loading=\"lazy\" src=\"https:\/\/www.heraldo.es\/images\/Trust-Logo-Horizontal.svg\" alt=\"Logo Trust Project\" width=\"200\" height=\"34\"\/><\/a><\/p>\n<p>        <a href=\"https:\/\/www.henneo.com\/\" title=\"Grupo Henneo\" class=\"logo\" rel=\"nofollow noopener\" target=\"_blank\"><br \/>\n            <img decoding=\"async\" src=\"https:\/\/www.heraldo.es\/images\/logo_henneo_gris.svg\" alt=\"Logo Henneo\" width=\"559\" height=\"389\" loading=\"lazy\"\/><br \/>\n        <\/a><\/p>\n<p>\u00a9 HERALDO DE ARAGON EDITORA, S.L.U.<br \/>Tel\u00e9fono 976 765 000 \/ &#8211; P\u00ba. Independencia, 29, 50001 Zaragoza &#8211; CIF: B99288763 &#8211; Inscrita en el Registro Mercantil de Zaragoza al Tomo 3796, Libro 0, Folio 177, Secci\u00f3n 8, Hoja Z-50564<br \/>Queda prohibida toda reproducci\u00f3n sin permiso escrito de la empresa a los efectos del art\u00edculo 32.1, p\u00e1rrafo segundo, de la Ley de Propiedad Intelectual<\/p>\n<p>\n                P\u00ba Independencia, 29, 50001 Zaragoza<br \/> Tel\u00e9fono 976 765 000\n            <\/p>\n<p>                    Actualmente tu navegador no permite ejecutar JavaScript. Para poder disfrutar de nuestro contenido es necesario que lo permita.<br \/>\n                                        <img decoding=\"async\" loading=\"lazy\" alt=\"Heraldo logo\" src=\"https:\/\/dkumiip2e9ary.cloudfront.net\/xalok\/heraldo\/especiales\/hola-de-nuevo\/logo-heraldo.svg\" width=\"215\" height=\"43\"\/><\/p>\n","protected":false},"excerpt":{"rendered":"Diego Vicente: \u00abCrear es el fin en s\u00ed mismo, eso es para m\u00ed lo m\u00e1s bonito\u00bb Diego Vicente:&hellip;\n","protected":false},"author":2,"featured_media":195285,"comment_status":"","ping_status":"","sticky":false,"template":"","format":"standard","meta":{"footnotes":""},"categories":[173],"tags":[54219,229,233,1830,54220,54221,231,230,54223,11692,232,54217,234,146,147,25,24,34471,8255,54218,474,475,54222,503,8419,13437,23,491],"class_list":{"0":"post-195284","1":"post","2":"type-post","3":"status-publish","4":"format-standard","5":"has-post-thumbnail","7":"category-arte-y-diseno","8":"tag-alagon","9":"tag-arte","10":"tag-arte-y-diseno","11":"tag-artista","12":"tag-artistas-aragon","13":"tag-artistas-zaragoza","14":"tag-arts","15":"tag-arts-and-design","16":"tag-boa-mistura","17":"tag-color","18":"tag-design","19":"tag-diego-vicente","20":"tag-diseno","21":"tag-entertainment","22":"tag-entretenimiento","23":"tag-es","24":"tag-espana","25":"tag-matisse","26":"tag-murales","27":"tag-muralista","28":"tag-obras","29":"tag-pintor","30":"tag-pintor-zaragoza","31":"tag-pintura","32":"tag-pueblos","33":"tag-recortes","34":"tag-spain","35":"tag-zaragoza"},"share_on_mastodon":{"url":"https:\/\/pubeurope.com\/@es\/115421754808160412","error":""},"_links":{"self":[{"href":"https:\/\/www.europesays.com\/es\/wp-json\/wp\/v2\/posts\/195284","targetHints":{"allow":["GET"]}}],"collection":[{"href":"https:\/\/www.europesays.com\/es\/wp-json\/wp\/v2\/posts"}],"about":[{"href":"https:\/\/www.europesays.com\/es\/wp-json\/wp\/v2\/types\/post"}],"author":[{"embeddable":true,"href":"https:\/\/www.europesays.com\/es\/wp-json\/wp\/v2\/users\/2"}],"replies":[{"embeddable":true,"href":"https:\/\/www.europesays.com\/es\/wp-json\/wp\/v2\/comments?post=195284"}],"version-history":[{"count":0,"href":"https:\/\/www.europesays.com\/es\/wp-json\/wp\/v2\/posts\/195284\/revisions"}],"wp:featuredmedia":[{"embeddable":true,"href":"https:\/\/www.europesays.com\/es\/wp-json\/wp\/v2\/media\/195285"}],"wp:attachment":[{"href":"https:\/\/www.europesays.com\/es\/wp-json\/wp\/v2\/media?parent=195284"}],"wp:term":[{"taxonomy":"category","embeddable":true,"href":"https:\/\/www.europesays.com\/es\/wp-json\/wp\/v2\/categories?post=195284"},{"taxonomy":"post_tag","embeddable":true,"href":"https:\/\/www.europesays.com\/es\/wp-json\/wp\/v2\/tags?post=195284"}],"curies":[{"name":"wp","href":"https:\/\/api.w.org\/{rel}","templated":true}]}}