{"id":195290,"date":"2025-10-23T05:12:17","date_gmt":"2025-10-23T05:12:17","guid":{"rendered":"https:\/\/www.europesays.com\/es\/195290\/"},"modified":"2025-10-23T05:12:17","modified_gmt":"2025-10-23T05:12:17","slug":"si-no-fuera-tan-vago-seria-un-director-de-cine-excelente","status":"publish","type":"post","link":"https:\/\/www.europesays.com\/es\/195290\/","title":{"rendered":"Si no fuera tan vago, ser\u00eda un director de cine excelente"},"content":{"rendered":"<p data-journey-content=\"true\" data-node-id=\"3\" class=\"css-6wxqfj emevuu60\">A mediados de los 70, el director y productor George Lucas comenz\u00f3 a desarrollar su obra maestra, \u2018La guerra de las galaxias. Episodio IV: Una nueva esperanza\u2019 (1977), una aventura espacial que <strong data-node-id=\"3.1\">reinventaba por completo el g\u00e9nero de ciencia ficci\u00f3n bebiendo del cine de samur\u00e1is de los a\u00f1os 50<\/strong>. La trama segu\u00eda a un grupo compuesto por un joven granjero, una princesa, un contrabandista, un alien\u00edgena enorme y peludo, y dos androides, quienes formaban una extra\u00f1a troupe que sin querer se ve\u00eda inmerso en una despiadada guerra entre el totalitario y mal\u00e9volo Imperio gal\u00e1ctico, y la Alianza Rebelde que trata de combatirlo.<\/p>\n<p><img draggable=\"true\" alt=\"star wars poster\" title=\"star wars poster\" loading=\"lazy\" width=\"1500\" height=\"2190\" decoding=\"async\" data-nimg=\"1\" style=\"color:transparent;width:100%;height:auto;\"   src=\"https:\/\/www.europesays.com\/es\/wp-content\/uploads\/2025\/10\/star-wars-poster-666c2e8f3186a.jpg\" class=\"css-0 e1g79fud0\"\/><\/p>\n<p>Getty Images<\/p>\n<p data-journey-content=\"true\" data-node-id=\"8\" class=\"css-6wxqfj emevuu60\">Para esta primera pel\u00edcula, que a\u00f1os despu\u00e9s dar\u00eda lugar a una de las sagas cinematogr\u00e1ficas m\u00e1s famosas de todos los tiempos, George Lucas llev\u00f3 a cabo un complejo casting para determinar qu\u00e9 int\u00e9rprete dar\u00eda vida a cada personaje en el resto de la trilog\u00eda. La elecci\u00f3n de Mark Hamill para el personaje protagonista, Luke Skywalker, tiene su propia historia. El joven aspirante a actor todav\u00eda no hab\u00eda conseguido abrirse paso en la industria, y malviv\u00eda con unos ingresos m\u00ednimos esperando su oportunidad. Su \u00edntimo amigo, el actor Robert Englund, quien a\u00f1os m\u00e1s tarde fue mundialmente famoso por dar vida al personaje de Freddy Krueger en la saga de terror \u2018Pesadilla en Elm Street\u2019, asisti\u00f3 al casting de \u2018Apocalypse Now\u2019 (1979), de Francis Ford Coppola, y una vez all\u00ed, se enter\u00f3 de que en la sala contigua del mismo edificio se estaba llevando a cabo el proceso de elecci\u00f3n para los papeles de \u2018Star Wars\u2019. Englund anim\u00f3 a Hamill a asistir al casting, y el resto es historia.<\/p>\n<p><img draggable=\"true\" alt=\"star wars luke skywalker mark hamill\" title=\"star wars luke skywalker mark hamill\" loading=\"lazy\" width=\"2500\" height=\"1707\" decoding=\"async\" data-nimg=\"1\" style=\"color:transparent;width:100%;height:auto;\"   src=\"https:\/\/www.europesays.com\/es\/wp-content\/uploads\/2025\/10\/star-wars-luke-skywalker-mark-hamill-65c4fea0b91ea.jpg\" class=\"css-0 e1g79fud0\"\/><\/p>\n<p>Getty Images<\/p>\n<p data-journey-content=\"true\" data-node-id=\"11\" class=\"css-6wxqfj emevuu60\">No obstante, la elecci\u00f3n de Harrison Ford como Han Solo tambi\u00e9n est\u00e1 acompa\u00f1ada de una curiosa historia. El actor de \u2018Indiana Jones\u2019 fue un buscavidas durante su juventud, desempe\u00f1ando todo tipo de trabajos antes de abrirse un hueco en Hollywood, como carpintero, operador de c\u00e1mara, <a href=\"https:\/\/www.fotogramas.es\/famosos-celebrities\/a46229200\/harrison-ford-the-doors-trabajo-drogas-jim-morrison\/\" data-vars-ga-outbound-link=\"https:\/\/www.fotogramas.es\/famosos-celebrities\/a46229200\/harrison-ford-the-doors-trabajo-drogas-jim-morrison\/\" data-vars-ga-ux-element=\"Hyperlink\" data-vars-ga-call-to-action=\"e incluso camello personal de la banda de rock The Doors\" data-node-id=\"11.1\" class=\"body-link css-d2so5l emevuu60\" rel=\"nofollow noopener\" target=\"_blank\">e incluso camello personal de la banda de rock The Doors<\/a>. Finalmente, Ford logr\u00f3 un papel en \u2018American Graffiti\u2019 (1973), de George Lucas, con el que pudo debutar en la gran pantalla, pero tras esto, no obtuvo m\u00e1s oportunidades y se vio obligado a regresar a la carpinter\u00eda para poder subsistir. Cuando se abri\u00f3 el proceso de casting, Ford se present\u00f3 para el papel de Han Solo, pero George Lucas no quer\u00eda que ning\u00fan miembro del reparto de \u2018American Graffiti\u2019 repitiera en pantalla, por lo que fue descartado. A\u00fan as\u00ed, Lucas le pidi\u00f3 a Ford el favor de leer las r\u00e9plicas del personaje de Solo mientras Mark Hamill audicionaba para el papel de Luke, y qued\u00f3 tan convencido de su actuaci\u00f3n que no tuvo m\u00e1s remedio que ofrecerle el rol.<\/p>\n<p>No te pierdas esto<a data-theme-key=\"base-link\" href=\"#\" class=\"e1fx7w0v5 css-xorst3 e1c1bym14\">Reg\u00edstrate para recibir contenido personalizado<img decoding=\"async\" data-dynamic-svg=\"true\" src=\"https:\/\/www.fotogramas.es\/_assets\/design-tokens\/fre\/static\/icons\/arrow-right-regular.e879c19.svg?primary=%2523000000\" loading=\"lazy\" data-testid=\"dynamic-svg-base\" height=\"auto\" width=\"100%\" alt=\"\" class=\"css-13htjwu e1fx7w0v1\"\/><\/a><img draggable=\"true\" alt=\"harrison ford\" title=\"harrison ford\" loading=\"lazy\" width=\"2400\" height=\"1709\" decoding=\"async\" data-nimg=\"1\" style=\"color:transparent;width:100%;height:auto;\"   src=\"https:\/\/www.europesays.com\/es\/wp-content\/uploads\/2025\/10\/harrison-ford-joven-671cc78fcf25f.jpg\" class=\"css-0 e1g79fud0\"\/><\/p>\n<p>Getty Images<\/p>\n<p data-journey-content=\"true\" data-node-id=\"16\" class=\"css-6wxqfj emevuu60\">La qu\u00edmica en pantalla de ambos actores fue exquisita, y por eso mismo durante una intervenci\u00f3n de Hamill en el programa \u2018Late Night with Seth Meyers\u2019, en abril de 2019, el presentador le quiso preguntar c\u00f3mo hab\u00eda sido rodar junto a Harrison Ford: \u201c<strong data-node-id=\"16.1\">Harrison ten\u00eda una idea muy clara de la perspectiva general. <\/strong><strong data-node-id=\"16.2\">Si no fuera tan vago, ser\u00eda un director de cine excelente, pero esto que acabo de decir lo editaremos m\u00e1s tarde\u00bb, <\/strong>dijo arrepinti\u00e9ndose en pleno directo y en tono jocoso. Por ejemplo, est\u00e1bamos rodando la escena justo despu\u00e9s de salir del compactador de basura. Todav\u00eda no la hab\u00edamos filmado y yo estaba mirando la continuidad y dije: \u2018Un momento, esto es justo despu\u00e9s de salir del compactador de basura. \u00bfNo deber\u00eda tener el pelo mojado y enmara\u00f1ado?\u2019. Y \u00e9l me aplaude y dice: \u2018Oye, chaval, no es ese tipo de pel\u00edcula; si la gente te mira el pelo, estamos en serios problemas\u2019. Y pens\u00e9 que ten\u00eda toda la raz\u00f3n\u201d. <\/p>\n","protected":false},"excerpt":{"rendered":"A mediados de los 70, el director y productor George Lucas comenz\u00f3 a desarrollar su obra maestra, \u2018La&hellip;\n","protected":false},"author":2,"featured_media":195291,"comment_status":"","ping_status":"","sticky":false,"template":"","format":"standard","meta":{"footnotes":""},"categories":[169],"tags":[177,253,146,147,25,24,176,175,23],"class_list":{"0":"post-195290","1":"post","2":"type-post","3":"status-publish","4":"format-standard","5":"has-post-thumbnail","7":"category-cine","8":"tag-cine","9":"tag-discover","10":"tag-entertainment","11":"tag-entretenimiento","12":"tag-es","13":"tag-espana","14":"tag-film","15":"tag-movies","16":"tag-spain"},"share_on_mastodon":{"url":"https:\/\/pubeurope.com\/@es\/115421770537788806","error":""},"_links":{"self":[{"href":"https:\/\/www.europesays.com\/es\/wp-json\/wp\/v2\/posts\/195290","targetHints":{"allow":["GET"]}}],"collection":[{"href":"https:\/\/www.europesays.com\/es\/wp-json\/wp\/v2\/posts"}],"about":[{"href":"https:\/\/www.europesays.com\/es\/wp-json\/wp\/v2\/types\/post"}],"author":[{"embeddable":true,"href":"https:\/\/www.europesays.com\/es\/wp-json\/wp\/v2\/users\/2"}],"replies":[{"embeddable":true,"href":"https:\/\/www.europesays.com\/es\/wp-json\/wp\/v2\/comments?post=195290"}],"version-history":[{"count":0,"href":"https:\/\/www.europesays.com\/es\/wp-json\/wp\/v2\/posts\/195290\/revisions"}],"wp:featuredmedia":[{"embeddable":true,"href":"https:\/\/www.europesays.com\/es\/wp-json\/wp\/v2\/media\/195291"}],"wp:attachment":[{"href":"https:\/\/www.europesays.com\/es\/wp-json\/wp\/v2\/media?parent=195290"}],"wp:term":[{"taxonomy":"category","embeddable":true,"href":"https:\/\/www.europesays.com\/es\/wp-json\/wp\/v2\/categories?post=195290"},{"taxonomy":"post_tag","embeddable":true,"href":"https:\/\/www.europesays.com\/es\/wp-json\/wp\/v2\/tags?post=195290"}],"curies":[{"name":"wp","href":"https:\/\/api.w.org\/{rel}","templated":true}]}}