{"id":195292,"date":"2025-10-23T05:13:21","date_gmt":"2025-10-23T05:13:21","guid":{"rendered":"https:\/\/www.europesays.com\/es\/195292\/"},"modified":"2025-10-23T05:13:21","modified_gmt":"2025-10-23T05:13:21","slug":"los-dos-primeros-conceptos-claros-y-simples-de-selles-a-la-plantilla-del-real-zaragoza-leccion-inicial-heraldo-es","status":"publish","type":"post","link":"https:\/\/www.europesays.com\/es\/195292\/","title":{"rendered":"Los dos primeros &quot;conceptos claros y simples&quot; de Sell\u00e9s a la plantilla del Real Zaragoza: lecci\u00f3n inicial &#8211; heraldo.es"},"content":{"rendered":"<ol>\n<li><a href=\"https:\/\/news.google.com\/rss\/articles\/CBMilwJBVV95cUxNTWF6ZkFrV0hZc3ItVFdzTkh0bmd5UXpXVEZDSHg5YVJIemxNVmdXZXRsZEx4UGoyNmdUcVpWYmt1LWFyd2ZuQl9nUGo0em4zZGloRUxvYjJrcnNqdU5fTkpIa3ZxVXNLa09wQXNJRXBtMklZemZhMEpUUGw2alJNMmJ6SGZ6dnNUMTZoZ0tGcl9SeUFjRzRPTmg4SFdVal9RYzAtcnFPbDVoS1E0Z28yS0l6OTlOeTc0SmZRREZDTDN2dDM2QW1vZEVJYkUxWGJLZmlwOE96VkRweUNmelVxdjNkckVJTmd3a0xBWVFRbU1JN0xNbTN6VnNoUllNRFpVWGNmQXczVU8wekV1VG0tRklLUDVGaFU?oc=5\" target=\"_blank\" rel=\"nofollow noopener\">Los dos primeros \u00abconceptos claros y simples\u00bb de Sell\u00e9s a la plantilla del Real Zaragoza: lecci\u00f3n inicial<\/a>&nbsp;&nbsp;heraldo.es<\/li>\n<li><a href=\"https:\/\/news.google.com\/rss\/articles\/CBMitwFBVV95cUxPSFczOUhHNlJyOXBCRHpGMGJHaktRa0JGdmUtcUhDRDVmQ1J3bEx0TEhTaDc1Zm5YdzhJc3VjWmlYTjBkc3FSQ1lFYnhQSGRFOW5ZU016M21FQUlNblRpTUlJeEhac0VDMzJ3TFNVREkxelVxTThvX2hvbl9tT1dKanA2ZTJxN094NjZaU1VOZnJfWGxxaUU3UllfSGtjRXJ6RzRTTEwyZWQ3dnpCVERsQkxoekFkNE0?oc=5\" target=\"_blank\" rel=\"nofollow noopener\">El primer d\u00eda de RUB\u00c9N SELL\u00c9S en el Real Zaragoza | LaLiga Hypermotion<\/a>&nbsp;&nbsp;Real Zaragoza | Web Oficial<\/li>\n<li><a href=\"https:\/\/news.google.com\/rss\/articles\/CBMinwFBVV95cUxOV2JMYXJsLVBYU09ETEN0MDVnYlJ3VFJTenFKZlFtQUUxb1JOQTVsMzllTlBNRGFvZmZFVjRRWVk1TTIwTHZiUl9hSS1wNXFMS1RLWXl6TFVmbFBWV0cwMHE0dVZtYk04LXdUUlVNdjRMM1drTDJSNHRkRm1ES2ltSmRCNWpqbmRqM2NKcVFiOVFSZ05rbTlyOVVIaElfQ2fSAZ8BQVVfeXFMT0t0N3Z5T1FrdXRQNWFtRXRCVHJsN092eFlhQlpDT3VKUE1JUGZDb0ZZMF9udU82Uk9rY1JhZ2tDQ3JJRHpQNHJ3bUV3NUpocUNlMUg4SnFTMjd1U01kblZOVGdlTHVKODBmQXAxRG5MWWFlTDNya2dfU2d2Snlwbl9aMFdNM291NzM2Z0lob09KTnEycERUcnoyN2ViUjRF?oc=5\" target=\"_blank\" rel=\"nofollow noopener\">Sell\u00e9s y la tercera vuelta de tuerca a un equipo que no funciona<\/a>&nbsp;&nbsp;MARCA<\/li>\n<li><a href=\"https:\/\/news.google.com\/rss\/articles\/CBMi-wFBVV95cUxPX2JKUUVvWVFRLUV2MDVoRWJyYzE1Rm9YVXBKVTFxblFHY0x1cXFXS2RPaUMxQWdzTFA4cnZSMl9XNER3UXg4WmdwT19DSWFtRWpWbjUxWmtPNHNwVzhzZzZVR0FlTHNFUmtVMGQ3RG9maHZ5NVhIb19ENVQ1MGhSVjhkc0ZiODBlYl9TdTZrX1g4OXNXQ2lYZHdPZ0xvaHBKMGwwQmFhaXJHZ3BTMTlORm11Ni0wMXlLVDYxR2RBWVFOdkNHUVFfZE5xYlR5NUhDSHY3SVZhTnQxVlF4YVk1Nnc5RzhtY1lyZVJncjVRcjVtcThJQlBSWWFCMNIBjwJBVV95cUxQcGJZQVRqcG9nS1VoS2VuVW9PMVlhaldNQUVQcHdLVWQyR2dRaWpSQmVtUkM4ZkU4SmxnSkZmRDZudkFxUlFINkM4M0x5NWw0ZHJ4d2xIRVF0Rk1nb0gxT0RvRkNPVXUwWnR1Q0xYbDlwQ2t0TVRwRDZJTDROS19udGl1RmZnR3RWanhiNnMtS2N1dnQzcUZJZVhMVjA4Y1lEVVItTFZDaHNRLUFTOC1CUTVDUkY1WGt1N2dJS011Ul9td3l6QlhETG9IQXZmc3ZqaDZvSXlVYW5GallHekFneTBlWXg1T00wdzlrTk9qWEVSZzQxSW4tbXNvY3p6LUlaLXo4ZFFlV2VUT1NWYXQ4?oc=5\" target=\"_blank\" rel=\"nofollow noopener\">Txema Indias: \u00abHoy somos el peor equipo de la categor\u00eda, pero no creo que seamos la peor plantilla de la categor\u00eda\u00bb<\/a>&nbsp;&nbsp;Cadena SER<\/li>\n<li><a href=\"https:\/\/news.google.com\/rss\/articles\/CBMi-gFBVV95cUxPa2dCTVNXc3J4eFQ3MTNiLWZVOXVVdW9tdGNfcnN1TVFMYW1RTkxmSUZ1VTZJWmZBTUNNcE5RRndfWXlUdDBtVWIyR1ZzQTRrdXhMcWN5UGtNcXgtT1kyU0tZTmI1d2RlUzBJWnNEYkNMM0dOUktEQzJ3T1ZNLWoxWFJyd3hrUDdFbXN6VXM1SWdsb2xiWk1LMWZqV25ka1pGQTd1MkhCUTl1dC1MZTdrVUNEcXVEQ1pBSk1OWVVxSTFQenpOZ0J5c0pDV2MzQmlSUk1nOHQ3YzdXOG1rMEh3WlUzb19QZGpyX2ZnUUYxcEZocWRlMW5YbXNB0gGOAkFVX3lxTE1TLUsxeXVMZG02d3Z5bm5DN3JqQkppVmNoZlU3NDFuWHY0VDB3Q0pCUTBwM3BkMkVFZ0J5TmkwLWUtSE1VaWJtbjM0dmplS0Q2cUFnb3dzYWxGeUV0Mkc0TWtQQ2FVcTlBalNXVEMwTTFQVnVrcTZfVzhyRjgzZnhoWHRBcUc2UWJzdEF2djcwaUo5ZEw2elJFTkxGd0JTeFlPWVZqUnJQbmx0X2xzempyMUtUTUVjSmJLVFRzWmsxYXRrSlkyWktRdVk2ZmVGOWgzNzVNeHA1Z3NqbkdmbkFkeGZnRV9pZXlIcFUwN0JoTlNWa3BlVEpvVjZfVk1KRThiNFdidlBEcnRVRzVlZw?oc=5\" target=\"_blank\" rel=\"nofollow noopener\">La colosal haza\u00f1a de Rub\u00e9n Sell\u00e9s antes de llegar al Zaragoza: hizo brillar a los Tigers con su primera<\/a>&nbsp;&nbsp;La Raz\u00f3n<\/li>\n<\/ol>\n","protected":false},"excerpt":{"rendered":"Los dos primeros \u00abconceptos claros y simples\u00bb de Sell\u00e9s a la plantilla del Real Zaragoza: lecci\u00f3n inicial&nbsp;&nbsp;heraldo.es El&hellip;\n","protected":false},"author":2,"featured_media":195293,"comment_status":"","ping_status":"","sticky":false,"template":"","format":"standard","meta":{"footnotes":""},"categories":[93],"tags":[9634,168,25,24,50657,1429,566,23,167,491],"class_list":{"0":"post-195292","1":"post","2":"type-post","3":"status-publish","4":"format-standard","5":"has-post-thumbnail","7":"category-deportes","8":"tag-conceptos","9":"tag-deportes","10":"tag-es","11":"tag-espana","12":"tag-inicial","13":"tag-plantilla","14":"tag-primeros","15":"tag-spain","16":"tag-sports","17":"tag-zaragoza"},"share_on_mastodon":{"url":"https:\/\/pubeurope.com\/@es\/115421774357389059","error":""},"_links":{"self":[{"href":"https:\/\/www.europesays.com\/es\/wp-json\/wp\/v2\/posts\/195292","targetHints":{"allow":["GET"]}}],"collection":[{"href":"https:\/\/www.europesays.com\/es\/wp-json\/wp\/v2\/posts"}],"about":[{"href":"https:\/\/www.europesays.com\/es\/wp-json\/wp\/v2\/types\/post"}],"author":[{"embeddable":true,"href":"https:\/\/www.europesays.com\/es\/wp-json\/wp\/v2\/users\/2"}],"replies":[{"embeddable":true,"href":"https:\/\/www.europesays.com\/es\/wp-json\/wp\/v2\/comments?post=195292"}],"version-history":[{"count":0,"href":"https:\/\/www.europesays.com\/es\/wp-json\/wp\/v2\/posts\/195292\/revisions"}],"wp:featuredmedia":[{"embeddable":true,"href":"https:\/\/www.europesays.com\/es\/wp-json\/wp\/v2\/media\/195293"}],"wp:attachment":[{"href":"https:\/\/www.europesays.com\/es\/wp-json\/wp\/v2\/media?parent=195292"}],"wp:term":[{"taxonomy":"category","embeddable":true,"href":"https:\/\/www.europesays.com\/es\/wp-json\/wp\/v2\/categories?post=195292"},{"taxonomy":"post_tag","embeddable":true,"href":"https:\/\/www.europesays.com\/es\/wp-json\/wp\/v2\/tags?post=195292"}],"curies":[{"name":"wp","href":"https:\/\/api.w.org\/{rel}","templated":true}]}}