{"id":195301,"date":"2025-10-23T05:19:08","date_gmt":"2025-10-23T05:19:08","guid":{"rendered":"https:\/\/www.europesays.com\/es\/195301\/"},"modified":"2025-10-23T05:19:08","modified_gmt":"2025-10-23T05:19:08","slug":"habria-que-hablar-menos-del-cambio-de-horario-y-mas-de-la-hora-del-cambio","status":"publish","type":"post","link":"https:\/\/www.europesays.com\/es\/195301\/","title":{"rendered":"\u00abHabr\u00eda que hablar menos del cambio de horario y m\u00e1s de la hora del cambio\u00bb"},"content":{"rendered":"<p style=\"\">La portavoz del Grupo Parlamentario Junts per Catalunya en el Congreso, M\u00edriam Nogueras, ha lanzado un aviso a navegantes durante su pregunta al presidente del Gobierno, Pedro S\u00e1nchez, en la <a href=\"https:\/\/www.abc.es\/espana\/bildu-bandera-memoria-sanchez-calla-pp-estalla-20251022095048-nt.html\" target=\"_self\" data-voc-vtm-id=\"in-text-traffic\" title=\"sesi\u00f3n de control\" rel=\"nofollow noopener\">sesi\u00f3n de control<\/a> de este mi\u00e9rcoles: \u00abQuiz\u00e1s habr\u00eda que hablar menos de cambios de  &#8230; horario y empezar a hablar de la hora del cambio\u00bb. Sus palabras se han interpretado como una amenaza y un runr\u00fan se ha desatado en ese momento en el hemiciclo, especialmente en las bancadas de la derecha.<\/p>\n<p class=\"voc-p\" style=\"\">En una sesi\u00f3n de control donde Bildu se ha erigido en protagonista de una bronca entre el PP y el PSOE, con permiso de la <a href=\"https:\/\/www.abc.es\/espana\/fiscalia-afirma-plan-delictivo-leire-diez-buscaba-20251022112227-nt.html\" target=\"_self\" data-voc-vtm-id=\"in-text-traffic\" title=\"corrupci\u00f3n\" rel=\"nofollow noopener\">corrupci\u00f3n<\/a>, el tono de la independentista no ha pasado desapercibido. El Gobierno es plenamente consciente de que sin los siete votos de Junts no puede aprobar ninguna ley. Tampoco la de Presupuestos Generales del Estado, que un a\u00f1o m\u00e1s est\u00e1 fuera de plazo, pero que esta vez el Ejecutivo s\u00ed parece decidido a presentar, aunque sea para perderla.<\/p>\n<p class=\"voc-p\" style=\"\">Nogueras, en un tono m\u00e1s cr\u00edtico al que hab\u00eda empleado en sus \u00faltimos careos con el presidente S\u00e1nchez, ha lamentado que como \u00abya no le sirve envolverse con la bandera palestina\u00bb, ahora lo hace \u00abcon la del cambio de horario\u00bb. Pero mientras, ha dicho, no se habla de lo que \u00able quita el sue\u00f1o a los ciudadanos\u00bb, como las cotizaciones de los aut\u00f3nomos, el drama de la vivienda, la ocupaci\u00f3n ilegal o la multirreincidencia. De hecho, respecto a estos dos \u00faltimos asuntos, la diputada neoconvergente ha vuelto a reclamar al jefe del Ejecutivo que desbloquee las dos leyes de Junts sobre ambos temas, que esperan su tramitaci\u00f3n en el Congreso.<\/p>\n<p class=\"voc-p\" style=\"\">Muy dura, ha criticado que se usen los impuestos para pagar \u00abrescates a las estrellitas de la flotilla\u00bb o a \u00abfinanciar partidos pol\u00edticos\u00bb. Enigm\u00e1tica, ha concluido: \u00abQuiz\u00e1s habr\u00eda que hablar menos de cambios de horario y empezar a hablar de la hora del cambio\u00bb. En los pasillos y el patio de la C\u00e1mara Baja, su intervenci\u00f3n se ha convertido en uno de los principales temas de conversaci\u00f3n. S\u00e1nchez, sin entrar al trapo en su respuesta, se ha limitado a contestar que el debate sobre el cambio de horario es importante y que para su Gobierno la vivienda es una prioridad.<\/p>\n<p class=\"voc-p\" style=\"\">Ha sido despu\u00e9s cuando fuentes de su Ejecutivo han llamado a desdramatizar la amenaza de Nogueras, que han rebajado a \u00abun juego de palabras\u00bb. Desde Junts, por contra, insisten en privado: \u00abO cambian su forma de hacer pol\u00edtica o van a cambiar las cosas\u00bb. El problema, para los independentistas, es que la \u00fanica manera de forzar un giro de tim\u00f3n pasa por apoyar una moci\u00f3n de censura liderada por el PP y que s\u00ed o s\u00ed necesitar\u00eda el respaldo de Vox. Una ecuaci\u00f3n en la que, al menos mientras Carles Puigdemont siga pr\u00f3fugo, los separatistas no quieren entrar.<\/p>\n<p class=\"voc-p\" style=\"\">Entonces, \u00bfqu\u00e9 har\u00e1 Junts? \u00bfVotar en contra de todas las iniciativas para bloquear la legislatura? \u00abNo podemos decir que vayamos a votar no a todo ahora mismo\u00bb, responden en privado los neoconvergentes, pero insisten en que es importante que se entienda su mensaje porque est\u00e1n dispuestos a ir \u00abpaso a paso\u00bb y endurecer sus posiciones. \u00abNo estamos alarmados\u00bb, asegura un miembro del Consejo de Ministros, para quien la intervenci\u00f3n de Nogueras de este mi\u00e9rcoles no supone una escalada respecto a anteriores ocasiones. \u00abEs una frase redonda  que va a entrar en el telediario y que ha cumplido con su objetivo\u00bb, asevera otro.<\/p>\n","protected":false},"excerpt":{"rendered":"La portavoz del Grupo Parlamentario Junts per Catalunya en el Congreso, M\u00edriam Nogueras, ha lanzado un aviso a&hellip;\n","protected":false},"author":2,"featured_media":195302,"comment_status":"","ping_status":"","sticky":false,"template":"","format":"standard","meta":{"footnotes":""},"categories":[8],"tags":[4213,17,18,7556,25,24,13,14,9264,11,1458,319,5216,19,20,9,10,15,16,23,12,21,22],"class_list":{"0":"post-195301","1":"post","2":"type-post","3":"status-publish","4":"format-standard","5":"has-post-thumbnail","7":"category-espana","8":"tag-amenaza","9":"tag-breaking-news","10":"tag-breakingnews","11":"tag-cambio","12":"tag-es","13":"tag-espana","14":"tag-featured-news","15":"tag-featurednews","16":"tag-hablar","17":"tag-headlines","18":"tag-hora","19":"tag-horario","20":"tag-junts","21":"tag-latest-news","22":"tag-latestnews","23":"tag-news","24":"tag-noticias","25":"tag-noticias-destacadas","26":"tag-noticiasdestacadas","27":"tag-spain","28":"tag-titulares","29":"tag-ultimas-noticias","30":"tag-ultimasnoticias"},"share_on_mastodon":{"url":"","error":""},"_links":{"self":[{"href":"https:\/\/www.europesays.com\/es\/wp-json\/wp\/v2\/posts\/195301","targetHints":{"allow":["GET"]}}],"collection":[{"href":"https:\/\/www.europesays.com\/es\/wp-json\/wp\/v2\/posts"}],"about":[{"href":"https:\/\/www.europesays.com\/es\/wp-json\/wp\/v2\/types\/post"}],"author":[{"embeddable":true,"href":"https:\/\/www.europesays.com\/es\/wp-json\/wp\/v2\/users\/2"}],"replies":[{"embeddable":true,"href":"https:\/\/www.europesays.com\/es\/wp-json\/wp\/v2\/comments?post=195301"}],"version-history":[{"count":0,"href":"https:\/\/www.europesays.com\/es\/wp-json\/wp\/v2\/posts\/195301\/revisions"}],"wp:featuredmedia":[{"embeddable":true,"href":"https:\/\/www.europesays.com\/es\/wp-json\/wp\/v2\/media\/195302"}],"wp:attachment":[{"href":"https:\/\/www.europesays.com\/es\/wp-json\/wp\/v2\/media?parent=195301"}],"wp:term":[{"taxonomy":"category","embeddable":true,"href":"https:\/\/www.europesays.com\/es\/wp-json\/wp\/v2\/categories?post=195301"},{"taxonomy":"post_tag","embeddable":true,"href":"https:\/\/www.europesays.com\/es\/wp-json\/wp\/v2\/tags?post=195301"}],"curies":[{"name":"wp","href":"https:\/\/api.w.org\/{rel}","templated":true}]}}