{"id":195305,"date":"2025-10-23T05:21:11","date_gmt":"2025-10-23T05:21:11","guid":{"rendered":"https:\/\/www.europesays.com\/es\/195305\/"},"modified":"2025-10-23T05:21:11","modified_gmt":"2025-10-23T05:21:11","slug":"asi-le-fue-a-la-cantera-del-balonmano-zamora-en-las-ligas-autonomicas","status":"publish","type":"post","link":"https:\/\/www.europesays.com\/es\/195305\/","title":{"rendered":"As\u00ed le fue a la cantera del Balonmano Zamora en las ligas auton\u00f3micas"},"content":{"rendered":"<p class=\"ft-text ft-helper-align-justify\">La cantera del Balonmano Zamora volvi\u00f3 a protagonizar una intensa jornada deportiva.<\/p>\n<p>Infantiles<\/p>\n<p class=\"ft-text ft-helper-align-justify\">Los <strong>equipos infantiles del Balonmano Zamora <\/strong>rozaron el pleno de triunfos en la \u00faltima jornada. Comenzando con los chicos,<strong> el Ingenierosdelestado.es &#8211; BM Zamora B logr\u00f3 la victoria<\/strong> ante el BM Sariegos (27-21) en un partido adelantado que lo coloca en lo m\u00e1s alto de la tabla. Los zamoranos comenzaron algo dormidos, llegando a ir 1-5 abajo, pero un tiempo muerto sirvi\u00f3 para ajustar la defensa 3:3 y recuperar el ritmo. Al descanso ya mandaban 13-12, y en la segunda parte consolidaron su ventaja gracias a una gran intensidad defensiva y a la seguridad de sus porteros, Telmo y Diego, claves en el triunfo.<\/p>\n<p class=\"ft-text ft-helper-align-justify\">Tambi\u00e9n se vivi\u00f3 el s\u00f3lido<strong> triunfo del Infantil A, el 12 Frailes,<\/strong> ante un rival exigente como es el Burgos A (31-23). Desde el inicio, el conjunto zamorano se mostr\u00f3 firme en defensa y muy r\u00e1pido al contragolpe, aunque los errores en la definici\u00f3n impidieron ampliar m\u00e1s la ventaja antes del descanso (18-12). En la segunda parte, el ataque posicional gan\u00f3 fluidez y la diferencia se estir\u00f3 hasta los diez goles, dejando claro el dominio local.<\/p>\n<p class=\"ft-text ft-helper-align-justify\">Por \u00faltimo, en masculino, <strong>el Alfaraz Motor BM Zamora C <\/strong>se llev\u00f3 un ajustad\u00edsimo duelo ante el BM Burgos B (27-26). El conjunto pistacho comenz\u00f3 muy bien en defensa y con acierto ofensivo, pero los burgaleses apretaron en la reanudaci\u00f3n. En los minutos finales, los zamoranos supieron mantener la calma y cerraron un merecido triunfo. Destac\u00f3 Jeremy Esteban con una gran actuaci\u00f3n individual.<\/p>\n<p class=\"ft-text ft-helper-align-justify\">Mientras, en chicas, el <strong>Infantil A Bellido Decoraci\u00f3n Zamora A<\/strong> se impuso al l\u00edder, que llegaba invicto, el BM Burgos (45-30). Pese a un arranque dubitativo con la nueva defensa 3:2:1, las zamoranas ajustaron tras el descanso y ofrecieron una segunda mitad de enorme nivel, serias atr\u00e1s y con gran acierto en ataque. El resultado refleja el trabajo colectivo y la mejora constante del equipo, que asciende al segundo puesto de la clasificaci\u00f3n.<\/p>\n<p class=\"ft-text ft-helper-align-justify\">Para acabar, <strong>el Inmoarza BM Zamora B cay\u00f3 18-31 <\/strong>ante el Villa de Aranda Tras una primera mitad con p\u00e9rdidas y varios 7 metros fallados, las zamoranas corrigieron errores y compitieron mejor en la segunda parte, evitando que se cerrara el marcador por primera vez esta temporada. Destac\u00f3 la portera Roc\u00edo, con casi un 40% de acierto bajo palos.<\/p>\n<p><img decoding=\"async\" src=\"https:\/\/www.europesays.com\/es\/wp-content\/uploads\/2025\/10\/d5b64e64-6ead-4431-8b8d-5dad621d5f6b_alta-libre-aspect-ratio_default_0.jpg\" width=\"1200\" height=\"900\" alt=\"Inmoarza\" class=\"ft-helper-img-rd\" loading=\"lazy\" hasdataaida=\"true\"\/><\/p>\n<p class=\"ft-helper-fontColor-quaternary ft-helper-fontSize-body-S ft-helper-spacer-t-xxs\">Inmoarza  \/ Cedida<\/p>\n<p>CADETES<\/p>\n<p class=\"ft-text ft-helper-align-justify\"><strong>Luces y sombras en la categor\u00eda cadete, donde triunfos y derrotas se dividieron al 50%<\/strong>. Comenzando con las f\u00e9minas se vio una victoria muy trabajada de las f\u00e9minas del<strong> Bah\u00eda Pr\u00edncipe ante BM Burgos (35-38).<\/strong> El equipo viriato llev\u00f3 la iniciativa durante buena parte del choque, aunque las locales lograron empatar a 33 en los minutos finales. Un tiempo muerto de Felipe Barrientos sirvi\u00f3 para ordenar ideas y cerrar el parcial 5-2. Triunfo merecido de un conjunto en el que participaron todas las jugadoras y ambas porteras tuvieron un papel destacado.<\/p>\n<p class=\"ft-text ft-helper-align-justify\">En el lado opuesto <strong>hubo derrota del Cadete B, el \u00c1ngel \u00d3ptico BM Zamora (34-18)<\/strong> en un partido marcado por la falta de concentraci\u00f3n y las dificultades defensivas ante el contraataque rival, EL Aula Valladolid. El conjunto zamorano no consigui\u00f3 encontrar fluidez en ataque ante la defensa 6:0 vallisoletana. Partido para reflexionar y seguir creciendo.<\/p>\n<p class=\"ft-text ft-helper-align-justify\">En masculino, <strong>el Motorglass BM Zamora B gan\u00f3 35\u201315 al BM Burgos B<\/strong> en un partido que comenz\u00f3 igualado, pero que se rompi\u00f3 gracias a los ajustes defensivos y al acierto ofensivo colectivo. El equipo se fue al descanso con ventaja (20-14) y solo encaj\u00f3 un gol en toda la segunda parte, completando una actuaci\u00f3n sobresaliente.<\/p>\n<p class=\"ft-text ft-helper-align-justify\">Para acabar, <strong>el Cadete A, el Gal\u00e1n y Pastor, <\/strong>sufri\u00f3 ante un potente rival burgal\u00e9s (27-47). Los visitantes dominaron el encuentro desde los primeros minutos, y aunque los zamoranos intentaron reaccionar, la diferencia se ampli\u00f3 progresivamente. Todos los jugadores tuvieron minutos en un encuentro que servir\u00e1 para seguir puliendo detalles.<\/p>\n<p>JUVENIL MASCULINO<\/p>\n<p class=\"ft-text ft-helper-align-justify\">El Juvenil zamorano,<strong> el Universidad Laboral<\/strong>, plant\u00f3 cara en su complicado compromiso, pero cay\u00f3 ante un rival m\u00e1s eficaz, el BM Burgos por un marcador final de 20-27. La defensa funcion\u00f3 bien, pero las p\u00e9rdidas de bal\u00f3n y la falta de fluidez ofensiva penalizaron al equipo. Pese al resultado, el trabajo defensivo fue sobresaliente, impidiendo que el rival alcanzara los 30 goles<\/p>\n<p>SEGUNDA NACIONAL MASCULINA<\/p>\n<p class=\"ft-text ft-helper-align-justify\">El filial del BM Zamora acus\u00f3 las bajas y la falta de rotaci\u00f3n en su visita a Burgos (31-20). Los locales se distanciaron pronto, aunque los viriatos reaccionaron hasta acercarse (7-9) en la primera mitad. El cansancio y los errores no forzados marcaron el tramo final del partido, que se cerr\u00f3 con 31-20. Destacaron \u00d3scar Esteban e Iv\u00e1n \u00c1lvarez (5 goles cada uno) y Julio Belver, con un 33% de acierto en porter\u00eda.<\/p>\n","protected":false},"excerpt":{"rendered":"La cantera del Balonmano Zamora volvi\u00f3 a protagonizar una intensa jornada deportiva. Infantiles Los equipos infantiles del Balonmano&hellip;\n","protected":false},"author":2,"featured_media":195306,"comment_status":"","ping_status":"","sticky":false,"template":"","format":"standard","meta":{"footnotes":""},"categories":[278],"tags":[376,8224,8223,623,2512,1616,168,25,24,375,3294,30555,23,167,2946],"class_list":{"0":"post-195305","1":"post","2":"type-post","3":"status-publish","4":"format-standard","5":"has-post-thumbnail","7":"category-balonmano","8":"tag-balonmano","9":"tag-balonmano-zamora","10":"tag-bm-zamora","11":"tag-burgos","12":"tag-cantera","13":"tag-defensa","14":"tag-deportes","15":"tag-es","16":"tag-espana","17":"tag-handball","18":"tag-le","19":"tag-ligas","20":"tag-spain","21":"tag-sports","22":"tag-zamora"},"share_on_mastodon":{"url":"https:\/\/pubeurope.com\/@es\/115421805830588199","error":""},"_links":{"self":[{"href":"https:\/\/www.europesays.com\/es\/wp-json\/wp\/v2\/posts\/195305","targetHints":{"allow":["GET"]}}],"collection":[{"href":"https:\/\/www.europesays.com\/es\/wp-json\/wp\/v2\/posts"}],"about":[{"href":"https:\/\/www.europesays.com\/es\/wp-json\/wp\/v2\/types\/post"}],"author":[{"embeddable":true,"href":"https:\/\/www.europesays.com\/es\/wp-json\/wp\/v2\/users\/2"}],"replies":[{"embeddable":true,"href":"https:\/\/www.europesays.com\/es\/wp-json\/wp\/v2\/comments?post=195305"}],"version-history":[{"count":0,"href":"https:\/\/www.europesays.com\/es\/wp-json\/wp\/v2\/posts\/195305\/revisions"}],"wp:featuredmedia":[{"embeddable":true,"href":"https:\/\/www.europesays.com\/es\/wp-json\/wp\/v2\/media\/195306"}],"wp:attachment":[{"href":"https:\/\/www.europesays.com\/es\/wp-json\/wp\/v2\/media?parent=195305"}],"wp:term":[{"taxonomy":"category","embeddable":true,"href":"https:\/\/www.europesays.com\/es\/wp-json\/wp\/v2\/categories?post=195305"},{"taxonomy":"post_tag","embeddable":true,"href":"https:\/\/www.europesays.com\/es\/wp-json\/wp\/v2\/tags?post=195305"}],"curies":[{"name":"wp","href":"https:\/\/api.w.org\/{rel}","templated":true}]}}