{"id":195309,"date":"2025-10-23T05:23:17","date_gmt":"2025-10-23T05:23:17","guid":{"rendered":"https:\/\/www.europesays.com\/es\/195309\/"},"modified":"2025-10-23T05:23:17","modified_gmt":"2025-10-23T05:23:17","slug":"la-ufc-sanciona-a-conor-mcgregor-uno-de-los-grandes-rivales-de-topuria-por-incumplir-las-normas-antidopaje","status":"publish","type":"post","link":"https:\/\/www.europesays.com\/es\/195309\/","title":{"rendered":"La UFC sanciona a Conor McGregor, uno de los grandes &#8216;rivales&#8217; de Topuria, por incumplir las normas antidopaje"},"content":{"rendered":"<p class=\"paragraph\">Desde la <b>UFC <\/b>se ha notificado que <b>Conor McGergor<\/b> ha aceptado una sanci\u00f3n de <b>18 meses de inelegibilidad<\/b> tras ausentarse en tres controles de antidopaje en 2024 de la Combat Sports Anti-Doping (<b>CSAD<\/b>). La compa\u00f1\u00eda tambi\u00e9n anunci\u00f3 una rebaja de la sanci\u00f3n de medio a\u00f1o por la cooperaci\u00f3n en las investigaciones.<\/p>\n<p class=\"paragraph\">\u00abLos atletas de la UFC deben proporcionar informaci\u00f3n precisa sobre su paradero en todo momento para que se les pueda contactar y someterse a la toma de muestras biol\u00f3gicas sin previo aviso. <b>Las pruebas fallidas de McGregor ocurrieron el 13 de junio, el 19 y el 20 de septiembre de 2024<\/b>, y fueron clasificadas como Incumplimiento de Paradero por la CSAD seg\u00fan el ADP de la UFC\u00bb, dice el comunicado publicado por la UFC.<\/p>\n<p>            <a href=\"#\" title=\"\"><br \/>\n                <img decoding=\"async\" loading=\"lazy\" width=\"120px\" height=\"90px\" alt=\"Ilia Topuria, en una imagen anunciando su vuelta al oct\u00f3gono\" src=\"https:\/\/imagenes.eldebate.com\/files\/related_image\/files\/fp\/uploads\/2025\/10\/07\/68e546c956ce6.r_d.285-210.png\" data-full-src=\"https:\/\/www.europesays.com\/es\/wp-content\/uploads\/2025\/10\/68e546c956ce6.png\"\/><br \/>\n            <\/a><\/p>\n<p class=\"paragraph\">Como indican el bolet\u00edn oficial, la sanci\u00f3n, que inicialmente <b>estaba prevista de 24 meses<\/b> ha bajado hasta 18 por la cooperaci\u00f3n de &#8216;Notorius&#8217;: \u00ab<b>Considerando la cooperaci\u00f3n y las circunstancias de McGregor<\/b>, <b>la CSAD redujo en seis meses la sanci\u00f3n<\/b> est\u00e1ndar de 24 meses por tres incumplimientos de paradero. Su per\u00edodo de inelegibilidad comenz\u00f3 el 20 de septiembre de 2024 (fecha de su tercer incumplimiento de paradero) y <b>finalizar\u00e1 el 20 de marzo de 2026<\/b>\u00bb.<\/p>\n<p class=\"paragraph\">Esta es la <b>fecha m\u00e1s pr\u00f3xima en la que podemos esperar un regreso de McGregor<\/b> al oct\u00e1gono, debido a su ausencia en tres intentos de toma de muestras biol\u00f3gicas durante un periodo de 12 meses. Con todas las fechas claves claras, queda por conocer todav\u00eda cuales son los siguientes movimientos del peleador y en que veladas querr\u00e1 hacer aparici\u00f3n.<\/p>\n<p class=\"paragraph\">Por el momento, sabemos que esta disminuci\u00f3n es clave para que McGregor pueda acudir al evento de la <b>Casa Blanca<\/b> que <b>Donald Trump<\/b>, presidente de los Estados Unidos, confirm\u00f3 hace unos d\u00edas que ser\u00e1 el <b>4 de junio de 2026<\/b>, por lo que ya habr\u00eda finalizado el periodo de sanci\u00f3n al que se expone.<\/p>\n<p class=\"c-detail__media__subtitle composite_image\">\n<p>        Conor McGregor visita la Casa Blanca@POTUS<\/p>\n<p class=\"paragraph\">Esta fecha tiene el motivo de los <b>250 a\u00f1os de la Independencia de los Estados Unidos<\/b>, para la que el luchador ha pedido \u00ab<b>100 millones de d\u00f3lares para pelear en la Casa Blanca, junto con 100 visas doradas estadounidenses para m\u00ed, mi familia y amigos<\/b>\u00bb, negociaci\u00f3n que en un principio est\u00e1 haciendo directamente con el Gobierno, sin negociar con la compa\u00f1\u00eda.<\/p>\n<p class=\"paragraph\">No hemos visto competir al  peleador irland\u00e9s  <b>desde el 10 de julio de 2021<\/b> tras lesionarse de gravedad en la pierna y perder ante el estadounidense <b>Dustin Poirier<\/b>. Tras ello, otra lesi\u00f3n, en este caso en el pie, le hizo quedarse fuera de UFC 303 ante <b>Michael Chandler<\/b> el a\u00f1o pasado. As\u00ed se volvi\u00f3 a posponer un regreso que buscar\u00e1 de nuevo el a\u00f1o que viene, seguramente tras el evento anunciado por Donald Trump.<\/p>\n","protected":false},"excerpt":{"rendered":"Desde la UFC se ha notificado que Conor McGergor ha aceptado una sanci\u00f3n de 18 meses de inelegibilidad&hellip;\n","protected":false},"author":2,"featured_media":195310,"comment_status":"","ping_status":"","sticky":false,"template":"","format":"standard","meta":{"footnotes":""},"categories":[276],"tags":[168,25,24,23,167,343],"class_list":{"0":"post-195309","1":"post","2":"type-post","3":"status-publish","4":"format-standard","5":"has-post-thumbnail","7":"category-ufc","8":"tag-deportes","9":"tag-es","10":"tag-espana","11":"tag-spain","12":"tag-sports","13":"tag-ufc"},"share_on_mastodon":{"url":"https:\/\/pubeurope.com\/@es\/115421813380852970","error":""},"_links":{"self":[{"href":"https:\/\/www.europesays.com\/es\/wp-json\/wp\/v2\/posts\/195309","targetHints":{"allow":["GET"]}}],"collection":[{"href":"https:\/\/www.europesays.com\/es\/wp-json\/wp\/v2\/posts"}],"about":[{"href":"https:\/\/www.europesays.com\/es\/wp-json\/wp\/v2\/types\/post"}],"author":[{"embeddable":true,"href":"https:\/\/www.europesays.com\/es\/wp-json\/wp\/v2\/users\/2"}],"replies":[{"embeddable":true,"href":"https:\/\/www.europesays.com\/es\/wp-json\/wp\/v2\/comments?post=195309"}],"version-history":[{"count":0,"href":"https:\/\/www.europesays.com\/es\/wp-json\/wp\/v2\/posts\/195309\/revisions"}],"wp:featuredmedia":[{"embeddable":true,"href":"https:\/\/www.europesays.com\/es\/wp-json\/wp\/v2\/media\/195310"}],"wp:attachment":[{"href":"https:\/\/www.europesays.com\/es\/wp-json\/wp\/v2\/media?parent=195309"}],"wp:term":[{"taxonomy":"category","embeddable":true,"href":"https:\/\/www.europesays.com\/es\/wp-json\/wp\/v2\/categories?post=195309"},{"taxonomy":"post_tag","embeddable":true,"href":"https:\/\/www.europesays.com\/es\/wp-json\/wp\/v2\/tags?post=195309"}],"curies":[{"name":"wp","href":"https:\/\/api.w.org\/{rel}","templated":true}]}}