{"id":195313,"date":"2025-10-23T05:26:06","date_gmt":"2025-10-23T05:26:06","guid":{"rendered":"https:\/\/www.europesays.com\/es\/195313\/"},"modified":"2025-10-23T05:26:06","modified_gmt":"2025-10-23T05:26:06","slug":"el-nuevo-illes-balears-arabay-ya-pedalea-rumbo-hacia-2026-y-apunta-a-asia","status":"publish","type":"post","link":"https:\/\/www.europesays.com\/es\/195313\/","title":{"rendered":"El nuevo Illes Balears Arabay ya pedalea rumbo hacia 2026 y apunta a Asia"},"content":{"rendered":"<p><strong>La tercera temporada del <a href=\"https:\/\/www.ultimahora.es\/etiqueta\/Illes+Balears.html?utm_source=Inline-tag&amp;utm_medium=internal\" rel=\"nofollow noopener\" target=\"_blank\">Illes Balears<\/a> Arabay<\/strong> dentro del pelot\u00f3n ciclista internacional ya coge forma. Capitaneado por <strong>Toni Vallcaneras, CEO de Caf\u00e9s Bay y un loco de la bicicleta, asegura el empresario que en 2026 \u00abponemos el plato grande\u00bb<\/strong>. Se ha inscrito de nuevo como conjunto UCI Continental, pese a tener en sus planes hacerlo como ProTeam, aunque finalmente la reubicaci\u00f3n de un patrocinador llev\u00f3 a ese cambio en el libro de ruta. Tras una \u00abbuena campa\u00f1a\u00bb,<strong> el proyecto eleva su presupuesto hasta los dos millones de euros<\/strong>, un incremento del 25% respecto al anterior ejercicio. con el fin de pelear con la \u00e9lite y seguir haci\u00e9ndose un hueco como \u00fanica escuadra espa\u00f1ola dentro de ese pelda\u00f1o del <a href=\"https:\/\/www.ultimahora.es\/etiqueta\/ciclismo.html?utm_source=Inline-tag&amp;utm_medium=internal\" rel=\"nofollow noopener\" target=\"_blank\">ciclismo<\/a> profesional.<\/p>\n<p>La<strong> colaboraci\u00f3n con el UAE o el Q36.5<\/strong> a la hora de promocionar o dar kil\u00f3metros a algunos de sus j\u00f3venes corredores o con el CSD para trasladar a la ruta a los &#8216;pistards&#8217; del equipo espa\u00f1ol, asegura Vallcaneras que <strong>el Illes Balears Arabay 2026 tendr\u00e1 \u00abm\u00e1s mallorquines que nunca\u00bb<\/strong>, con el objetivo de subir un escal\u00f3n m\u00e1s. \u00abSeremos un Continental con \u00e1nimo de ser ProTeam\u00bb, a\u00f1ade el m\u00e1ximo responsable del equipo, que tuvo la oportunidad de correr las vueltas a Burgos o Portugal, adem\u00e1s de la Challenge de Mallorca y O Gran Cami\u00f1o, compartiendo protagonismo con las grandes figuras. \u00abHemos tenido aceptaci\u00f3n y ya nos conocen\u00bb, m\u00e1s tras ser plataforma de lanzamiento de corredores como Alex Molenaar. \u00abEn ese sentido,<strong> hemos cumplido nuestra misi\u00f3n\u00bb, apostilla.<\/strong><\/p>\n<p>Cambios<\/p>\n<p>Ampliar el calendario nacional y europeo es la premisa, con la novedad de la gira asi\u00e1tica, con la que cerrar\u00e1n el a\u00f1o 2026 con China en el punto de mira en la recta final de la siguiente campa\u00f1a. Pero una de las grandes novedades ser\u00e1 la presencia de<strong> Marc Buades como director t\u00e9cnico, con plenos poderes en los despachos y en carrera<\/strong>, contando con 16 ciclistas en plantilla, consecuencia del incremento de presupuesto. El masajista Ra\u00fal Sanjuan o Eduard Barcel\u00f3 como responsable de rendimiento continuar\u00e1n tambi\u00e9n dentro del organigrama.<\/p>\n<p>Mallorquines como Joan Gamund\u00ed, Joan Albert Riera o un brillante \u00c1lvaro Sagrado seguir\u00e1n vistiendo el maillot blanquinegro que lucir\u00e1 desde el 1 de enero <strong>uno de los fichajes m\u00e1s sonados: Xavi Ca\u00f1ellas<\/strong>. El profesional de Puigpunyent se suma al proyecto junto a Alex Mart\u00edn, Sergio Serrano o Ra\u00fal Rota. Seguir\u00e1 el campe\u00f3n mundial de pista Sebasti\u00e1n Mora, adem\u00e1s del fiable Jos\u00e9 Mar\u00eda Garc\u00eda o Sergio Trueba y Mario Silva sube desde el equipo amateur, que se apuntalar\u00e1 como cantera del Illes Balears Arabay.<\/p>\n","protected":false},"excerpt":{"rendered":"La tercera temporada del Illes Balears Arabay dentro del pelot\u00f3n ciclista internacional ya coge forma. Capitaneado por Toni&hellip;\n","protected":false},"author":2,"featured_media":195314,"comment_status":"","ping_status":"","sticky":false,"template":"","format":"standard","meta":{"footnotes":""},"categories":[273],"tags":[45026,313,312,1916,168,25,24,329,54229,1915,23,167,327,1794,1917],"class_list":{"0":"post-195313","1":"post","2":"type-post","3":"status-publish","4":"format-standard","5":"has-post-thumbnail","7":"category-ciclismo","8":"tag-arabay-team","9":"tag-ciclismo","10":"tag-cycling","11":"tag-deporte-balear","12":"tag-deportes","13":"tag-es","14":"tag-espana","15":"tag-golf","16":"tag-illes-balears","17":"tag-otros-deportes","18":"tag-spain","19":"tag-sports","20":"tag-tenis","21":"tag-vela","22":"tag-voleibol"},"share_on_mastodon":{"url":"https:\/\/pubeurope.com\/@es\/115421825690385030","error":""},"_links":{"self":[{"href":"https:\/\/www.europesays.com\/es\/wp-json\/wp\/v2\/posts\/195313","targetHints":{"allow":["GET"]}}],"collection":[{"href":"https:\/\/www.europesays.com\/es\/wp-json\/wp\/v2\/posts"}],"about":[{"href":"https:\/\/www.europesays.com\/es\/wp-json\/wp\/v2\/types\/post"}],"author":[{"embeddable":true,"href":"https:\/\/www.europesays.com\/es\/wp-json\/wp\/v2\/users\/2"}],"replies":[{"embeddable":true,"href":"https:\/\/www.europesays.com\/es\/wp-json\/wp\/v2\/comments?post=195313"}],"version-history":[{"count":0,"href":"https:\/\/www.europesays.com\/es\/wp-json\/wp\/v2\/posts\/195313\/revisions"}],"wp:featuredmedia":[{"embeddable":true,"href":"https:\/\/www.europesays.com\/es\/wp-json\/wp\/v2\/media\/195314"}],"wp:attachment":[{"href":"https:\/\/www.europesays.com\/es\/wp-json\/wp\/v2\/media?parent=195313"}],"wp:term":[{"taxonomy":"category","embeddable":true,"href":"https:\/\/www.europesays.com\/es\/wp-json\/wp\/v2\/categories?post=195313"},{"taxonomy":"post_tag","embeddable":true,"href":"https:\/\/www.europesays.com\/es\/wp-json\/wp\/v2\/tags?post=195313"}],"curies":[{"name":"wp","href":"https:\/\/api.w.org\/{rel}","templated":true}]}}