{"id":195315,"date":"2025-10-23T05:27:11","date_gmt":"2025-10-23T05:27:11","guid":{"rendered":"https:\/\/www.europesays.com\/es\/195315\/"},"modified":"2025-10-23T05:27:11","modified_gmt":"2025-10-23T05:27:11","slug":"checo-perez-y-valtteri-bottas-la-dupla-cadillac-asistira-al-gp-mexico-2025","status":"publish","type":"post","link":"https:\/\/www.europesays.com\/es\/195315\/","title":{"rendered":"Checo P\u00e9rez y Valtteri Bottas: La dupla Cadillac asistir\u00e1 al GP M\u00e9xico 2025"},"content":{"rendered":"<p>El <strong>Gran Premio de la Ciudad de M\u00e9xico 2025<\/strong>, programado del 24 al 26 de octubre, escribir\u00e1 un cap\u00edtulo in\u00e9dito en su historia reciente. Por primera vez desde 2015, <strong>Sergio \u2018Checo\u2019 P\u00e9rez<\/strong> no competir\u00e1 en casa tras <a href=\"https:\/\/emprendedor.com\/checo-perez-deja-red-bull-tras-cuatro-temporadas-en-f1\/\" rel=\"nofollow noopener\" target=\"_blank\">su salida de la escuder\u00eda <strong>Red Bull Racing<\/strong><\/a> al cierre de la temporada pasada.<\/p>\n<p>Sin embargo, lejos de desaparecer del evento, el piloto tapat\u00edo tendr\u00e1 una presencia significativa como invitado especial, compartiendo protagonismo con quien ser\u00e1 su compa\u00f1ero de equipo en la siguiente etapa de su carrera: el finland\u00e9s <strong>Valtteri Bottas<\/strong>.<\/p>\n<p>La <strong>escuder\u00eda Cadillac<\/strong>, para la que ambos correr\u00e1n a partir de la temporada 2026, ver\u00e1 as\u00ed c\u00f3mo su reci\u00e9n formada dupla se re\u00fane en un escenario de gran simbolismo, ofreciendo a los aficionados un adelanto de la alianza que buscar\u00e1 hacer historia en la F\u00f3rmula 1.<\/p>\n<p>De rivales a aliados: Checo P\u00e9rez y Valtteri Bottas en Cadillac<\/p>\n<p>El pasado 7 de marzo de 2025 Cadillac anunci\u00f3 la incorporaci\u00f3n de Sergio P\u00e9rez y Valtteri Bottas como los pilares de <strong>su incursi\u00f3n en la F\u00f3rmula 1 para 2026<\/strong>. As\u00ed, la escuder\u00eda estadounidense marc\u00f3 el inicio oficial de este nuevo proyecto.<\/p>\n<p>     <a href=\"https:\/\/ad.doubleclick.net\/ddm\/trackclk\/N544001.2726800ENTREPENURMX\/B34110106.429823592;dc_trk_aid=622859913;dc_trk_cid=242394324;dc_lat=;dc_rdid=;tag_for_child_directed_treatment=;tfua=;gdpr=${GDPR};gdpr_consent=${GDPR_CONSENT_755};ltd=;dc_tdv=1\" target=\"blank\" rel=\"nofollow noopener\"><br \/>\n        <img decoding=\"async\" src=\"https:\/\/www.europesays.com\/es\/wp-content\/uploads\/2025\/10\/1_Entrepreneur_Central-Desktop_1449x150.webp.webp\" class=\"banner_central_impression only-desktop\" data-id=\"g21_skin_banamex_1Oct2025\" alt=\"Banner Central Desktop\"\/><\/p>\n<p>        <img decoding=\"async\" src=\"https:\/\/www.europesays.com\/es\/wp-content\/uploads\/2025\/10\/1_Entrepreneur_Central-Mobile_320x100.webp.webp\" class=\"banner_central_impression only-mobile\" data-id=\"g21_skin_banamex_1Oct2025\" alt=\"Banner Central Mobile\"\/><\/p>\n<p>            <\/a><\/p>\n<p>La elecci\u00f3n no fue casual: ambos pilotos, de 35 a\u00f1os, acumulan m\u00e1s de una d\u00e9cada de experiencia en los circuitos y han sido compa\u00f1eros de leyendas como <strong>Max Verstappen<\/strong> y <strong>Lewis Hamilton<\/strong>, respectivamente.<\/p>\n<p><strong>Te va a gustar: <a href=\"https:\/\/emprendedor.com\/mas-alla-de-la-formula-1-los-negocios-que-han-convertido-a-checo-perez-en-millonario\/\" target=\"_blank\" rel=\"noreferrer noopener nofollow\">M\u00e1s all\u00e1 de la F\u00f3rmula 1: Los negocios que han convertido a Checo P\u00e9rez en millonario<\/a>\u00a0<\/strong><\/p>\n<p>Graeme Lowdon, director del proyecto Cadillac F1, ha destacado que su valor trasciende lo meramente deportivo.<\/p>\n<blockquote class=\"wp-block-quote is-layout-flow wp-block-quote-is-layout-flow\">\n<p>No se trata solo de pilotar el auto, sabemos que Checo es r\u00e1pido. Se trata de hacer un nuevo equipo. Hacer que las personas trabajen juntos y Checo tiene esa capacidad\u201d, afirm\u00f3 el t\u00e9cnico en una entrevista con <a href=\"https:\/\/espndeportes.espn.com\/deporte-motor\/f1\/nota\/_\/id\/15827031\/f1-cadillac-gp-mexico-2026-efecto-checo-perez\" rel=\"nofollow noopener\" target=\"_blank\">ESPN<\/a>.<\/p>\n<\/blockquote>\n<p>Lowdon tambi\u00e9n revel\u00f3 que ya han percibido una qu\u00edmica positiva entre ambos durante las sesiones en el simulador, esencial para cimentar el esp\u00edritu del equipo.<\/p>\n<p>Valtteri Bottas: El finland\u00e9s que encontr\u00f3 en M\u00e9xico su segunda casa<\/p>\n<p>M\u00e1s all\u00e1 de sus \u00e9xitos, que incluyen 10 victorias y 67 podios, Valtteri Bottas ha forjado una conexi\u00f3n \u00fanica con M\u00e9xico y los aficionados. En m\u00e1s de una ocasi\u00f3n, el nuevo compa\u00f1ero de Checo P\u00e9rez ha expresado su aut\u00e9ntico amor por la cultura local.<\/p>\n<p>El piloto finland\u00e9s, quien ya confirm\u00f3 su regreso al pa\u00eds para el GP M\u00e9xico 2025, se ha convertido en un embajador gastron\u00f3mico inesperado. Su devoci\u00f3n por los tacos es bien conocida, hasta el punto de haber instaurado la tradici\u00f3n del <strong>\u201cmartes de tacos\u201d<\/strong> durante su visita en 2024.<\/p>\n<p><img loading=\"lazy\" decoding=\"async\" width=\"900\" height=\"608\" src=\"https:\/\/www.europesays.com\/es\/wp-content\/uploads\/2025\/10\/checo-perez-y-valtteri-bottas-la-dupla-cadillac-asistira-al-gp-mexico-2025-900x608.jpg\" alt=\"\" class=\"wp-image-167737\"  \/>Valterri Bottas es fan de los tacos y su imagen comiendo en la banqueta conquist\u00f3 a los aficionados. Imagen: Instagram\/@valtteribottas.<\/p>\n<p>En aquella ocasi\u00f3n, hizo una parada para echarse unos taquitos en <strong><a href=\"https:\/\/emprendedor.com\/el-califa-de-leon-la-taqueria-de-barrio-que-acaba-de-ganar-una-estrella-michelin\/\" target=\"_blank\" rel=\"noreferrer noopener nofollow\">\u2018El Califa de Le\u00f3n\u2019<\/a><\/strong>, taquer\u00eda galardonada con una estrella Michelin. Por supuesto, su imagen comiendo sentado en la banqueta y en plena calle se volvi\u00f3 viral.<\/p>\n<p>\u201cPara m\u00ed el \u2018Taco Tuesday\u2019 es como una religi\u00f3n, y los jalape\u00f1os son muy importantes, que sean cinco en el interior, no cuatro, no seis, son cinco jalape\u00f1os (trozos)\u201d, declar\u00f3 con humor, demostrando un conocimiento que ha encantado a los seguidores.<\/p>\n<p>Los Fabulosos Cadillacs: Un apodo viral para un proyecto con sello mexicano<\/p>\n<p>La dupla P\u00e9rez-Bottas ya tiene nombre en redes sociales, y es un gui\u00f1o musical que ha recibido el \u2018like\u2019 de quienes lo inspiraron. Los aficionados bautizaron a la pareja de pilotos como <strong>\u201cLos Fabulosos Cadillacs<\/strong>\u201d, creando memes con el logo de Spotify y sus fotograf\u00edas.<\/p>\n<p><strong>Flavio Cianciarulo<\/strong>, bajista y fundador de la legendaria banda argentina, se mostr\u00f3 encantado con la comparaci\u00f3n.<\/p>\n<p>\u201cLo hemos recibido gratamente, obviamente todo el mundo nos estaba mandando este posteo viral. Mir\u00e1 lo fabuloso que queda, es buen\u00edsimo, \u00bfno? En definitiva, como digo siempre, nuestro nombre de banda no deja de ser un autom\u00f3vil\u2026 Me alegro por \u2018Los Fabulosos Cadillacs\u2019 competidores de autos\u201d, coment\u00f3 el m\u00fasico, seg\u00fan recoge <a href=\"https:\/\/www.elfinanciero.com.mx\/deportes\/2025\/10\/13\/checo-va-siguiendo-la-luna-sr-flavio-aprueba-llamarle-los-fabulosos-cadillacs-a-la-dupla-perez-bottas\/\" target=\"_blank\" rel=\"noreferrer noopener nofollow\">El Financiero<\/a>.<\/p>\n<p>El plan de Cadillac: Checo P\u00e9rez y Valtteri Bottas para 2026<\/p>\n<p>Mientras disfrutan de su rol como invitados en el <strong>Aut\u00f3dromo Hermanos Rodr\u00edguez<\/strong>, el trabajo detr\u00e1s de escenas para el debut en 2026 avanza a toda marcha. <\/p>\n<blockquote class=\"instagram-media\" data-instgrm-permalink=\"https:\/\/www.instagram.com\/p\/DN0RWTexHWa\/?utm_source=ig_embed&amp;utm_campaign=loading\" data-instgrm-version=\"14\" style=\" background:#FFF; border:0; border-radius:3px; box-shadow:0 0 1px 0 rgba(0,0,0,0.5),0 1px 10px 0 rgba(0,0,0,0.15); margin: 1px; max-width:540px; min-width:326px; padding:0; width:99.375%; width:-webkit-calc(100% - 2px); width:calc(100% - 2px);\"\/>\n<p>Checo P\u00e9rez ya ha comenzado su preparaci\u00f3n f\u00edsica y t\u00e9cnica en las instalaciones de Cadillac en Silverstone y ha realizado sesiones clave en el simulador en Charlotte.<\/p>\n<p>\u201cSiempre es importante arrancar debidamente, pero para m\u00ed es irrelevante c\u00f3mo comenzamos. Lo importante es d\u00f3nde terminamos y el progreso que podemos tener en los lugares clave\u201d, asegur\u00f3 el mexicano, seg\u00fan recogi\u00f3 Motorsport.<\/p>\n<p>Lowdon explic\u00f3 que estas pruebas son vitales para afinar el monoplaza y entrenar al equipo t\u00e9cnico. Cadillac no solo espera aprovechar el enorme respaldo popular de Checo en M\u00e9xico, sino tambi\u00e9n la experiencia de dos veteranos que, juntos, buscan escribir el primer cap\u00edtulo de una nueva escuder\u00eda en la F\u00f3rmula 1.<\/p>\n<p>Checo P\u00e9rez en Cadillac: un contrato lucrativo y un proyecto a largo plazo<\/p>\n<p>La espera para el regreso de Checo P\u00e9rez a la parrilla de la F\u00f3rmula 1 tiene una fecha clara: el <strong>Gran Premio de Australia del 8 de marzo de 2026<\/strong>. Su incorporaci\u00f3n a la escuder\u00eda Cadillac no solo representa un nuevo desaf\u00edo deportivo, sino tambi\u00e9n una importante seguridad financiera. <\/p>\n<p>De acuerdo con reportes de <a href=\"https:\/\/planetf1.com\/\" target=\"_blank\" rel=\"noreferrer noopener nofollow\">PlanetF1.com<\/a>,\u00a0el piloto mexicano habr\u00eda firmado un <strong>contrato plurianual con un salario base cercano a los 10 millones de d\u00f3lares<\/strong>, un monto que equivale a su anterior contrato con Red Bull. Este acuerdo, seg\u00fan el periodista Diego Mej\u00eda, es de tipo \u201c2+1\u201d: es decir, dos a\u00f1os firmes con opci\u00f3n a un tercero, dependiendo de ciertas condiciones. <\/p>\n<p>Adem\u00e1s, P\u00e9rez recibir\u00e1 <strong>bonificaciones por resultados como podios, victorias y posiciones en el campeonato<\/strong>. Esto se sumar\u00e1 a un porcentaje de las ventas de mercanc\u00eda oficial, un rubro donde su historial es impresionante, pues <strong>se le atribuye ser responsable de m\u00e1s del 60% de las ventas online de Red Bull<\/strong>.<\/p>\n<p><a href=\"https:\/\/emprendedor.com\/tag\/cadillac-f1\/\" rel=\"nofollow noopener\" target=\"_blank\"> Cadillac F1<\/a><a href=\"https:\/\/emprendedor.com\/tag\/checo-perez\/\" rel=\"nofollow noopener\" target=\"_blank\"> Checo P\u00e9rez<\/a><a href=\"https:\/\/emprendedor.com\/tag\/escuderia-cadillac\/\" rel=\"nofollow noopener\" target=\"_blank\"> Escuder\u00eda Cadillac<\/a><a href=\"https:\/\/emprendedor.com\/tag\/formula-1\/\" rel=\"nofollow noopener\" target=\"_blank\"> F\u00f3rmula 1<\/a><a href=\"https:\/\/emprendedor.com\/tag\/gp-mexico\/\" rel=\"nofollow noopener\" target=\"_blank\"> GP M\u00e9xico<\/a><a href=\"https:\/\/emprendedor.com\/tag\/gp-mexico-2025\/\" rel=\"nofollow noopener\" target=\"_blank\"> GP M\u00e9xico 2025<\/a><a href=\"https:\/\/emprendedor.com\/tag\/los-fabulosos-cadillacs\/\" rel=\"nofollow noopener\" target=\"_blank\"> Los Fabulosos Cadillacs<\/a><a href=\"https:\/\/emprendedor.com\/tag\/piloto-mexicano\/\" rel=\"nofollow noopener\" target=\"_blank\"> Piloto mexicano<\/a><a href=\"https:\/\/emprendedor.com\/tag\/sergio-checo-perez\/\" rel=\"nofollow noopener\" target=\"_blank\"> Sergio \u00abCheco\u00bb P\u00e9rez<\/a><\/p>\n<p>\t\t\t\t\t\t\t\t\t\t\t\t\t<a href=\"https:\/\/revistadigital.mx\/emprende-septiembre-octubre-2025\/\" target=\"_blank\" rel=\"nofollow noopener\"><br \/>\n\t\t\t\t\t\t\t\t\t\t\t\t\t\t\t\t\t<img decoding=\"async\" src=\"https:\/\/www.europesays.com\/es\/wp-content\/uploads\/2025\/10\/EMPRENDE-BANNER-2172x506-1.gif\" width=\"100%\"\/><img\/><\/p>\n<p>\t\t\t\t\t\t\t\t\t\t\t\t\t\t\t\t<\/a><\/p>\n<p>    <img loading=\"lazy\" decoding=\"async\" src=\"https:\/\/www.europesays.com\/es\/wp-content\/uploads\/2025\/10\/WhatsApp-Image-2022-02-02-at-3.42.00-PM.jpeg\" alt=\"autor\" width=\"40\" height=\"40\"\/><br \/>\n    <a href=\"https:\/\/emprendedor.com\/author\/equipo\/\" title=\"Entradas de Equipo Editorial\" rel=\"author nofollow noopener\" target=\"_blank\">Equipo Editorial<\/a>    El equipo editorial de EMPRENDEDOR.com, que por m\u00e1s de 27 a\u00f1os ha trabajado en impulsar el emprendimiento.<\/p>\n<p>\t\t\t\t\t<script async src=\"\/\/www.instagram.com\/embed.js\"><\/script><\/p>\n","protected":false},"excerpt":{"rendered":"El Gran Premio de la Ciudad de M\u00e9xico 2025, programado del 24 al 26 de octubre, escribir\u00e1 un&hellip;\n","protected":false},"author":2,"featured_media":195316,"comment_status":"","ping_status":"","sticky":false,"template":"","format":"standard","meta":{"footnotes":""},"categories":[270],"tags":[42266,5332,168,25,49472,24,306,271,272,11596,52725,49843,43279,6480,23,167],"class_list":{"0":"post-195315","1":"post","2":"type-post","3":"status-publish","4":"format-standard","5":"has-post-thumbnail","7":"category-formula-1","8":"tag-cadillac-f1","9":"tag-checo-perez","10":"tag-deportes","11":"tag-es","12":"tag-escuderia-cadillac","13":"tag-espana","14":"tag-f1","15":"tag-formula-1","16":"tag-formula1","17":"tag-gp-mexico","18":"tag-gp-mexico-2025","19":"tag-los-fabulosos-cadillacs","20":"tag-piloto-mexicano","21":"tag-sergio-checo-perez","22":"tag-spain","23":"tag-sports"},"share_on_mastodon":{"url":"https:\/\/pubeurope.com\/@es\/115421829271483013","error":""},"_links":{"self":[{"href":"https:\/\/www.europesays.com\/es\/wp-json\/wp\/v2\/posts\/195315","targetHints":{"allow":["GET"]}}],"collection":[{"href":"https:\/\/www.europesays.com\/es\/wp-json\/wp\/v2\/posts"}],"about":[{"href":"https:\/\/www.europesays.com\/es\/wp-json\/wp\/v2\/types\/post"}],"author":[{"embeddable":true,"href":"https:\/\/www.europesays.com\/es\/wp-json\/wp\/v2\/users\/2"}],"replies":[{"embeddable":true,"href":"https:\/\/www.europesays.com\/es\/wp-json\/wp\/v2\/comments?post=195315"}],"version-history":[{"count":0,"href":"https:\/\/www.europesays.com\/es\/wp-json\/wp\/v2\/posts\/195315\/revisions"}],"wp:featuredmedia":[{"embeddable":true,"href":"https:\/\/www.europesays.com\/es\/wp-json\/wp\/v2\/media\/195316"}],"wp:attachment":[{"href":"https:\/\/www.europesays.com\/es\/wp-json\/wp\/v2\/media?parent=195315"}],"wp:term":[{"taxonomy":"category","embeddable":true,"href":"https:\/\/www.europesays.com\/es\/wp-json\/wp\/v2\/categories?post=195315"},{"taxonomy":"post_tag","embeddable":true,"href":"https:\/\/www.europesays.com\/es\/wp-json\/wp\/v2\/tags?post=195315"}],"curies":[{"name":"wp","href":"https:\/\/api.w.org\/{rel}","templated":true}]}}