{"id":195319,"date":"2025-10-23T05:29:08","date_gmt":"2025-10-23T05:29:08","guid":{"rendered":"https:\/\/www.europesays.com\/es\/195319\/"},"modified":"2025-10-23T05:29:08","modified_gmt":"2025-10-23T05:29:08","slug":"un-cambio-de-plan-en-el-viaje-a-belgica-en-beneficio-de-la-preparacion-del-partido-ante-el-atletico","status":"publish","type":"post","link":"https:\/\/www.europesays.com\/es\/195319\/","title":{"rendered":"Un cambio de plan en el viaje a B\u00e9lgica en beneficio de la preparaci\u00f3n del partido ante el Atl\u00e9tico"},"content":{"rendered":"<p style=\"\">El hecho de que el siguiente partido del <a href=\"https:\/\/www.realbetisbalompie.es\" target=\"_blank\" data-voc-vtm-id=\"in-text-traffic\" title=\"Real Betis\" data-mrf-link=\"www.realbetisbalompie.es\" rel=\"nofollow noopener\">Real Betis<\/a>, el de <strong>LaLiga<\/strong> frente al <strong>Atl\u00e9tico de Madrid<\/strong>, se dispute el pr\u00f3ximo <strong>lunes 27<\/strong> de octubre y aprovechando que, antes, el duelo frente al <strong>KRC Genk<\/strong> se disputa el <strong>jueves<\/strong> &#8230;  en el turno de las <strong>18.45 horas<\/strong>, ha provocado que haya habido un <strong>cambio de planes en el viaje de regreso<\/strong> de B\u00e9lgica de la expedici\u00f3n verdiblanca teniendo en cuenta lo que ha venido ocurriendo en <strong>muchos desplazamientos europeos<\/strong> de las \u00faltimas temporadas en los que el equipo <strong> hac\u00eda noche despu\u00e9s del partido para volver a Sevilla en la ma\u00f1ana del viernes<\/strong>, decisi\u00f3n que tomaba Manuel <strong>Pellegrini<\/strong> para que el viaje <strong>no afectara demasiado al cansancio<\/strong> de sus futbolistas, aunque ello <strong>mermara los d\u00edas de preparaci\u00f3n<\/strong> del encuentro siguiente.<\/p>\n<p class=\"voc-p\" style=\"\">En esta ocasi\u00f3n, <strong>una vez que finalice el partido en el Cegeka Arena de Genk<\/strong> toda la expedici\u00f3n b\u00e9tica, compuesta por la plantilla, el cuerpo t\u00e9cnico, los dirigentes, los empleados del club y los enviados especiales de los medios de comunicaci\u00f3n, se desplazar\u00e1n hacia el <strong>aeropuerto<\/strong><strong> de Lieja<\/strong> para emprender el <strong>viaje de regreso y pernoctar ya en Sevilla<\/strong> en la noche o primera hora de la madrugada del viernes. Este plan de viaje de vuelta se <strong>repetir\u00e1<\/strong> en el desplazamiento a <strong>Croacia<\/strong> para jugar el pr\u00f3ximo<strong> 11 de diciembre ante el Dinamo de Zagreb, no as\u00ed<\/strong> de cara al \u00faltimo partido como visitante de la fase de grupos, ante el <strong>PAOK de Sal\u00f3nica<\/strong> previsto para el <strong>22 de enero.<\/strong><\/p>\n<p class=\"voc-p\" style=\"\">As\u00ed las cosas, tendr\u00e1 el equipo hasta <strong>tres d\u00edas de preparaci\u00f3n<\/strong> para el importante encuentro del <strong>lunes a las 21 horas<\/strong> en la Cartuja frente al Atl\u00e9tico de Madrid. El conjunto b\u00e9tico, tras jugar el partido en tierras belgas y volver a la capital hispalense, se ejercitar\u00e1 en la ciudad deportiva Luis del Sol el <strong>viernes<\/strong>, en una sesi\u00f3n que ser\u00e1 <strong>de tarde<\/strong> para que el grupo tenga m\u00e1s horas de descanso, y el<strong> s\u00e1bado y el domingo de nuevo en horario matinal. <\/strong>Todo ello para llegar en la mejor forma posible al duelo entre los equipos que ahora mismo son quinto y sexto de la clasificaci\u00f3n de LaLiga, empatados a 16 puntos.<\/p>\n<p class=\"voc-p\" style=\"\">El <strong>Atl\u00e9tico<\/strong>, por su parte, juega <strong>hoy martes<\/strong> su partido correspondiente a la tercera jornada de la fase de liga de la <strong>Champions League<\/strong>, en el Emirates Stadium de Londres ante el <strong>Arsenal<\/strong>, con lo que los del Cholo Simeone ya podr\u00e1n, <strong>desde ma\u00f1ana mi\u00e9rcoles<\/strong>, centrarse en el encuentro liguero ante el <strong>Betis<\/strong>.<\/p>\n<p class=\"voc-p\" style=\"\">Sin ir m\u00e1s lejos, en el <strong>\u00faltimo desplazamiento<\/strong> europeo, a Bulgaria para jugar contra el <strong>Ludogorets<\/strong>, pese a que el duelo se disput\u00f3 tambi\u00e9n en el turno de las 18.45, la distancia oblig\u00f3 a la <strong>expedici\u00f3n a hacer noche en suelo b\u00falgaro<\/strong> para viajar <strong>de vuelta a Sevilla durante la jornada del viernes<\/strong>. Hubo una suave sesi\u00f3n en la ciudad deportiva esa tarde, de descarga para los que jugaron m\u00e1s minutos en Razgrad, y <strong>Pellegrini<\/strong> s\u00f3lo pudo entrenar con todo el plantel disponible el <strong>s\u00e1bado por la ma\u00f1ana, antes de montarse por la tarde de nuevo en un avi\u00f3n<\/strong> con destino a <strong>Barcelona<\/strong>, para preparar y jugar el choque frente al <strong>Espanyol<\/strong>.<\/p>\n","protected":false},"excerpt":{"rendered":"El hecho de que el siguiente partido del Real Betis, el de LaLiga frente al Atl\u00e9tico de Madrid,&hellip;\n","protected":false},"author":2,"featured_media":195320,"comment_status":"","ping_status":"","sticky":false,"template":"","format":"standard","meta":{"footnotes":""},"categories":[268],"tags":[1575,1517,8299,7556,168,25,24,280,282,1045,2568,16933,281,23,167,12856],"class_list":{"0":"post-195319","1":"post","2":"type-post","3":"status-publish","4":"format-standard","5":"has-post-thumbnail","7":"category-futbol","8":"tag-ante","9":"tag-atletico","10":"tag-beneficio","11":"tag-cambio","12":"tag-deportes","13":"tag-es","14":"tag-espana","15":"tag-football","16":"tag-futbol","17":"tag-partido","18":"tag-plan","19":"tag-preparacion","20":"tag-soccer","21":"tag-spain","22":"tag-sports","23":"tag-viaje"},"share_on_mastodon":{"url":"https:\/\/pubeurope.com\/@es\/115421837113800521","error":""},"_links":{"self":[{"href":"https:\/\/www.europesays.com\/es\/wp-json\/wp\/v2\/posts\/195319","targetHints":{"allow":["GET"]}}],"collection":[{"href":"https:\/\/www.europesays.com\/es\/wp-json\/wp\/v2\/posts"}],"about":[{"href":"https:\/\/www.europesays.com\/es\/wp-json\/wp\/v2\/types\/post"}],"author":[{"embeddable":true,"href":"https:\/\/www.europesays.com\/es\/wp-json\/wp\/v2\/users\/2"}],"replies":[{"embeddable":true,"href":"https:\/\/www.europesays.com\/es\/wp-json\/wp\/v2\/comments?post=195319"}],"version-history":[{"count":0,"href":"https:\/\/www.europesays.com\/es\/wp-json\/wp\/v2\/posts\/195319\/revisions"}],"wp:featuredmedia":[{"embeddable":true,"href":"https:\/\/www.europesays.com\/es\/wp-json\/wp\/v2\/media\/195320"}],"wp:attachment":[{"href":"https:\/\/www.europesays.com\/es\/wp-json\/wp\/v2\/media?parent=195319"}],"wp:term":[{"taxonomy":"category","embeddable":true,"href":"https:\/\/www.europesays.com\/es\/wp-json\/wp\/v2\/categories?post=195319"},{"taxonomy":"post_tag","embeddable":true,"href":"https:\/\/www.europesays.com\/es\/wp-json\/wp\/v2\/tags?post=195319"}],"curies":[{"name":"wp","href":"https:\/\/api.w.org\/{rel}","templated":true}]}}