{"id":195329,"date":"2025-10-23T05:34:08","date_gmt":"2025-10-23T05:34:08","guid":{"rendered":"https:\/\/www.europesays.com\/es\/195329\/"},"modified":"2025-10-23T05:34:08","modified_gmt":"2025-10-23T05:34:08","slug":"de-baterista-de-heavy-metal-a-primera-ministra-el-inesperado-lado-musical-de-sanae-takaichi","status":"publish","type":"post","link":"https:\/\/www.europesays.com\/es\/195329\/","title":{"rendered":"De baterista de heavy metal a primera ministra: el inesperado lado musical de Sanae Takaichi"},"content":{"rendered":"<p>\n                    Publicado                 22\/10\/2025 &#8211; 13:02 CEST<br \/>\n                \u2022Ultima actualizaci\u00f3n<br \/>\n                                     13:09\n                                        <\/p>\n<p><strong>La pol\u00edtica y la m\u00fasica no distan mucho entre s\u00ed,<\/strong> y los m\u00fasicos suelen utilizar su arte para abordar temas de actualidad, sensibilizar a la opini\u00f3n p\u00fablica sobre causas que les son cercanas o protestar contra las injusticias del mundo. Tambi\u00e9n hay<a href=\"https:\/\/es.euronews.com\/tag\/musica\" rel=\"nofollow noopener\" target=\"_blank\"> l\u00edderes que fueron m\u00fasicos&#8230;<\/a><\/p>\n<p>Por ejemplo, el presidente de EE.UU. Harry S. Truman (1945-53) consider\u00f3 brevemente la posibilidad de ser pianista profesional, mientras que el primer ministro del Reino Unido Edward Heath (1970-74) cantaba en el Coro Bach de Oxford, tocaba el piano e incluso <a href=\"https:\/\/es.euronews.com\/cultura\/2021\/06\/24\/la-orquesta-sinfonica-de-londres-interpretara-tristan-e-isolda-en-aix-en-provence\" rel=\"nofollow noopener\" target=\"_blank\">dirigi\u00f3 la Orquesta Sinf\u00f3nica de Londres<\/a> en el Royal Festival Hall en 1971.<\/p>\n<p>\u00bfSab\u00eda que el canciller de Alemania Occidental, Helmut Schmidt (1974-1982), tambi\u00e9n era pianista? <strong>Incluso hay una grabaci\u00f3n suya interpretando<\/strong> el Concierto para tres pianos de Mozart <a href=\"https:\/\/es.euronews.com\/2019\/08\/09\/el-abbey-road-de-los-beatles-cumple-cincuenta-anos\" rel=\"nofollow noopener\" target=\"_blank\">en los estudios Abbey Road<\/a>&#8230; si es lo que le gusta.<\/p>\n<p><strong>Tambi\u00e9n hay innumerables clips de Bill Clinton<\/strong> tocando el saxof\u00f3n. Incluso apareci\u00f3 en televisi\u00f3n en 1992 para una peque\u00f1a actuaci\u00f3n, p<strong>ocos meses antes de ser elegido 42\u00ba presidente<\/strong> de los Estados Unidos.<\/p>\n<p>En cuanto a la banda de rock de los 70 Ugly Rumours, estaba liderada por el cantante y guitarrista Tony Blair. <strong>Al parecer, tocaron durante seis conciertos antes de considerarse demasiado horribles<\/strong> para continuar.<\/p>\n<p>Oh, las cosas que podr\u00edan haber sido&#8230; Y evitado. <strong>Otro pol\u00edtico puede a\u00f1adirse a esa lista<\/strong>, en absoluto extensa: Sanae Takaichi, que <a href=\"https:\/\/es.euronews.com\/2025\/10\/21\/ultraconservadora-sanae-takaichi-primer-ministro-japon\" rel=\"nofollow noopener\" target=\"_blank\">ayer se convirti\u00f3 en la primera mujer primer ministro de Jap\u00f3n.<\/a><\/p>\n<p>La dirigente, de 64 a\u00f1os, tiene ideas conservadoras y se espera que haga avanzar a Jap\u00f3n hacia la derecha. Admiradora de Margaret Thatcher, que fue la primera mujer primer ministro del Reino Unido, a Takaichi tambi\u00e9n se la conoce como la &#8216;Dama de Hierro&#8217;. <strong>Pero quiz\u00e1 &#8216;Dama del Heavy Metal&#8217; ser\u00eda m\u00e1s apropiado&#8230;<\/strong><\/p>\n<p>De hecho, antes de dedicarse a la pol\u00edtica, <a href=\"https:\/\/es.euronews.com\/tag\/heavy-metal\" rel=\"nofollow noopener\" target=\"_blank\">toc\u00f3 en un grupo de heavy metal <\/a>y, al parecer, fue una baterista consumada durante sus a\u00f1os universitarios. <strong>Y si nos atenemos a los informes<\/strong>, sigue tocando una bater\u00eda electr\u00f3nica cuando necesita contrarrestar el estr\u00e9s. Hace poco declar\u00f3 que toca despu\u00e9s de que su marido se vaya a dormir.<\/p>\n<p>Al parecer, <strong>Takaichi es una gran admiradora de los grupos brit\u00e1nicos<\/strong> de hard rock y heavy metal, y ha citado a Black Sabbath, Iron Maiden y Deep Purple entre sus favoritos. Aunque no hay im\u00e1genes de Takaichi tocando la bater\u00eda, por razones obvias, <strong>a principios de este mes se public\u00f3 en internet un v\u00eddeo que mostraba su talento musical<\/strong>. En \u00e9l se ve a Takaichi cantando el \u00e9xito de la banda de rock japonesa X Japan Rusty Nail en un programa de karaoke de 2016. Desc\u00fabralo a continuaci\u00f3n:<\/p>\n<p><a href=\"https:\/\/es.euronews.com\/2025\/10\/21\/ultraconservadora-sanae-takaichi-primer-ministro-japon\" rel=\"nofollow noopener\" target=\"_blank\">Sanae Takaichi<\/a> gan\u00f3 las elecciones al liderazgo del Partido Liberal Democr\u00e1tico el 4 de octubre, y el emperador <strong>Naruhito la ha nombrado oficialmente primera ministra<\/strong> en el Palacio Imperial.<\/p>\n","protected":false},"excerpt":{"rendered":"Publicado 22\/10\/2025 &#8211; 13:02 CEST \u2022Ultima actualizaci\u00f3n 13:09 La pol\u00edtica y la m\u00fasica no distan mucho entre s\u00ed,&hellip;\n","protected":false},"author":2,"featured_media":195330,"comment_status":"","ping_status":"","sticky":false,"template":"","format":"standard","meta":{"footnotes":""},"categories":[170],"tags":[146,147,25,24,188,3564,184,185,952,35577,49582,23],"class_list":{"0":"post-195329","1":"post","2":"type-post","3":"status-publish","4":"format-standard","5":"has-post-thumbnail","7":"category-musica","8":"tag-entertainment","9":"tag-entretenimiento","10":"tag-es","11":"tag-espana","12":"tag-heavy-metal","13":"tag-japon","14":"tag-music","15":"tag-musica","16":"tag-politica","17":"tag-politica-japonesa","18":"tag-primer-ministro","19":"tag-spain"},"share_on_mastodon":{"url":"https:\/\/pubeurope.com\/@es\/115421856769378870","error":""},"_links":{"self":[{"href":"https:\/\/www.europesays.com\/es\/wp-json\/wp\/v2\/posts\/195329","targetHints":{"allow":["GET"]}}],"collection":[{"href":"https:\/\/www.europesays.com\/es\/wp-json\/wp\/v2\/posts"}],"about":[{"href":"https:\/\/www.europesays.com\/es\/wp-json\/wp\/v2\/types\/post"}],"author":[{"embeddable":true,"href":"https:\/\/www.europesays.com\/es\/wp-json\/wp\/v2\/users\/2"}],"replies":[{"embeddable":true,"href":"https:\/\/www.europesays.com\/es\/wp-json\/wp\/v2\/comments?post=195329"}],"version-history":[{"count":0,"href":"https:\/\/www.europesays.com\/es\/wp-json\/wp\/v2\/posts\/195329\/revisions"}],"wp:featuredmedia":[{"embeddable":true,"href":"https:\/\/www.europesays.com\/es\/wp-json\/wp\/v2\/media\/195330"}],"wp:attachment":[{"href":"https:\/\/www.europesays.com\/es\/wp-json\/wp\/v2\/media?parent=195329"}],"wp:term":[{"taxonomy":"category","embeddable":true,"href":"https:\/\/www.europesays.com\/es\/wp-json\/wp\/v2\/categories?post=195329"},{"taxonomy":"post_tag","embeddable":true,"href":"https:\/\/www.europesays.com\/es\/wp-json\/wp\/v2\/tags?post=195329"}],"curies":[{"name":"wp","href":"https:\/\/api.w.org\/{rel}","templated":true}]}}