{"id":195351,"date":"2025-10-23T05:50:20","date_gmt":"2025-10-23T05:50:20","guid":{"rendered":"https:\/\/www.europesays.com\/es\/195351\/"},"modified":"2025-10-23T05:50:20","modified_gmt":"2025-10-23T05:50:20","slug":"destaca-sainz-entre-los-pilotos-favoritos-de-los-mexicanos","status":"publish","type":"post","link":"https:\/\/www.europesays.com\/es\/195351\/","title":{"rendered":"Destaca Sainz entre los pilotos favoritos de los mexicanos"},"content":{"rendered":"<p><img decoding=\"async\" src=\"https:\/\/www.europesays.com\/es\/wp-content\/uploads\/2025\/10\/1761175091_461_expande.png\" alt=\"\"\/><img decoding=\"async\" src=\"https:\/\/www.europesays.com\/es\/wp-content\/uploads\/2025\/10\/6054527.jpg&#038;imagencompleta=1.jpeg\" alt=\"Una cara gigante de Sainz con sombrero de mariachi destacaba entre la multitud.\" class=\"zoomable-image\"\/><\/p>\n<p class=\"gr_pie_de_foto\">Una cara gigante de Sainz con sombrero de mariachi destacaba entre la multitud. Cr\u00e9dito: Jos\u00e9 L. Ram\u00edrez<\/p>\n<p><img decoding=\"async\" src=\"https:\/\/www.europesays.com\/es\/wp-content\/uploads\/2025\/10\/1761175091_461_expande.png\" alt=\"\"\/><img decoding=\"async\" src=\"https:\/\/www.europesays.com\/es\/wp-content\/uploads\/2025\/10\/6054535.jpg&#038;imagencompleta=1.jpeg\" alt=\"Desde antes de amanecer comenzaron a llegar aficionados.\" class=\"zoomable-image\"\/><\/p>\n<p class=\"gr_pie_de_foto\">Desde antes de amanecer comenzaron a llegar aficionados. Cr\u00e9dito: Jos\u00e9 L. Ram\u00edrez<\/p>\n<p><img decoding=\"async\" src=\"https:\/\/www.europesays.com\/es\/wp-content\/uploads\/2025\/10\/1761175091_461_expande.png\" alt=\"\"\/><img decoding=\"async\" src=\"https:\/\/www.europesays.com\/es\/wp-content\/uploads\/2025\/10\/6054537.jpg&#038;imagencompleta=1.jpeg\" alt=\"Bien protegida la bolsa por San Carlos Sainz Junior.\" class=\"zoomable-image\"\/><\/p>\n<p class=\"gr_pie_de_foto\">Bien protegida la bolsa por San Carlos Sainz Junior. Cr\u00e9dito: Sineli Santos<\/p>\n<p><img decoding=\"async\" src=\"https:\/\/www.europesays.com\/es\/wp-content\/uploads\/2025\/10\/1761175091_461_expande.png\" alt=\"\"\/><img decoding=\"async\" src=\"https:\/\/www.europesays.com\/es\/wp-content\/uploads\/2025\/10\/6054367.jpg&#038;imagencompleta=1.jpeg\" alt=\"Carlos Sainz es uno de los pilotos m\u00e1s buscados.\" class=\"zoomable-image\"\/><\/p>\n<p class=\"gr_pie_de_foto\">Carlos Sainz es uno de los pilotos m\u00e1s buscados. Cr\u00e9dito: Jos\u00e9 L. Ram\u00edrez<\/p>\n<p><img decoding=\"async\" src=\"https:\/\/www.europesays.com\/es\/wp-content\/uploads\/2025\/10\/1761175091_461_expande.png\" alt=\"\"\/><img decoding=\"async\" src=\"https:\/\/www.europesays.com\/es\/wp-content\/uploads\/2025\/10\/6054352.jpg&#038;imagencompleta=1.jpeg\" alt=\"Los pilotos de Williams echaron un vistazo a la calle para saludar a sus fans.\" class=\"zoomable-image\"\/><\/p>\n<p class=\"gr_pie_de_foto\">Los pilotos de Williams echaron un vistazo a la calle para saludar a sus fans. Cr\u00e9dito: Williams<\/p>\n","protected":false},"excerpt":{"rendered":"Una cara gigante de Sainz con sombrero de mariachi destacaba entre la multitud. Cr\u00e9dito: Jos\u00e9 L. Ram\u00edrez Desde&hellip;\n","protected":false},"author":2,"featured_media":195352,"comment_status":"","ping_status":"","sticky":false,"template":"","format":"standard","meta":{"footnotes":""},"categories":[270],"tags":[1679,307,168,25,24,306,2091,271,3603,272,23,167,308],"class_list":{"0":"post-195351","1":"post","2":"type-post","3":"status-publish","4":"format-standard","5":"has-post-thumbnail","7":"category-formula-1","8":"tag-cancha","9":"tag-carlos-sainz","10":"tag-deportes","11":"tag-es","12":"tag-espana","13":"tag-f1","14":"tag-ferrari","15":"tag-formula-1","16":"tag-formula-uno","17":"tag-formula1","18":"tag-spain","19":"tag-sports","20":"tag-williams"},"share_on_mastodon":{"url":"https:\/\/pubeurope.com\/@es\/115421919930627631","error":""},"_links":{"self":[{"href":"https:\/\/www.europesays.com\/es\/wp-json\/wp\/v2\/posts\/195351","targetHints":{"allow":["GET"]}}],"collection":[{"href":"https:\/\/www.europesays.com\/es\/wp-json\/wp\/v2\/posts"}],"about":[{"href":"https:\/\/www.europesays.com\/es\/wp-json\/wp\/v2\/types\/post"}],"author":[{"embeddable":true,"href":"https:\/\/www.europesays.com\/es\/wp-json\/wp\/v2\/users\/2"}],"replies":[{"embeddable":true,"href":"https:\/\/www.europesays.com\/es\/wp-json\/wp\/v2\/comments?post=195351"}],"version-history":[{"count":0,"href":"https:\/\/www.europesays.com\/es\/wp-json\/wp\/v2\/posts\/195351\/revisions"}],"wp:featuredmedia":[{"embeddable":true,"href":"https:\/\/www.europesays.com\/es\/wp-json\/wp\/v2\/media\/195352"}],"wp:attachment":[{"href":"https:\/\/www.europesays.com\/es\/wp-json\/wp\/v2\/media?parent=195351"}],"wp:term":[{"taxonomy":"category","embeddable":true,"href":"https:\/\/www.europesays.com\/es\/wp-json\/wp\/v2\/categories?post=195351"},{"taxonomy":"post_tag","embeddable":true,"href":"https:\/\/www.europesays.com\/es\/wp-json\/wp\/v2\/tags?post=195351"}],"curies":[{"name":"wp","href":"https:\/\/api.w.org\/{rel}","templated":true}]}}