{"id":195357,"date":"2025-10-23T05:53:10","date_gmt":"2025-10-23T05:53:10","guid":{"rendered":"https:\/\/www.europesays.com\/es\/195357\/"},"modified":"2025-10-23T05:53:10","modified_gmt":"2025-10-23T05:53:10","slug":"oficial-de-las-far-llama-monstruo-despreciable-a-luis-alberto-garcia-por-criticar-las-marchas-oficialistas","status":"publish","type":"post","link":"https:\/\/www.europesays.com\/es\/195357\/","title":{"rendered":"Oficial de las FAR llama \u201cmonstruo despreciable\u201d a Luis Alberto Garc\u00eda por criticar las marchas oficialistas"},"content":{"rendered":"<p>La teniente coronel (r) Eulalia Heriberta Turi\u00f1o M\u00e9ndez, oficial retirada de las Fuerzas Armadas Revolucionarias (FAR), arremeti\u00f3 contra el actor cubano Luis Alberto Garc\u00eda, a quien calific\u00f3 de \u201cmonstruo despreciable\u201d y \u201cdegenerado, sinverg\u00fcenza\u201d, tras las cr\u00edticas del artista a las marchas oficialistas en solidaridad con Palestina mientras el pa\u00eds est\u00e1 en crisis.<\/p>\n<p>En una publicaci\u00f3n difundida en Facebook, Turi\u00f1o \u2014autora de libros sobre figuras militares y colaboradora de la revista Verde Olivo\u2014 reaccion\u00f3 iracunda y con clara intenci\u00f3n de atacar de forma personal al actor, quien cuestion\u00f3 que el r\u00e9gimen convoque movilizaciones pol\u00edticas en apoyo a causas extranjeras mientras el pa\u00eds atraviesa una profunda crisis econ\u00f3mica y sanitaria.<\/p>\n<p>\u00abY t\u00fa, MONSTRUO, criticando a un pueblo humilde, solidario, que no da lo que le sobra, sino que multiplica un pan para compartirlo con cualquier necesitado en el mundo&#8230; \u00a1MISERABLE! Quien est\u00e1 hecho trizas eres t\u00fa, \u00a1COBARDE!\u00bb, dijo la mujer.\u00a0<\/p>\n<p>Publicaci\u00f3n en Facebook<\/p>\n<p>El mensaje panfletario y furibundo de Turi\u00f1o, acus\u00f3 a Garc\u00eda de ser \u201ccruel con los ni\u00f1os palestinos\u201d y lo conmin\u00f3 a \u201clargarse a donde ning\u00fan humano lo pueda ver\u201d.<\/p>\n<p>El reconocido actor, protagonista de filmes como <strong>Clandestinos y Guantanamera<\/strong>, ya hab\u00eda respondido esta semana a otra internauta\u00a0que public\u00f3 un mensaje similar al de Turi\u00f1o, con un texto titulado God save the \u201cQueen\u201d, defendiendo su derecho a opinar y el papel de los artistas en la vida p\u00fablica.<\/p>\n<p>\u201cGaza y Caracas no deber\u00edan estar antes que Matanzas y C\u00e1rdenas. \u00bfVerdad?\u201d, argument\u00f3 el artista.\u00a0<\/p>\n<p>Garc\u00eda record\u00f3 su paso por la Escuela Vocacional Vladimir Ilich Lenin \u2014de la que pidi\u00f3 la baja al no permit\u00edrsele estudiar arte\u2014 y su ingreso posterior al Instituto Superior de Arte (ISA), donde se gradu\u00f3 \u201ccon honores\u201d. \u201cHa sido un honor poner mi gotica de talento al servicio de las artes de mi pa\u00eds\u201d, afirm\u00f3 entonces.<\/p>\n<p>\u201cSeguir\u00e9 opinando lo que creo porque este archipi\u00e9lago es m\u00edo\u201d, subray\u00f3.<\/p>\n<p>Las publicaciones recientes del actor cuestionan las \u201ctribunas\u201d y desfiles organizados por el Partido Comunista en apoyo a causas extranjeras \u2014como Palestina y Venezuela\u2014 en medio de <strong><a href=\"https:\/\/www.cibercuba.com\/noticias\/2025-10-17-u1-e199894-s27061-nid313106-este-archipielago-mio-luis-alberto-garcia-responde\" rel=\"nofollow noopener\" target=\"_blank\">apagones, brotes epid\u00e9micos y escasez de alimentos<\/a><\/strong> y medicamentos en la isla.<\/p>\n<p>Sus mensajes acumulan apoyos y tambi\u00e9n ataques de usuarios afines al gobierno.<\/p>\n<p>Garc\u00eda se ha consolidado como una de las <strong><a href=\"https:\/\/www.cibercuba.com\/noticias\/2025-10-17-u1-e42839-s27061-nid313075-luis-alberto-garcia-critica-marchas-tribunas-gobierno\" rel=\"nofollow noopener\" target=\"_blank\">voces cr\u00edticas del gremio art\u00edstico<\/a><\/strong> y afirma que continuar en la isla no implica silencio ni complicidad.<\/p>\n","protected":false},"excerpt":{"rendered":"La teniente coronel (r) Eulalia Heriberta Turi\u00f1o M\u00e9ndez, oficial retirada de las Fuerzas Armadas Revolucionarias (FAR), arremeti\u00f3 contra&hellip;\n","protected":false},"author":2,"featured_media":195358,"comment_status":"","ping_status":"","sticky":false,"template":"","format":"standard","meta":{"footnotes":""},"categories":[174],"tags":[15441,255,54232,146,147,25,24,142,256,54233,54234,4363,4360,76,54235,23,1192],"class_list":{"0":"post-195357","1":"post","2":"type-post","3":"status-publish","4":"format-standard","5":"has-post-thumbnail","7":"category-famosos","8":"tag-cardenas","9":"tag-celebrities","10":"tag-clandestinos","11":"tag-entertainment","12":"tag-entretenimiento","13":"tag-es","14":"tag-espana","15":"tag-facebook","16":"tag-famosos","17":"tag-guantanamera","18":"tag-luis-alberto-garcia","19":"tag-matanzas","20":"tag-noticias-de-cuba","21":"tag-palestina","22":"tag-sancti-spiritus","23":"tag-spain","24":"tag-venezuela"},"share_on_mastodon":{"url":"https:\/\/pubeurope.com\/@es\/115421931575268172","error":""},"_links":{"self":[{"href":"https:\/\/www.europesays.com\/es\/wp-json\/wp\/v2\/posts\/195357","targetHints":{"allow":["GET"]}}],"collection":[{"href":"https:\/\/www.europesays.com\/es\/wp-json\/wp\/v2\/posts"}],"about":[{"href":"https:\/\/www.europesays.com\/es\/wp-json\/wp\/v2\/types\/post"}],"author":[{"embeddable":true,"href":"https:\/\/www.europesays.com\/es\/wp-json\/wp\/v2\/users\/2"}],"replies":[{"embeddable":true,"href":"https:\/\/www.europesays.com\/es\/wp-json\/wp\/v2\/comments?post=195357"}],"version-history":[{"count":0,"href":"https:\/\/www.europesays.com\/es\/wp-json\/wp\/v2\/posts\/195357\/revisions"}],"wp:featuredmedia":[{"embeddable":true,"href":"https:\/\/www.europesays.com\/es\/wp-json\/wp\/v2\/media\/195358"}],"wp:attachment":[{"href":"https:\/\/www.europesays.com\/es\/wp-json\/wp\/v2\/media?parent=195357"}],"wp:term":[{"taxonomy":"category","embeddable":true,"href":"https:\/\/www.europesays.com\/es\/wp-json\/wp\/v2\/categories?post=195357"},{"taxonomy":"post_tag","embeddable":true,"href":"https:\/\/www.europesays.com\/es\/wp-json\/wp\/v2\/tags?post=195357"}],"curies":[{"name":"wp","href":"https:\/\/api.w.org\/{rel}","templated":true}]}}