{"id":195361,"date":"2025-10-23T05:55:12","date_gmt":"2025-10-23T05:55:12","guid":{"rendered":"https:\/\/www.europesays.com\/es\/195361\/"},"modified":"2025-10-23T05:55:12","modified_gmt":"2025-10-23T05:55:12","slug":"cual-es-el-origen-del-yoga-moderno","status":"publish","type":"post","link":"https:\/\/www.europesays.com\/es\/195361\/","title":{"rendered":"\u00bfCu\u00e1l es el origen del yoga moderno?"},"content":{"rendered":"<p data-gtm-element-container=\"modulo-texto-link\" class=\"paragraph\">Es el tema candente en Reino Unido tras la publicaci\u00f3n del libro Fascist Yoga (Editorial Pluto) del escritor, cineasta y figura de la contracultura brit\u00e1nica Stewart Home que ha estudiado la implantaci\u00f3n del yoga moderno en Occidente y su relaci\u00f3n con el culto desmesurado al cuerpo de la ideolog\u00eda nazi.<\/p>\n<p data-gtm-element-container=\"modulo-texto-link\" class=\"paragraph\">Home se apresura a marcar las diferencias entre el yoga meditativo que se pr\u00e1ctica en India hace varios milenios y el yoga moderno. Seg\u00fan su libro, \u00e9ste \u00faltimo no tendr\u00eda m\u00e1s de 120 a\u00f1os y es \u201cla gimnasia europea del siglo XXI regada con polvos de hadas orientalistas\u201d. \u00c9l mismo comenz\u00f3 a practicar ese yoga, el que se hace en casi la totalidad de los pa\u00edses occidentales, en 2009 y le espantaron \u201clas estupideces new age\u201d que dec\u00eda la monitora.\u00a0<\/p>\n<p>Habla de personajes como Maximiani Julia Portas, quien aseguraba que Hitler era una encarnaci\u00f3n de un dios hind\u00fa<\/p>\n<p data-gtm-element-container=\"modulo-texto-link\" class=\"paragraph\">Se puso a investigar c\u00f3mo lleg\u00f3 el yoga a California a principios del siglo XX, en qu\u00e9 momento surgi\u00f3 su v\u00ednculo con los nazis, pasando por los voceros de Alt-Right hasta llegar a Rober F. Kennedy hijo, colaborador estrecho de Donald Trump a cargo del movimiento MAHA (Make America Healthy Again).<\/p>\n<p data-gtm-element-container=\"modulo-texto-link\" class=\"paragraph\">En el libro habla de personajes extravagantes como la francesa Maximiani Julia Portas, cuyo nombre yogui es Savitri Devi, quien aseguraba que Hitler era una encarnaci\u00f3n de un dios hind\u00fa, y explora la relaci\u00f3n del yoga con el ocultismo y las ideolog\u00edas nacionalistas m\u00e1s extremas con la intenci\u00f3n de demostrar que una de las subculturas m\u00e1s populares de Occidente no es exactamente neutral, al menos en alguna de sus vertientes.<\/p>\n<p>                <img loading=\"lazy\" decoding=\"async\" data-full-src=\"https:\/\/www.lavanguardia.com\/uploads\/2025\/10\/20\/68f60ce899a98.jpeg\" alt=\"Practicando yoga meditativo en India\" width=\"449\" height=\"299\" src=\"https:\/\/www.europesays.com\/es\/wp-content\/uploads\/2025\/10\/68f60ce899a98.jpeg\" class=\"lazy\"\/><\/p>\n<p class=\"caption-title \">Practicantes de yoga meditativo en India<\/p>\n<p>                    Getty Images<\/p>\n<p data-gtm-element-container=\"modulo-texto-link\" class=\"paragraph\">En Fascist Yoga se detallan las conexiones de algunos de los l\u00edderes de la pr\u00e1ctica con la extrema derecha. Sin embargo, se podr\u00eda argumentar que solo porque algunos fascistas se interesaran por el yoga eso no lo convierte en una pr\u00e1ctica fascista. Pero Home va mas all\u00e1 y demuestra en su libro que el c\u00edrculo de Piere Bernard, una figura siniestra del supremacismo blanco, fue de los primeros en difundir la Pr\u00e1ctica Postural Moderna (yoga moderno) y lo conect\u00f3 directamente con el arianismo.\u00a0<\/p>\n<p data-gtm-element-container=\"modulo-texto-link\" class=\"paragraph\">Luego un disc\u00edpulo de Bernard,\u00a0Paul Dukes,\u00a0protagoniz\u00f3 la primera cobertura televisiva de una clase de yoga a finales de la d\u00e9cada de 1940. \u201cMientras difund\u00edan la Pr\u00e1ctica Postural Moderna en la primera mitad del siglo XX, este grupo falsific\u00f3 sus or\u00edgenes utilizando creencias supremacistas blancas totalmente acordes con la teor\u00eda racial nazi, afirmando, entre otras cosas, que el yoga fue inventado por unos invasores arios rubios del valle del Indo que crearon un sistema de castas similar al hind\u00fa para preservar su sangre.<\/p>\n<p>    Lee tambi\u00e9n<\/p>\n<p data-gtm-element-container=\"modulo-texto-link\" class=\"paragraph\">El escritor cita el libro m\u00e1s conocido sobre los or\u00edgenes del yoga publicado hace ya quince a\u00f1os:\u00a0El cuerpo del yoga: los or\u00edgenes de la Pr\u00e1ctica Postural Moderna, de Mark Singleton, publicado en Espa\u00f1a por Kair\u00f3s que afirma que el yoga moderno habr\u00eda sido inventado en los a\u00f1os veinte por nacionalistas indios que tomaron prestados m\u00e9todos de ejercicio occidentales y luego afirmaron falsamente que eran versiones inferiores de las pr\u00e1cticas milenarias de India.<\/p>\n<p data-gtm-element-container=\"modulo-texto-link\" class=\"paragraph\">Para Home, sin embargo, la versi\u00f3n m\u00e1s temprana de la pr\u00e1ctica postural moderna se origin\u00f3 en Estados Unidos y no en la India.\u00a0\u201cLa gente cree que lo que se practica en los gimnasios occidentales como yoga tiene un linaje de varios milenios, pero est\u00e1n equivocados\u201d, afirma en el libro. Y argumenta que en la antig\u00fcedad el ejercicio en grupo no se practicaba como se hace hoy en las clases de yoga y que la pedagog\u00eda asociada al yoga contempor\u00e1neo es \u201cevidentemente, moderna\u201d.<\/p>\n<p>                <img loading=\"lazy\" decoding=\"async\" data-full-src=\"https:\/\/www.lavanguardia.com\/uploads\/2025\/10\/20\/68f60c1fa3952.jpeg\" alt=\"Yoga en grupo\" width=\"449\" height=\"299\" src=\"https:\/\/www.europesays.com\/es\/wp-content\/uploads\/2025\/10\/68f60c1fa3952.jpeg\" class=\"lazy\"\/><\/p>\n<p class=\"caption-title \">Yoga &#8216;moderno&#8217; en grupo<\/p>\n<p>                    Getty Images<\/p>\n<p data-gtm-element-container=\"modulo-texto-link\" class=\"paragraph\">El libro ha molestado a casi todo el mundo. Gracias a ese modo de leer en diagonal que practicamos en internet mucha gente ha entendido mal el t\u00edtulo, y en lugar de Yoga Fascista (Fascist Yoga) han le\u00eddo El yoga es fascista. El autor se ha apresurado a explicar que no todo el yoga es fascista ni tampoco lo son sus practicantes, sino que \u00e9l se refiere a sus or\u00edgenes y lo que intenta es hacer un llamado de atenci\u00f3n para que los amantes del yoga desarrollen una mirada m\u00e1s cr\u00edtica y menos alelada hacia su pr\u00e1ctica.<\/p>\n<p data-gtm-element-container=\"modulo-texto-link\" class=\"paragraph\">El libro a\u00fan no tiene publicaci\u00f3n prevista en Espa\u00f1a.<\/p>\n","protected":false},"excerpt":{"rendered":"Es el tema candente en Reino Unido tras la publicaci\u00f3n del libro Fascist Yoga (Editorial Pluto) del escritor,&hellip;\n","protected":false},"author":2,"featured_media":195362,"comment_status":"","ping_status":"","sticky":false,"template":"","format":"standard","meta":{"footnotes":""},"categories":[172],"tags":[224,146,147,25,24,225,23],"class_list":{"0":"post-195361","1":"post","2":"type-post","3":"status-publish","4":"format-standard","5":"has-post-thumbnail","7":"category-libros","8":"tag-books","9":"tag-entertainment","10":"tag-entretenimiento","11":"tag-es","12":"tag-espana","13":"tag-libros","14":"tag-spain"},"share_on_mastodon":{"url":"https:\/\/pubeurope.com\/@es\/115421939377662939","error":""},"_links":{"self":[{"href":"https:\/\/www.europesays.com\/es\/wp-json\/wp\/v2\/posts\/195361","targetHints":{"allow":["GET"]}}],"collection":[{"href":"https:\/\/www.europesays.com\/es\/wp-json\/wp\/v2\/posts"}],"about":[{"href":"https:\/\/www.europesays.com\/es\/wp-json\/wp\/v2\/types\/post"}],"author":[{"embeddable":true,"href":"https:\/\/www.europesays.com\/es\/wp-json\/wp\/v2\/users\/2"}],"replies":[{"embeddable":true,"href":"https:\/\/www.europesays.com\/es\/wp-json\/wp\/v2\/comments?post=195361"}],"version-history":[{"count":0,"href":"https:\/\/www.europesays.com\/es\/wp-json\/wp\/v2\/posts\/195361\/revisions"}],"wp:featuredmedia":[{"embeddable":true,"href":"https:\/\/www.europesays.com\/es\/wp-json\/wp\/v2\/media\/195362"}],"wp:attachment":[{"href":"https:\/\/www.europesays.com\/es\/wp-json\/wp\/v2\/media?parent=195361"}],"wp:term":[{"taxonomy":"category","embeddable":true,"href":"https:\/\/www.europesays.com\/es\/wp-json\/wp\/v2\/categories?post=195361"},{"taxonomy":"post_tag","embeddable":true,"href":"https:\/\/www.europesays.com\/es\/wp-json\/wp\/v2\/tags?post=195361"}],"curies":[{"name":"wp","href":"https:\/\/api.w.org\/{rel}","templated":true}]}}