{"id":195369,"date":"2025-10-23T06:01:08","date_gmt":"2025-10-23T06:01:08","guid":{"rendered":"https:\/\/www.europesays.com\/es\/195369\/"},"modified":"2025-10-23T06:01:08","modified_gmt":"2025-10-23T06:01:08","slug":"fito-conecto-con-los-hijos-porque-los-padres-son-unos-pesados-que-les-ponen-mi-musica-cuando-se-van-de-vacaciones","status":"publish","type":"post","link":"https:\/\/www.europesays.com\/es\/195369\/","title":{"rendered":"Fito: \u00abConecto con los hijos porque los padres son unos pesados que les ponen mi m\u00fasica cuando se van de vacaciones\u00bb"},"content":{"rendered":"<p class=\"ue-c-article__paragraph\">Las posibilidades de que alguien est\u00e9 tocando <strong>Soldadito marinero<\/strong> en tu vag\u00f3n de Metro justo cuando est\u00e1s yendo a entrevistar a <strong>Fito Cabrales<\/strong> (Bilbao, 1966) son, curiosamente, bastante altas. Fito es pop en el sentido de que es un ente popular, del pueblo, pero tambi\u00e9n es muy rock. \u00abTodo el mundo quiere ser los Rolling. Nosotros somos como ni\u00f1os grandes que pensamos que somos ellos, y eso es precioso\u00bb, dice \u00e9l, ilusionado y nervioso -\u00abNac\u00ed nervioso\u00bb- como el primer d\u00eda, en aquellos tiempos en que con <strong>Platero y T\u00fa<\/strong> grababa en el estudio m\u00e1s barato de Pamplona.<\/p>\n<p class=\"ue-c-article__paragraph\">El nuevo disco de Fito &amp; Fitipaldis, <strong>El monte de los aullidos<\/strong>, es \u00absu hijo\u00bb y, ya lo dice \u00e9l, \u00abcuando tienes un ni\u00f1o nuevo se lo quieres presentar a todo el mundo\u00bb. Ver sus reacciones, si les gusta, si es tan guapo como a ti te parece. Lo mismo con su m\u00fasica.<\/p>\n<p class=\"ue-c-article__paragraph\">No sab\u00eda muy bien lo que pretend\u00eda contar con este disco, pero si de algo se dio cuenta haci\u00e9ndolo es de que<strong> estaba en un momento bajo<\/strong>. Pero no el m\u00e1s bajo: \u00abEn los extremos es imposible escribir. Si est\u00e1s muy triste, dices: &#8216;\u00bfQu\u00e9 mierda es esto de una guitarrita?&#8217;. Y <strong>si est\u00e1s contento, \u00bfqu\u00e9 cojones haces ocho horas con un bol\u00edgrafo y una guitarra en tu casa?<\/strong> No tiene sentido, no necesitas escribir ni desahogarte\u00bb, explica Fito. Ese desahogo es precisamente lo que se esconde detr\u00e1s del aullido del t\u00edtulo.<\/p>\n<p class=\"ue-c-article__paragraph\"><strong>A pesar de no ser \u00e9ste un \u00e1lbum triste en s\u00ed mismo, las letras s\u00ed lo son<\/strong>, y si alguien las recitase, como dice \u00e9l, resultar\u00edan deprimentes. \u00abPero tengo la suerte de que tocamos rock. A m\u00ed me gusta jugar con los textos y luego saber que tengo a <strong>Carlos Raya<\/strong> -su productor- poni\u00e9ndole ese maquillaje\u00bb.<\/p>\n<p class=\"ue-c-article__paragraph\">Su nuevo lanzamiento traer\u00e1 ma\u00f1ana 10 canciones de las que solo dos han sido lanzadas como singles. Eso es lo que a Fito se le atraganta de esa vida moderna de la que, realmente, a\u00fan forma parte. No tiene redes sociales, tampoco WhatsApp y en este punto se niega, por ejemplo, a grabar videoclips. <strong>Su vida es una negociaci\u00f3n constante con la industria.<\/strong><\/p>\n<p class=\"ue-c-article__paragraph\">En ese -este- mundo donde los algoritmos dominan ya casi todo, la visibilidad de los lanzamientos no es menos, pero Fito se mantiene firme. \u00abYo no me gano la vida con Spotify\u00bb, zanja. Tiene que luchar, dice, \u00abpara no sacar cinco adelantos, que es lo que hace todo el mundo y a m\u00ed me da una mala hostia&#8230; <strong>Si quiero comprarme un disco y veo que ya tengo cinco canciones, joder, ya no lo quiero<\/strong>\u00ab, asevera. \u00abYo he crecido con otra cosa, pero los chavales no tienen ning\u00fan problema en sacar una canci\u00f3n, hacer un featuring con no s\u00e9 qui\u00e9n&#8230; Yo no estoy en esa liga\u00bb.<\/p>\n<blockquote class=\"ue-c-article__blockquote\">\n<p>\u00abTodo el mundo lleva 40 a\u00f1os fantaseando con que el rock se va a morir, pero el rock es U2, es AC\/DC y es tambi\u00e9n Arde Bogot\u00e1\u00bb<\/p>\n<\/blockquote>\n<p class=\"ue-c-article__paragraph\">Sin embargo, Fito &amp; Fitipaldis sigue conquistando a generaciones de lo m\u00e1s dispares. Hay que ser muy, muy joven para no haber cantado nunca alguna l\u00ednea de <strong>Antes de que cuente diez<\/strong>. \u00abConecto con los hijos porque los padres son unos pesados que les ponen todo el rato mi m\u00fasica en el coche cuando se van de vacaciones\u00bb. As\u00ed se explica \u00e9l esa transversalidad, que intenta mantener siendo fresco, intentando que lo que hace <strong>\u00abno suene viejuno\u00bb<\/strong> sino actual.<\/p>\n<p class=\"ue-c-article__paragraph\">En el fondo, ese es uno de los miedos que guarda. \u00abCualquier cosa que hagas en la vida, <strong>si las nuevas generaciones no suscitan ning\u00fan inter\u00e9s por ello, ya est\u00e1s muerto<\/strong>. Desapareces o tienes que tocar en un revival de estos de moda\u00bb, dice, para aclarar que, aunque su m\u00fasica la hace para s\u00ed mismo, si tocase para gente de su edad, lo har\u00eda en un bar.<\/p>\n<p class=\"ue-c-article__paragraph\">Lo importante, en cualquier caso, es que la gente conecte con lo que hace. \u00abYo siempre he pensado en la m\u00fasica como una br\u00fajula. Todas <strong>las bandas que yo escuchaba con 15 a\u00f1os o 16 son mis Unamuno y mis P\u00edo Baroja<\/strong>. Pensaba: &#8216;Joder, son la hostia'\u00bb, dice con cara de circunstancias. \u00abYo los eleg\u00ed como a San Pancracio o a la Virgen de Bego\u00f1a. Dije: &#8216;Yo voy a seguir a este&#8217;. \u00bfPor qu\u00e9? Es un sinsentido de la hostia, pero a m\u00ed me ha valido\u00bb.<\/p>\n<p class=\"ue-c-article__paragraph\">Cuando inici\u00f3 su carrera jam\u00e1s pens\u00f3 que tendr\u00eda un hueco en la m\u00fasica, y nunca crey\u00f3 ir a grabar un disco, mucho menos 16. A Fito se le puede ver como ese resquicio, <strong>ese \u00faltimo rockero que resiste<\/strong>, pero, en su opini\u00f3n, \u00abtodo el mundo lleva 40 a\u00f1os fantaseando con que el rock se va a morir\u00bb. Pero \u00e9l cree que hoy en Espa\u00f1a hay \u00abchavales\u00bb que siguen haciendo buen rock: \u00abEs muy amplio. <strong>El rock es U2, es AC\/DC y es Arde Bogot\u00e1<\/strong>, yo creo\u00bb. Para \u00e9l, s\u00ed hay relevo generacional.<\/p>\n<p class=\"ue-c-article__paragraph\">\u00bfY despu\u00e9s de esto, qu\u00e9? \u00abSiempre, despu\u00e9s de un disco, pienso que ya no habr\u00e1 m\u00e1s\u00bb, bromea sobre lo mucho que le cuesta decidirse e invertir el tiempo. \u00abHace a\u00f1os que cada vez que acabo uno, digo: &#8216;<strong>Voy a montar un bar<\/strong>&#8216;\u00bb, dice sin miramientos. \u00abHa ido cambiando. Al principio era un bar para tocar m\u00fasica, como de motel, y ahora la idea est\u00e1 en dar comidas mientras suena rock de todos los pa\u00edses y estilos. <strong>Se llama Rock and Roll de Puchero<\/strong>\u00ab.<\/p>\n","protected":false},"excerpt":{"rendered":"Las posibilidades de que alguien est\u00e9 tocando Soldadito marinero en tu vag\u00f3n de Metro justo cuando est\u00e1s yendo&hellip;\n","protected":false},"author":2,"featured_media":195370,"comment_status":"","ping_status":"","sticky":false,"template":"","format":"standard","meta":{"footnotes":""},"categories":[91],"tags":[209,146,147,25,24,185,1273,23],"class_list":{"0":"post-195369","1":"post","2":"type-post","3":"status-publish","4":"format-standard","5":"has-post-thumbnail","7":"category-entretenimiento","8":"tag-cultura","9":"tag-entertainment","10":"tag-entretenimiento","11":"tag-es","12":"tag-espana","13":"tag-musica","14":"tag-rock","15":"tag-spain"},"share_on_mastodon":{"url":"https:\/\/pubeurope.com\/@es\/115421962754413981","error":""},"_links":{"self":[{"href":"https:\/\/www.europesays.com\/es\/wp-json\/wp\/v2\/posts\/195369","targetHints":{"allow":["GET"]}}],"collection":[{"href":"https:\/\/www.europesays.com\/es\/wp-json\/wp\/v2\/posts"}],"about":[{"href":"https:\/\/www.europesays.com\/es\/wp-json\/wp\/v2\/types\/post"}],"author":[{"embeddable":true,"href":"https:\/\/www.europesays.com\/es\/wp-json\/wp\/v2\/users\/2"}],"replies":[{"embeddable":true,"href":"https:\/\/www.europesays.com\/es\/wp-json\/wp\/v2\/comments?post=195369"}],"version-history":[{"count":0,"href":"https:\/\/www.europesays.com\/es\/wp-json\/wp\/v2\/posts\/195369\/revisions"}],"wp:featuredmedia":[{"embeddable":true,"href":"https:\/\/www.europesays.com\/es\/wp-json\/wp\/v2\/media\/195370"}],"wp:attachment":[{"href":"https:\/\/www.europesays.com\/es\/wp-json\/wp\/v2\/media?parent=195369"}],"wp:term":[{"taxonomy":"category","embeddable":true,"href":"https:\/\/www.europesays.com\/es\/wp-json\/wp\/v2\/categories?post=195369"},{"taxonomy":"post_tag","embeddable":true,"href":"https:\/\/www.europesays.com\/es\/wp-json\/wp\/v2\/tags?post=195369"}],"curies":[{"name":"wp","href":"https:\/\/api.w.org\/{rel}","templated":true}]}}