{"id":195373,"date":"2025-10-23T06:04:09","date_gmt":"2025-10-23T06:04:09","guid":{"rendered":"https:\/\/www.europesays.com\/es\/195373\/"},"modified":"2025-10-23T06:04:09","modified_gmt":"2025-10-23T06:04:09","slug":"dos-de-las-ocho-joyas-robadas-del-museo-del-louvre-tienen-esmeraldas-colombianas","status":"publish","type":"post","link":"https:\/\/www.europesays.com\/es\/195373\/","title":{"rendered":"Dos de las ocho joyas robadas del museo del Louvre tienen esmeraldas colombianas"},"content":{"rendered":"<p class=\"\">El <a href=\"https:\/\/elpais.com\/cultura\/2025-10-22\/la-presidenta-del-louvre-el-robo-es-una-herida-inmensa-hemos-fracasado.html\" target=\"_self\" rel=\"nofollow noopener\" title=\"https:\/\/elpais.com\/cultura\/2025-10-22\/la-presidenta-del-louvre-el-robo-es-una-herida-inmensa-hemos-fracasado.html\">robo en el museo del Louvre<\/a> del domingo pasado ha sacudido al mundo del arte\u2026, y al de las esmeraldas en Colombia. De entre las ocho piezas sustra\u00eddas de la Galer\u00eda Apolo, dos joyas imperiales contienen gemas preciosas extra\u00eddas de las <a href=\"https:\/\/elpais.com\/america-colombia\/2025-07-13\/la-fiebre-de-las-esmeraldas-colombianas-se-muda-a-tiktok-viaje-a-muzo-el-origen-de-las-gemas-mas-valiosas-del-mundo.html\" target=\"_self\" rel=\"nofollow noopener\" title=\"https:\/\/elpais.com\/america-colombia\/2025-07-13\/la-fiebre-de-las-esmeraldas-colombianas-se-muda-a-tiktok-viaje-a-muzo-el-origen-de-las-gemas-mas-valiosas-del-mundo.html\">minas de Muzo<\/a>, en el departamento colombiano de Boyac\u00e1. Se trata de un collar y un par de pendientes que pertenecieron a Mar\u00eda Luisa de Austria, quien fuera la segunda esposa del emperador Napole\u00f3n Bonaparte, tras su separaci\u00f3n de Josefina de Beauharnais, con quien se divorci\u00f3 en enero de 1810 al no poder tener un heredero. Las gemas son de un limpio verde intenso conocido como \u2018verde muzo\u2019, un tono que ha fascinado a la alta joyer\u00eda europea. La Federaci\u00f3n Colombiana de Esmeraldas (Fedesmeraldas) ha confirmado que las piedras hurtadas son colombianas y califica el hecho como \u201cun atentado contra el arte y la historia de la humanidad\u201d.<\/p>\n<p class=\"\">La madrile\u00f1a Ana Trigo, historiadora y tasadora de arte y antig\u00fcedades, conoce bien <a href=\"https:\/\/elpais.com\/cultura\/2025-10-22\/el-louvre-del-dia-despues-el-museo-vuelve-a-abrir-con-la-herida-a-la-vista.html\" target=\"_self\" rel=\"nofollow noopener\" title=\"https:\/\/elpais.com\/cultura\/2025-10-22\/el-louvre-del-dia-despues-el-museo-vuelve-a-abrir-con-la-herida-a-la-vista.html\">la sala donde ocurri\u00f3 el robo<\/a>. El a\u00f1o pasado public\u00f3 el libro \u2018Joyas Malditas\u2019, en el que investig\u00f3 dos de las piezas m\u00e1s emblem\u00e1ticas de la Galer\u00eda Apolo: el diamante Regente y el Sancy. Para documentarse, pas\u00f3 largas jornadas en esa sala, observando las vitrinas, revisando archivos y conversando con curadores. \u201cLas he visto [las joyas con las gemas boyacenses] y las conozco\u201d, dice. En conversaci\u00f3n con EL PA\u00cdS, Trigo confirma que las esmeraldas del collar y los pendientes de Mar\u00eda Luisa son colombianas, provenientes de Muzo, y que su valor es incalculable. \u201cTienen muy pocas inclusiones, son limpias, brillantes, con un color dram\u00e1tico. En Europa son muy apreciadas\u201d, explica.<\/p>\n<p><img alt=\"Robo Museo Louvre\" decoding=\"auto\" class=\"_re lazyload a_m-h\" height=\"273\"  width=\"414\"  src=\"https:\/\/www.europesays.com\/es\/wp-content\/uploads\/2025\/10\/1761199448_184_VWYVJXIJBBFBDHU5TMGE2GDF2M.jpg\" loading=\"lazy\"\/>Agentes de polic\u00eda, frente a la entrada principal de Louvre, el pasado domingo.Kiran Ridley (Getty Images)<\/p>\n<p class=\"\">Aunque insiste en que el valor real de las piezas es inconmensurable \u2014por tratarse de reliquias con un alt\u00edsimo valor, tanto gemol\u00f3gico como hist\u00f3rico\u2014 ofrece un c\u00e1lculo personal: \u201cSolo el collar podr\u00eda valer unos 12 millones de euros, y el conjunto completo, hasta 15 millones\u201d. Luego se pausa, reflexiona, y concluye que se puede \u201cquedar muy corta\u201d. Son piezas fin\u00edsimas. \u201cEl collar robado est\u00e1 conformado por 32 esmeraldas, diez de ellas con forma de gota, y m\u00e1s de 1.100 diamantes de distintas tallas distribuidos por toda la joya\u201d, explica Trigo.<\/p>\n<p class=\"\">Los pendientes que completaban el conjunto persiguen la misma l\u00f3gica: cada uno contiene una esmeralda en forma de pera de 45 quilates, acompa\u00f1ada por otras cuatro gemas verdes que refuerzan el dise\u00f1o imperial. Las autoridades francesas valoraron inicialmente las ocho joyas robadas en 96,4 millones de euros, seg\u00fan la fiscal general de Par\u00eds, Laure Beccuau, el 19 de octubre. Posteriormente, la Fiscal\u00eda de Par\u00eds <a href=\"https:\/\/elpais.com\/cultura\/2025-10-21\/la-fiscalia-fija-en-88-millones-de-euros-el-valor-de-los-objetos-robados-en-el-louvre.html\" target=\"_self\" rel=\"nofollow noopener\" title=\"https:\/\/elpais.com\/cultura\/2025-10-21\/la-fiscalia-fija-en-88-millones-de-euros-el-valor-de-los-objetos-robados-en-el-louvre.html\">ajust\u00f3 la cifra hasta los 88 millones de euros<\/a>, unos 400.000 millones de pesos colombianos.<\/p>\n<p class=\"\">Javier Tolosa, director de la Corporaci\u00f3n del Centro de Desarrollo Tecnol\u00f3gico de la Esmeralda Colombiana, comparte con EL PA\u00cdS que se adelantan estudios gemol\u00f3gicos para dar con todos los detalles de estas piedras preciosas, \u201cdesde su valor real hasta las circunstancias de c\u00f3mo llegaron\u201d al cuello de la segunda esposa del emperador franc\u00e9s. Los resultados se conocer\u00e1n a lo largo de la semana.<\/p>\n<p class=\"\">Fedesmeraldas lamenta la p\u00e9rdida. \u201cLas piezas no son solo joyas, son documentos materiales que trazan la historia del comercio global de esmeraldas\u201d, ha comentado el presidente del gremio esmeraldero, \u00d3scar Baquero, en declaraciones recogidas por diversos medios locales. \u201cEl robo del collar de Mar\u00eda Luisa constituye un ultraje a un s\u00edmbolo de la herencia esmeraldera de Colombia\u201d, agrega. El municipio de Muzo est\u00e1 96 kil\u00f3metros al noroccidente de Bogot\u00e1 y se considera la capital mundial de estas piedras preciosas. Sus minas han sido explotadas desde el siglo XVI y en todo 2024 Colombia export\u00f3 esmeraldas por un valor de 127,5 millones de d\u00f3lares, seg\u00fan la Agencia Nacional de Miner\u00eda y Fedesmeraldas.<\/p>\n<p class=\"\">M\u00e1s del 60% de las esmeraldas en bruto salen de la zona minera, en el departamento de Boyac\u00e1, a la Zona Franca de Bogot\u00e1, mientras que las gemas talladas son enviadas a mercados internacionales como Estados Unidos, Hong Kong, Tailandia o Jap\u00f3n. El pa\u00eds andino es el mayor exportador mundial de esmeraldas talladas, y sus piedras, con su color caracter\u00edstico, son consideradas las de mayor calidad en el mercado global. La industria genera 2.000 empleos directos y 6.000 indirectos, entre Boyac\u00e1 y Cundinamarca, seg\u00fan las mismas fuentes.<\/p>\n<p><img decoding=\"auto\" class=\"_re lazyload a_m-h\" height=\"276\"  width=\"414\"  src=\"https:\/\/www.europesays.com\/es\/wp-content\/uploads\/2025\/10\/FD4MMX6TWZE7JBA3E7VIYBMLWI.jpg\" loading=\"lazy\"\/>Un persona manipula esmeraldas en una mina, en Muzo (Boyac\u00e1).ANDR\u00c9S BO<\/p>\n<p class=\"\">La historia del conjunto robado se remonta a 1810, cuando Napole\u00f3n I encarg\u00f3 al joyero de la corte, Fran\u00e7ois-R\u00e9gnault Nitot, un regalo nupcial para su segunda esposa, la emperatriz Mar\u00eda Luisa de Austria, tras el divorcio del emperador franc\u00e9s con Josefina, su primera esposa. Originalmente, el conjunto completo inclu\u00eda el collar, los pendientes, una tiara y dos broches, pero esas dos \u00faltimas piezas se dispersaron durante el siglo XX.<\/p>\n<p class=\"\">Tras la ca\u00edda del Primer Imperio en 1814, Mar\u00eda Luisa regres\u00f3 a Austria con sus joyas personales. Devolvi\u00f3 los diamantes al tesoro franc\u00e9s, pero conserv\u00f3 las esmeraldas, que terminaron en manos del Gran Duque Leopoldo II de Toscana. En 1953, la firma Van Cleef &amp; Arpels adquiri\u00f3 el conjunto y vendi\u00f3 las esmeraldas de la tiara una por una, fragmentando la colecci\u00f3n. D\u00e9cadas despu\u00e9s, el collar y los pendientes pasaron por manos privadas hasta que el Louvre los readquiri\u00f3 en 2004, donde permanecieron en la Galer\u00eda de Apolo hasta el robo del pasado 19 de octubre.<\/p>\n<p class=\"\">Trigo \u2014coincidencia: publicar\u00e1 en noviembre \u2018Ladrones de arte\u2019, de la editorial Ariel\u2014 advierte que hay una \u201cbatalla contra el tiempo\u201d para evitar que las piezas sean desmontadas. \u201cSi las esmeraldas se separan, se pierde todo su valor hist\u00f3rico\u201d, dice. Entre las hip\u00f3tesis que se manejan del robo est\u00e1n el desmontaje para venta por separado de los diamantes y las esmeraldas; el secuestro de arte para pedir rescate; o el robo por encargo para un coleccionista privado. <\/p>\n<p class=\"\">En todos los escenarios, el riesgo de que las joyas desaparezcan para siempre es alto. \u201cCada d\u00eda que pasa sin que aparezcan, hay menos posibilidades de recuperarlas\u201d, insiste. Trigo menciona que el modus operandi del robo \u2014r\u00e1pido, asombroso, con objetivos de alt\u00edsimo perfil y sin violencia f\u00edsica\u2014 coincide con el estilo del grupo criminal conocido como las Panteras Rosas, de integrantes mayoritariamente serbios, especializado en desmantelar las piezas para vender sus gemas por separado. El nombre se lo dio la Interpol tras el robo de un anillo de diamantes en Londres en mayo de 2003 porque los ladrones lo ocultaron en un frasco de crema de afeitar, al igual que en la pel\u00edcula de La Pantera Rosa.<\/p>\n","protected":false},"excerpt":{"rendered":"El robo en el museo del Louvre del domingo pasado ha sacudido al mundo del arte\u2026, y al&hellip;\n","protected":false},"author":2,"featured_media":195374,"comment_status":"","ping_status":"","sticky":false,"template":"","format":"standard","meta":{"footnotes":""},"categories":[42],"tags":[889,229,30047,17,18,1803,13,14,11,61,62,63,64,19,20,1804,3873,52564,9,10,15,16,4759,54243,12,21,22,65,66,67],"class_list":{"0":"post-195373","1":"post","2":"type-post","3":"status-publish","4":"format-standard","5":"has-post-thumbnail","7":"category-internacional","8":"tag-america","9":"tag-arte","10":"tag-boyaca","11":"tag-breaking-news","12":"tag-breakingnews","13":"tag-colombia","14":"tag-featured-news","15":"tag-featurednews","16":"tag-headlines","17":"tag-internacional","18":"tag-international","19":"tag-international-news","20":"tag-internationalnews","21":"tag-latest-news","22":"tag-latestnews","23":"tag-latinoamerica","24":"tag-museos","25":"tag-napoleon-bonaparte","26":"tag-news","27":"tag-noticias","28":"tag-noticias-destacadas","29":"tag-noticiasdestacadas","30":"tag-paris","31":"tag-piedras-preciosas","32":"tag-titulares","33":"tag-ultimas-noticias","34":"tag-ultimasnoticias","35":"tag-world","36":"tag-world-news","37":"tag-worldnews"},"share_on_mastodon":{"url":"https:\/\/pubeurope.com\/@es\/115421974790627289","error":""},"_links":{"self":[{"href":"https:\/\/www.europesays.com\/es\/wp-json\/wp\/v2\/posts\/195373","targetHints":{"allow":["GET"]}}],"collection":[{"href":"https:\/\/www.europesays.com\/es\/wp-json\/wp\/v2\/posts"}],"about":[{"href":"https:\/\/www.europesays.com\/es\/wp-json\/wp\/v2\/types\/post"}],"author":[{"embeddable":true,"href":"https:\/\/www.europesays.com\/es\/wp-json\/wp\/v2\/users\/2"}],"replies":[{"embeddable":true,"href":"https:\/\/www.europesays.com\/es\/wp-json\/wp\/v2\/comments?post=195373"}],"version-history":[{"count":0,"href":"https:\/\/www.europesays.com\/es\/wp-json\/wp\/v2\/posts\/195373\/revisions"}],"wp:featuredmedia":[{"embeddable":true,"href":"https:\/\/www.europesays.com\/es\/wp-json\/wp\/v2\/media\/195374"}],"wp:attachment":[{"href":"https:\/\/www.europesays.com\/es\/wp-json\/wp\/v2\/media?parent=195373"}],"wp:term":[{"taxonomy":"category","embeddable":true,"href":"https:\/\/www.europesays.com\/es\/wp-json\/wp\/v2\/categories?post=195373"},{"taxonomy":"post_tag","embeddable":true,"href":"https:\/\/www.europesays.com\/es\/wp-json\/wp\/v2\/tags?post=195373"}],"curies":[{"name":"wp","href":"https:\/\/api.w.org\/{rel}","templated":true}]}}