{"id":195375,"date":"2025-10-23T06:05:08","date_gmt":"2025-10-23T06:05:08","guid":{"rendered":"https:\/\/www.europesays.com\/es\/195375\/"},"modified":"2025-10-23T06:05:08","modified_gmt":"2025-10-23T06:05:08","slug":"el-gobierno-ningunea-el-ordago-de-junts-es-lo-de-siempre-teatro-abc","status":"publish","type":"post","link":"https:\/\/www.europesays.com\/es\/195375\/","title":{"rendered":"El Gobierno ningunea el \u00f3rdago de Junts: \u00abEs lo de siempre, teatro\u00bb &#8211; ABC"},"content":{"rendered":"<ol>\n<li><a href=\"https:\/\/news.google.com\/rss\/articles\/CBMimgFBVV95cUxOTWgtRUNPRFVrRExxXzBtV0l6LWtnb3F5X2pVWnJIdGFmSVJzMWYyNE9rZVZNMHF5WDJONHljdjRCR2RjNTdvVVB3T1QzTXliRnNYZW1HREt2U05sMnBWY3BZRDBadHNJQVFJaFNHZjBQQ2dFdTZLbUgydG9zbjdwM0pVWHNQODlWdW83QmFVajByenNjZzFjVG53?oc=5\" target=\"_blank\" rel=\"nofollow noopener\">El Gobierno ningunea el \u00f3rdago de Junts: \u00abEs lo de siempre, teatro\u00bb<\/a>&nbsp;&nbsp;ABC<\/li>\n<li><a href=\"https:\/\/news.google.com\/rss\/articles\/CBMiekFVX3lxTE51d3d0N3d5eXZvYzdILV9wRllPM2YwZHVWUmNjNERNVWxWT3pNMHhzU1VxZUlrOVA4ei10b0pySlJjY04tYUQ1Y0VkcFlPdER1QXlVbHRFekhUWjUzNWItY3loZldPNUtWamZNVEdwSkFrQ1ZFdF96N2p30gF6QVVfeXFMTXJ0S2RzbFNaUkpTVi1ycU1YUzRmbVFaWjBFZ1JmXzdmMnoyN0h4SVFHVGpDV0JKMEdGUlZPNWJSaEdwRG1yR2xTUDhrSGVlRzNQUWZxeWlEN21TR1VELVY1ejZqb1FCQm1kcS1qRmh3RUNydC12Q0ZqaHc?oc=5\" target=\"_blank\" rel=\"nofollow noopener\">El PP exhorta a Junts a tumbar a S\u00e1nchez: \u00abSi de verdad quieren un cambio, que llamen y reemplazamos esta etapa\u00bb<\/a>&nbsp;&nbsp;El Mundo<\/li>\n<li><a href=\"https:\/\/news.google.com\/rss\/articles\/CBMiuAFBVV95cUxNc2JUbjZTbmZHdkkzUUFzcm56djBkNFdRV2JFQnVyXzV2R3RScXloZ3lnYkZuODgzTHJkdXhMYUN0NmJMNGEzWGxoWTR2eU1IWXpSVDZfbUZ6b2g3Tnl2WFc0QzhONFhnYS1YdG5FMUZVeEoycC1PeGVSblN4OGs2YVg4dldGaXRVZXZTME56bmxwZ0VmSHlyLUIxaWhscEZ0ZVFtYW52Z0M1SVczaUxPZmFLXzUwckdN?oc=5\" target=\"_blank\" rel=\"nofollow noopener\">Junts prepara otro oto\u00f1o caliente pero el Gobierno conf\u00eda en que no romper\u00e1<\/a>&nbsp;&nbsp;EL PA\u00cdS<\/li>\n<li><a href=\"https:\/\/news.google.com\/rss\/articles\/CBMifEFVX3lxTE1GdDJsN1NtRTFUOU16MXAzUHZqRkNxcEt3SnZGdUdqMzJWZEw5bzdPYTNKU3FIQU1PYjg1MDg2akhEM3VielgxLVVZdEN3VU5jdDNUUjVzdFZFNjZteEZ1TXJWekxDOUF1ZEpGUEc1YW5GdmpnU1NnRUVpRkk?oc=5\" target=\"_blank\" rel=\"nofollow noopener\">La hora del cambio, por Josep Mart\u00ed Blanch<\/a>&nbsp;&nbsp;La Vanguardia<\/li>\n<li><a href=\"https:\/\/news.google.com\/rss\/articles\/CBMi0gFBVV95cUxQTlRNNzhYOEJuT0JGOEJLaDRxSGt3SkhWS1VuQ0ZLcVRtNUxJVXFYamdKVjAxNVZ2WXNWa1F6SmJhdmd0RkcyNUpGX2FHc2FRUnlROUdjc21hbjllclgxbVdBa3ZrZ1RtRDB5R2djakF2QWVaUFVReHY2b0NqcnJkZ0k5VjNUUlNxY2tCcDdEZWl3V1lhaVdkalZoRF9PUnBRUXo5ZWE2ckhSRjQyOEV4TFlYbVQybGdPQ0xtdERQUEZwcmszZ3BJSXJ4VXBhZExMZEHSAdIBQVVfeXFMTnVBajl1d1A0cXFCaXNlTlBwRnRlZnlSZ2Y1d3JsamZ2aVBQdzJZN0pKaDk4MGNpR2RnMFM3Z0FFWWEzdVBiSDR6Ulhpd0tTLXgwTWRlMEJxZVA4Tl80NFVOR0dXNmFreHYtTS1LQWhteXZCZDVocTJkTWRLWkZnUWFQemZzZEFsc0ZjS0ZNVUUyck5XRUFEcm85dVJXWGRCT1FWT1VFQ2h5QjAtQjJLNExic1hoN1R4R0hQT0dncWNLV0NWZDNrbkdXWHdHeTdYZkV3?oc=5\" target=\"_blank\" rel=\"nofollow noopener\">Los 30 segundos de M\u00edriam Nogueras en los que Rufi\u00e1n ve a PP y Vox: \u00abMadre m\u00eda, Ayuso\u00bb<\/a>&nbsp;&nbsp;Onda Cero<\/li>\n<\/ol>\n","protected":false},"excerpt":{"rendered":"El Gobierno ningunea el \u00f3rdago de Junts: \u00abEs lo de siempre, teatro\u00bb&nbsp;&nbsp;ABC El PP exhorta a Junts a&hellip;\n","protected":false},"author":2,"featured_media":195376,"comment_status":"","ping_status":"","sticky":false,"template":"","format":"standard","meta":{"footnotes":""},"categories":[8],"tags":[17,18,25,24,13,14,582,11,5216,19,20,9,54244,10,15,16,7028,369,23,1651,12,21,22],"class_list":{"0":"post-195375","1":"post","2":"type-post","3":"status-publish","4":"format-standard","5":"has-post-thumbnail","7":"category-espana","8":"tag-breaking-news","9":"tag-breakingnews","10":"tag-es","11":"tag-espana","12":"tag-featured-news","13":"tag-featurednews","14":"tag-gobierno","15":"tag-headlines","16":"tag-junts","17":"tag-latest-news","18":"tag-latestnews","19":"tag-news","20":"tag-ningunea","21":"tag-noticias","22":"tag-noticias-destacadas","23":"tag-noticiasdestacadas","24":"tag-ordago","25":"tag-siempre","26":"tag-spain","27":"tag-teatro","28":"tag-titulares","29":"tag-ultimas-noticias","30":"tag-ultimasnoticias"},"share_on_mastodon":{"url":"https:\/\/pubeurope.com\/@es\/115421978822097404","error":""},"_links":{"self":[{"href":"https:\/\/www.europesays.com\/es\/wp-json\/wp\/v2\/posts\/195375","targetHints":{"allow":["GET"]}}],"collection":[{"href":"https:\/\/www.europesays.com\/es\/wp-json\/wp\/v2\/posts"}],"about":[{"href":"https:\/\/www.europesays.com\/es\/wp-json\/wp\/v2\/types\/post"}],"author":[{"embeddable":true,"href":"https:\/\/www.europesays.com\/es\/wp-json\/wp\/v2\/users\/2"}],"replies":[{"embeddable":true,"href":"https:\/\/www.europesays.com\/es\/wp-json\/wp\/v2\/comments?post=195375"}],"version-history":[{"count":0,"href":"https:\/\/www.europesays.com\/es\/wp-json\/wp\/v2\/posts\/195375\/revisions"}],"wp:featuredmedia":[{"embeddable":true,"href":"https:\/\/www.europesays.com\/es\/wp-json\/wp\/v2\/media\/195376"}],"wp:attachment":[{"href":"https:\/\/www.europesays.com\/es\/wp-json\/wp\/v2\/media?parent=195375"}],"wp:term":[{"taxonomy":"category","embeddable":true,"href":"https:\/\/www.europesays.com\/es\/wp-json\/wp\/v2\/categories?post=195375"},{"taxonomy":"post_tag","embeddable":true,"href":"https:\/\/www.europesays.com\/es\/wp-json\/wp\/v2\/tags?post=195375"}],"curies":[{"name":"wp","href":"https:\/\/api.w.org\/{rel}","templated":true}]}}