{"id":195377,"date":"2025-10-23T06:06:22","date_gmt":"2025-10-23T06:06:22","guid":{"rendered":"https:\/\/www.europesays.com\/es\/195377\/"},"modified":"2025-10-23T06:06:22","modified_gmt":"2025-10-23T06:06:22","slug":"como-fue-la-primera-noche-de-sarkozy-en-la-carcel-los-gritos-y-amenazas-de-los-presos-y-los-dos-libros-que-se-llevo-a-la-celda","status":"publish","type":"post","link":"https:\/\/www.europesays.com\/es\/195377\/","title":{"rendered":"C\u00f3mo fue la primera noche de Sarkozy en la c\u00e1rcel: los gritos y amenazas de los presos, y los dos libros que se llev\u00f3 a la celda"},"content":{"rendered":"<p><img alt=\"Nicolas Sarkozy pas\u00f3 su primera\" class=\"global-image\" decoding=\"async\" fetchpriority=\"high\" height=\"1406\" loading=\"eager\" src=\"https:\/\/www.europesays.com\/es\/wp-content\/uploads\/2025\/10\/5LCRFON63NAZ5AX2Z2OBL5PBAU.JPG\" width=\"2500\"\/>Nicolas Sarkozy pas\u00f3 su primera noche en la prisi\u00f3n de La Sant\u00e9 bajo estrictas medidas de seguridad y aislamiento (Reuters)<\/p>\n<p class=\"paragraph\">El ingreso de <a href=\"https:\/\/www.infobae.com\/america\/mundo\/2025\/10\/21\/un-ex-presidente-frances-en-la-carcel-nicolas-sarkozy-ingreso-a-prision-para-cumplir-una-condena-de-cinco-anos\/\" target=\"_blank\" rel=\"noreferrer nofollow noopener\" title=\"https:\/\/www.infobae.com\/america\/mundo\/2025\/10\/21\/un-ex-presidente-frances-en-la-carcel-nicolas-sarkozy-ingreso-a-prision-para-cumplir-una-condena-de-cinco-anos\/\"><b>Nicolas Sarkozy<\/b><\/a> en la prisi\u00f3n de la Sant\u00e9 el 21 de octubre de 2025 marc\u00f3 un hecho sin precedentes en la historia reciente de Francia: <b>por primera vez, un expresidente durmi\u00f3 como interno ordinario bajo un protocolo penitenciario estricto y sin privilegios<\/b>, aunque con medidas de seguridad excepcionales debido a su estatus.<\/p>\n<p class=\"paragraph\">La llegada de Sarkozy, condenado a cinco a\u00f1os de c\u00e1rcel por asociaci\u00f3n il\u00edcita y financiaci\u00f3n ilegal de campa\u00f1a, desat\u00f3 revuelo tanto dentro como fuera del centro penitenciario, seg\u00fan informaron los medios franceses.<\/p>\n<p><img alt=\"Gritos y amenazas de otros\" class=\"global-image\" decoding=\"async\" fetchpriority=\"low\" height=\"3567\" loading=\"lazy\" src=\"https:\/\/www.europesays.com\/es\/wp-content\/uploads\/2025\/10\/QRJNLGQT6NFIPJUTHBJVYDHHMA.jpg\" width=\"5297\"\/>Gritos y amenazas de otros internos marcaron el ingreso de Sarkozy al sistema penitenciario franc\u00e9 (AFP)<\/p>\n<p class=\"paragraph\">El exmandatario, de 70 a\u00f1os, fue trasladado a la <a href=\"https:\/\/www.infobae.com\/america\/mundo\/2025\/10\/21\/asi-es-la-sante-la-prision-de-paris-en-la-que-cumple-condena-sarkozy-como-es-el-sector-de-los-vulnerables-donde-fue-destinado-el-ex-presidente\/\" target=\"_blank\" rel=\"noreferrer nofollow noopener\" title=\"https:\/\/www.infobae.com\/america\/mundo\/2025\/10\/21\/asi-es-la-sante-la-prision-de-paris-en-la-que-cumple-condena-sarkozy-como-es-el-sector-de-los-vulnerables-donde-fue-destinado-el-ex-presidente\/\">Sant\u00e9<\/a> en la ma\u00f1ana del martes 21 de octubre, tras la sentencia dictada por el tribunal correccional de Par\u00eds. La condena se fundament\u00f3 en su<b> implicaci\u00f3n en la obtenci\u00f3n de fondos il\u00edcitos para la campa\u00f1a presidencial de 2007, con conexiones directas al r\u00e9gimen de Muammar el Khadafi. <\/b>Sarkozy, quien present\u00f3 un recurso de apelaci\u00f3n, se someti\u00f3 desde su llegada al protocolo habitual de cualquier nuevo recluso, sin recibir trato especial, como remarcaron sus abogados a BFMTV.<\/p>\n<p><img alt=\" Las medidas de seguridad\" class=\"global-image\" decoding=\"async\" fetchpriority=\"low\" height=\"3440\" loading=\"lazy\" src=\"https:\/\/www.europesays.com\/es\/wp-content\/uploads\/2025\/10\/WJZ5M25QHJGFBN5S5UEUIAHMEQ.JPG\" width=\"5161\"\/> Las medidas de seguridad en torno al ex presidente incluyen vigilancia permanente y agentes asignados en celdas contiguas  (Reuters)<\/p>\n<p class=\"paragraph\">El procedimiento de ingreso incluy\u00f3 la toma de huellas dactilares y fotograf\u00eda, la asignaci\u00f3n de un n\u00famero de interno y la creaci\u00f3n de una tarjeta de identidad penitenciaria. Sus pertenencias fueron revisadas de forma exhaustiva y los objetos no autorizados quedaron depositados en un cofre de seguridad. Tras una entrevista inicial, fue conducido a su celda en el \u00e1rea de aislamiento, seg\u00fan BFMTV.<\/p>\n<p><img alt=\"El aislamiento impuesto a Sarkozy\" class=\"global-image\" decoding=\"async\" fetchpriority=\"low\" height=\"3648\" loading=\"lazy\" src=\"https:\/\/www.europesays.com\/es\/wp-content\/uploads\/2025\/10\/I4SA6DZUCBFKXFZC2GKVDGU7EA.jpg\" width=\"5472\"\/>El aislamiento impuesto a Sarkozy proh\u00edbe cualquier contacto con otros internos de la prisi\u00f3n (AP Photo\/Thibault Camus, File)<\/p>\n<p class=\"paragraph\"><b>La celda, individual y de aproximadamente 10 metros cuadrados,<\/b> posee una ventana sellada, televisi\u00f3n peque\u00f1a, cama y escritorio fijados al suelo, silla de pl\u00e1stico, estanter\u00edas, ducha propia, inodoro sin tapa, placa calefactora y un peque\u00f1o refrigerador. <b>Sarkozy cuenta con un tel\u00e9fono mural para llamadas a n\u00fameros preautorizados, sin l\u00edmite de tiempo y coste a su cargo<\/b>.<\/p>\n<p class=\"paragraph\">Su rutina diaria contempla una hora de paseo en un patio enrejado, aunque el director del centro, <b>S\u00e9bastien Cauwel<\/b>, apunt\u00f3 la posibilidad de dos salidas diarias. El expresidente tiene acceso a la sala de deportes y a la biblioteca.<\/p>\n<p><img alt=\"El expresidente tiene acceso a\" class=\"global-image\" decoding=\"async\" fetchpriority=\"low\" height=\"3648\" loading=\"lazy\" src=\"https:\/\/www.europesays.com\/es\/wp-content\/uploads\/2025\/10\/FFC33JQLRVBEBD4G5TW5Y6G6PU.jpg\" width=\"5472\"\/>El expresidente tiene acceso a la sala de deportes y a la biblioteca (AP Photo\/Thibault Camus, File)<\/p>\n<p class=\"paragraph\">En cuanto a las visitas, Sarkozy puede recibir hasta <b>tres visitas semanales en el locutorio<\/b>, derecho que emple\u00f3 de inmediato al recibir a su esposa, <b>Carla Bruni<\/b>, ese mismo martes, como confirm\u00f3 BFMTV. El acceso a sus abogados es ilimitado, lo que permite preparar la solicitud de libertad presentada el d\u00eda de su ingreso. <\/p>\n<p class=\"paragraph\"><b>Christophe Ingrain<\/b>, su abogado, acudi\u00f3 a la prisi\u00f3n la ma\u00f1ana del mi\u00e9rcoles 22 de octubre y permaneci\u00f3 all\u00ed dos horas, seg\u00fan el mismo medio. Los abogados del expresidente anunciaron su intenci\u00f3n de visitarlo a diario mientras dure la detenci\u00f3n.<\/p>\n<p><img alt=\"Carla Bruni visit\u00f3 a Sarkozy\" class=\"global-image\" decoding=\"async\" fetchpriority=\"low\" height=\"2142\" loading=\"lazy\" src=\"https:\/\/www.europesays.com\/es\/wp-content\/uploads\/2025\/10\/E2XRI366JZF3HP65VYMHKNXV4U.JPG\" width=\"3204\"\/>Carla Bruni visit\u00f3 a Sarkozy el mismo martes de su ingreso, confirm\u00f3 BFMTV (Reuters)<\/p>\n<p class=\"paragraph\">El r\u00e9gimen de aislamiento impuesto proh\u00edbe todo contacto con otros internos, incluso durante los paseos o en \u00e1reas comunes. Todos los desplazamientos de Sarkozy dentro de la prisi\u00f3n se efect\u00faan acompa\u00f1ado por personal penitenciario, como corresponde a los internos bajo este r\u00e9gimen, seg\u00fan BFMTV.<\/p>\n<p class=\"paragraph\">Desde la llegada del expresidente a la celda, se escucharon gritos e insultos provenientes de los patios y corredores. Algunos internos grabaron videos donde se o\u00edan frases como: \u201c\u00a1Ey, Sarko!\u201d y \u201c\u00a1Ens\u00e9\u00f1anos la cabeza!\u201d, en una evidente burla a la figura pol\u00edtica y a su estatura. <\/p>\n<p><img alt=\"La celda de Sarkozy es\" class=\"global-image\" decoding=\"async\" fetchpriority=\"low\" height=\"3456\" loading=\"lazy\" src=\"https:\/\/www.europesays.com\/es\/wp-content\/uploads\/2025\/10\/55IMRCLZIVFE5LHNUG25GALTHY.jpg\" width=\"5184\"\/>La celda de Sarkozy es individual, de 10 metros cuadrados, equipada con comodidades b\u00e1sicas y acceso restringido a visitas (AP Photo\/Thibault Camus, File)<\/p>\n<p class=\"paragraph\">Los insultos iban m\u00e1s all\u00e1 de aspectos f\u00edsicos y alud\u00edan directamente a las acusaciones judiciales. Un recluso grit\u00f3: <b>\u201cSabemos todo, Sarko\u2026 sabemos todo. Devuelve los miles de millones de d\u00f3lares\u201d<\/b>. Estas palabras, lanzadas en tono desafiante y acompa\u00f1adas de risas, se difundieron r\u00e1pidamente en redes sociales.<\/p>\n<p><img alt=\"Los insultos y amenazas contra\" class=\"global-image\" decoding=\"async\" fetchpriority=\"low\" height=\"427\" loading=\"lazy\" src=\"https:\/\/www.europesays.com\/es\/wp-content\/uploads\/2025\/10\/4PYWRHUENFBMBG7FANE5YOPWHQ.JPG\" width=\"640\"\/>Los insultos y amenazas contra Sarkozy en prisi\u00f3n se viralizan en redes sociales (Reuters)<\/p>\n<p class=\"paragraph\">En otro video, un interno detall\u00f3 la ubicaci\u00f3n de Sarkozy dentro del penal: \u201cSarko est\u00e1 justo ah\u00ed, en una zona aislada.<b> Est\u00e1 solo en su celda. Acaba de llegar, martes 20 de octubre de 2025 \u2014 lo va a pasar mal<\/b>\u201d. A\u00f1adi\u00f3: \u201cJusto al lado, est\u00e1 el aislamiento abajo \u2013 es aislamiento, \u00e9l est\u00e1 justo encima\u201d.<\/p>\n<p class=\"paragraph\">Las amenazas se intensificaron cuando un preso advirti\u00f3: \u201cY sabemos todo \u2014 vamos a vengar a Khadafi. Sabemos todo, Sarko, <b>Ziad Takieddine<\/b>, sabemos todo. Devuelve los miles de millones de d\u00f3lares.\u201d<\/p>\n<p class=\"paragraph\">La seguridad en torno a Sarkozy fue reforzada de forma in\u00e9dita. <b>Dos agentes del Servicio de Protecci\u00f3n (SDLP) del Ministerio del Interior<\/b> se instalaron en una celda contigua, permaneciendo junto al expresidente las 24 horas, seg\u00fan confirm\u00f3 Lib\u00e9ration.<\/p>\n<p class=\"paragraph\">El ministro del Interior, <b>Laurent Nu\u00f1ez<\/b>, defendi\u00f3 esta medida por el estatus de Sarkozy y las amenazas recibidas, asegurando: \u201cEs una decisi\u00f3n destinada a garantizar su seguridad\u201d. <\/p>\n<p><img alt=\"La defensa de Sarkozy solicita\" class=\"global-image\" decoding=\"async\" fetchpriority=\"low\" height=\"3864\" loading=\"lazy\" src=\"https:\/\/www.europesays.com\/es\/wp-content\/uploads\/2025\/10\/GZUMGJUNX5GEVKDARFK6URDWW4.JPG\" width=\"5796\"\/>La defensa de Sarkozy solicita libertad mientras la corte de apelaci\u00f3n eval\u00faa el caso (Reuters)<\/p>\n<p class=\"paragraph\">Precis\u00f3 que el dispositivo habitual para exmandatarios se mantiene en prisi\u00f3n, algo que sorprendi\u00f3 al personal penitenciario. <b>Nicolas Peyrin<\/b>, secretario general de la CGT penitenciaria, expres\u00f3 a BFMTV su sorpresa ante la implicaci\u00f3n del Ministerio del Interior, se\u00f1alando que \u201cno ve en qu\u00e9 puede intervenir el ministerio dentro de las detenciones\u201d.<\/p>\n<p class=\"paragraph\">El refuerzo de seguridad gener\u00f3 reacciones pol\u00edticas. <b>\u00c9ric Ciotti<\/b>, presidente de <b>Los Republicanos<\/b>, el partido de Sarkozy, declar\u00f3 al Daily Mail: \u201cEs completamente leg\u00edtimo que la seguridad de un expresidente de la Rep\u00fablica se garantice en todo momento y lugar\u201d, subrayando la gravedad de las amenazas y el impacto en la familia del exmandatario.<\/p>\n<p class=\"paragraph\"><b>Jean-Michel Darrois<\/b>, abogado de Sarkozy, describi\u00f3 a su cliente como \u201cel hombre que todos conocen: fuerte, din\u00e1mico, un luchador\u201d, y relat\u00f3 que llev\u00f3 dos libros, <b>\u201cEl Conde de Montecristo\u201d<\/b> y \u201cLa vida de Jesucristo\u201d, para afrontar la reclusi\u00f3n. <b>Carla Bruni<\/b> <b>pudo hablar con \u00e9l por tel\u00e9fono tras la primera noche, que los abogados calificaron de \u201caterradora\u201d.<\/b><\/p>\n<p><img alt=\"Sarkozy llev\u00f3 consigo dos obras\" class=\"global-image\" decoding=\"async\" fetchpriority=\"low\" height=\"3648\" loading=\"lazy\" src=\"https:\/\/www.europesays.com\/es\/wp-content\/uploads\/2025\/10\/XOKXN6IBJJHPROSB3LP35PRRNQ.jpg\" width=\"5472\"\/>Sarkozy llev\u00f3 consigo dos obras literarias: \u201cEl Conde de Montecristo\u201d y \u201cLa vida de Jesucristo\u201d para afrontar su encierro (AP Photo\/Thibault Camus, File)<\/p>\n<p class=\"paragraph\">En el plano judicial, la defensa present\u00f3 una solicitud de libertad que la corte de apelaci\u00f3n de Par\u00eds evaluar\u00e1 en un plazo m\u00e1ximo de dos meses, seg\u00fan Lib\u00e9ration. Christophe Ingrain valor\u00f3 que el aislamiento podr\u00eda prolongarse al menos entre tres semanas y un mes. <\/p>\n<p><img alt=\"Carla Bruni, esposa de Sarkozy,\" class=\"global-image\" decoding=\"async\" fetchpriority=\"low\" height=\"1413\" loading=\"lazy\" src=\"https:\/\/www.europesays.com\/es\/wp-content\/uploads\/2025\/10\/Q4VUOWK3TJAILB2NYXG63FN6CQ.JPG\" width=\"2120\"\/>Carla Bruni, esposa de Sarkozy, tambi\u00e9n est\u00e1 imputada en una causa judicial paralela (Reuters)<\/p>\n<p class=\"paragraph\">El contexto pol\u00edtico y judicial contin\u00faa siendo complejo: adem\u00e1s de la condena actual, Sarkozy enfrenta otros procesos por corrupci\u00f3n y financiaci\u00f3n ilegal, y su esposa <b>Carla Bruni tambi\u00e9n est\u00e1 imputada en una causa paralela.<\/b><\/p>\n","protected":false},"excerpt":{"rendered":"Nicolas Sarkozy pas\u00f3 su primera noche en la prisi\u00f3n de La Sant\u00e9 bajo estrictas medidas de seguridad y&hellip;\n","protected":false},"author":2,"featured_media":195378,"comment_status":"","ping_status":"","sticky":false,"template":"","format":"standard","meta":{"footnotes":""},"categories":[5],"tags":[17,18,11892,45640,25,24,406,13,14,5638,11,19,20,17067,9,10,15,16,23,12,21,22],"class_list":{"0":"post-195377","1":"post","2":"type-post","3":"status-publish","4":"format-standard","5":"has-post-thumbnail","7":"category-titulares","8":"tag-breaking-news","9":"tag-breakingnews","10":"tag-crime","11":"tag-domestic-politics","12":"tag-es","13":"tag-espana","14":"tag-europe","15":"tag-featured-news","16":"tag-featurednews","17":"tag-government-politics","18":"tag-headlines","19":"tag-latest-news","20":"tag-latestnews","21":"tag-law-enforcement","22":"tag-news","23":"tag-noticias","24":"tag-noticias-destacadas","25":"tag-noticiasdestacadas","26":"tag-spain","27":"tag-titulares","28":"tag-ultimas-noticias","29":"tag-ultimasnoticias"},"share_on_mastodon":{"url":"https:\/\/pubeurope.com\/@es\/115421983391231789","error":""},"_links":{"self":[{"href":"https:\/\/www.europesays.com\/es\/wp-json\/wp\/v2\/posts\/195377","targetHints":{"allow":["GET"]}}],"collection":[{"href":"https:\/\/www.europesays.com\/es\/wp-json\/wp\/v2\/posts"}],"about":[{"href":"https:\/\/www.europesays.com\/es\/wp-json\/wp\/v2\/types\/post"}],"author":[{"embeddable":true,"href":"https:\/\/www.europesays.com\/es\/wp-json\/wp\/v2\/users\/2"}],"replies":[{"embeddable":true,"href":"https:\/\/www.europesays.com\/es\/wp-json\/wp\/v2\/comments?post=195377"}],"version-history":[{"count":0,"href":"https:\/\/www.europesays.com\/es\/wp-json\/wp\/v2\/posts\/195377\/revisions"}],"wp:featuredmedia":[{"embeddable":true,"href":"https:\/\/www.europesays.com\/es\/wp-json\/wp\/v2\/media\/195378"}],"wp:attachment":[{"href":"https:\/\/www.europesays.com\/es\/wp-json\/wp\/v2\/media?parent=195377"}],"wp:term":[{"taxonomy":"category","embeddable":true,"href":"https:\/\/www.europesays.com\/es\/wp-json\/wp\/v2\/categories?post=195377"},{"taxonomy":"post_tag","embeddable":true,"href":"https:\/\/www.europesays.com\/es\/wp-json\/wp\/v2\/tags?post=195377"}],"curies":[{"name":"wp","href":"https:\/\/api.w.org\/{rel}","templated":true}]}}