{"id":195379,"date":"2025-10-23T06:07:21","date_gmt":"2025-10-23T06:07:21","guid":{"rendered":"https:\/\/www.europesays.com\/es\/195379\/"},"modified":"2025-10-23T06:07:21","modified_gmt":"2025-10-23T06:07:21","slug":"el-valinox-novas-del-descenso-a-seis-victorias-en-el-arranque","status":"publish","type":"post","link":"https:\/\/www.europesays.com\/es\/195379\/","title":{"rendered":"El Valinox Nov\u00e1s, del descenso a seis victorias en el arranque"},"content":{"rendered":"<p class=\"ft-text\">El <a class=\"ft-link ft-link--decoration\" href=\"https:\/\/www.farodevigo.es\/tags\/valinox-novas\/\" rel=\"nofollow noopener\" target=\"_blank\">Valinox Nov\u00e1s<\/a> ha cumplido su luto en una sola fase. El club rosaleiro, descendido tras siete temporadas en <strong>Honor Plata<\/strong>, ha eludido la negaci\u00f3n, la ira o la depresi\u00f3n. Apenas ha negociado consigo mismo. Aceptada la realidad, ha transitado al alivio. El equipo que ahora dirige <strong>Guillermo Artime<\/strong> lidera el <a class=\"ft-link ft-link--decoration\" href=\"https:\/\/resultadosbalonmano.isquad.es\/clasificacion.php?seleccion=0&amp;id=1031241&amp;id_ambito=1&amp;id_territorial=9999&amp;id_superficie=1&amp;iframe=0&amp;id_categoria=2526&amp;id_competicion=209266\" rel=\"nofollow noopener\" target=\"_blank\">grupo I de Primera Nacional<\/a> con tal solvencia que el t\u00e9cnico, antes que disipar la tristeza, se dedica a contener el entusiasmo. \u00abLa Liga es larga\u00bb, advierte.<\/p>\n<p class=\"ft-text\">Es cierto que la directiva presidida por <strong>Andr\u00e9s Senra<\/strong>, aunque en alguna campa\u00f1a se lleg\u00f3 a flitear con Asobal, se hab\u00eda concienciado antes de aquel 3 de mayo en que una derrota en Santander certific\u00f3 la <a class=\"ft-link ft-link--decoration\" href=\"https:\/\/www.farodevigo.es\/deportes\/2025\/04\/30\/valinox-orgulloso-tristeza-116882770.html\" rel=\"nofollow noopener\" target=\"_blank\">p\u00e9rdida de la categor\u00eda<\/a>. \u00ab<strong>No nos cogi\u00f3 por sorpresa<\/strong>\u00bb, confiesa Senra. \u00abEl a\u00f1o no estaba siendo bueno y no hab\u00edamos visto brotes que nos hiciesen pensar en darle la vuelta\u00bb.<\/p>\n<p><img decoding=\"async\" src=\"https:\/\/www.europesays.com\/es\/wp-content\/uploads\/2025\/10\/3549e563-e148-40b2-890e-009797f65d77_alta-libre-aspect-ratio_default_0.jpg\" width=\"1200\" height=\"800\" alt=\"Partido del Valinox Nov\u00e1s en Bueu.\" class=\"ft-helper-img-rd\" loading=\"lazy\" hasdataaida=\"true\"\/><\/p>\n<p class=\"ft-helper-fontColor-quaternary ft-helper-fontSize-body-S ft-helper-spacer-t-xxs\">Partido del Valinox Nov\u00e1s en Bueu.  \/ Santos \u00c1lvarez<\/p>\n<p class=\"ft-text\">Aunque doliese clausurar el ciclo m\u00e1s glorioso durante el <a class=\"ft-link ft-link--decoration\" href=\"https:\/\/www.farodevigo.es\/deportes\/2024\/09\/13\/valinox-novas-ve-siente-108076822.html\" rel=\"nofollow noopener\" target=\"_blank\">50\u00ba aniversario<\/a> de la entidad, se celebr\u00f3 lo recolectado. \u00abY como sucede con todo en la vida, empezamos a verlo desde el lado positivo\u00bb, afirma el mandatario. \u00abDespu\u00e9s de haber sufrido y de que nuestras ra\u00edces se hubiesen diluido, nos lo tomamos como la oportunidad de <strong>volver a lo que queremos<\/strong>\u00bb.<\/p>\n<p class=\"ft-text\">Ya se hab\u00eda ido dise\u00f1ando un plan cuatrienal que afectaba a toda la estructura. La contrataci\u00f3n del asturiano Artime, ayudante de <strong>Roi S\u00e1nchez<\/strong> en el Burgos, se concret\u00f3 un mes despu\u00e9s. \u00abEl Nov\u00e1s es un hist\u00f3rico del balonmano nacional. Tengo muchos amigos en Galicia, Roi incluido, que me hablaron muy bien. <strong>Me lanc\u00e9<\/strong>\u00bb, explica el preparador, de 33 a\u00f1os.<\/p>\n<p>Veteranos, canteranos, fichajes<\/p>\n<p class=\"ft-text\">La reconversi\u00f3n de la primera plantilla, entre marchas ineludibles y retiradas de hist\u00f3ricos (<a class=\"ft-link ft-link--decoration\" href=\"https:\/\/www.farodevigo.es\/deportes\/2025\/05\/20\/rosas-predilectas-balonmano-valinox-novas-german-hermida-manu-martinez-honor-plata-retirada-117583328.html\" rel=\"nofollow noopener\" target=\"_blank\">Manu Mart\u00ednez, Hermida<\/a>), se realiz\u00f3 con equilibrio. Ocho jugadores continuaron. Se han fichado gallegos con oficio. Rub\u00e9n L\u00f3pez volvi\u00f3 de A Ca\u00f1iza. El canterano Yasir se ha instalado entre los mayores. \u00abRecuperamos la solidez de nuestros or\u00edgenes y la gente de casa vuelve a tener peso. Los jugadores de la base est\u00e1n teniendo oportunidades en el d\u00eda a d\u00eda y las convocatorias\u00bb, destaca Senra.<\/p>\n<p class=\"ft-text\">\u00abHemos tenido que empezar de cero, con un proyecto nuevo, y a partir de ah\u00ed hemos construido un buen equipo\u00bb, resume Artime. \u00abMe he encontrado un club que desea recuperar la categor\u00eda, con ambici\u00f3n. T<strong>anto ellos como yo queremos crecer a la par<\/strong>\u00bb.<\/p>\n<p class=\"ft-text\">En el Nov\u00e1s se han esforzado para apuntalar la faceta deportiva. El presupuesto ha bajado de<strong> 450.000 a 300.000<\/strong>. Los patrocinadores principales (Valinox, Zona de Obra, Nebrinox, Entrepot Naval, Logemar, Vintanox, Jocar, Capigal o MeuFit ) se han mantenido fieles. Aunque algunos medianos se han ca\u00eddo, \u00abotros han aumentado su colaboraci\u00f3n o incluso se han sumado\u00bb, celebra Senra.<\/p>\n<p class=\"ft-text\">Los datos son igualmente positivos a nivel social. El club cuenta con<strong> 900 socios<\/strong> y la asistencia al pabell\u00f3n de O Calvario \u00absupera incluso la de algunos partidos en Plata\u00bb. En general, \u00abha sido una transici\u00f3n bastante llevadera para la plantilla y la directiva, lo que se ha trasladado a la afici\u00f3n. La gente sigue enganchada\u00bb.<\/p>\n<p>Por goleada<\/p>\n<p class=\"ft-text\">Con todo, admite Senra, \u00abtienes dudas. Aunque pienses que tienes una plantilla completa, no sabes c\u00f3mo se va a adaptar al nuevo entrenador, a la competici\u00f3n&#8230; Desconoc\u00edamos el nivel de los rivales despu\u00e9s de tantos a\u00f1os\u00bb. Las seis primeras jornadas han disipado esa incertidumbre. El Valinox ha derrotado a <strong>Tacoronte <\/strong>(36-20), <strong>G\u00e1ldar <\/strong>(22-30), <strong>Bueu <\/strong>(26-35), <strong>Culleredo <\/strong>(39-27), <strong>Xiria <\/strong>(31-37) y <a class=\"ft-link ft-link--decoration\" href=\"https:\/\/www.farodevigo.es\/redactor\/2025\/10\/20\/valinox-avanza-apisonadora-122795055.html\" rel=\"nofollow noopener\" target=\"_blank\">Teucro <\/a>(34-18), que hab\u00eda llegado a O Rosal como tercero. En total, 211 goles a favor y 144 en contra para auparse a la cima con +67. \u00abEl equipo juega con colmillo\u00bb, justifica Senra. Lanzarote, tambi\u00e9n invicto, se queda en +34. El Ingenio los sigue con diez puntos.<\/p>\n<p class=\"ft-text\">\u00abEl equipo est\u00e1 haciendo un trabajo espectacular. Pero en deporte las rachas marcan y las cosas cambian con rapidez. Debemos ser cautos. Si te relajas, cualquiera te gana. Quedan 24 jornadas. Es normal que haya ilusi\u00f3n, pero tiene que ser controlada\u00bb, advierte <a class=\"ft-link ft-link--decoration\" href=\"https:\/\/www.farodevigo.es\/deportes\/2025\/06\/10\/guillermo-artime-novo-adestrador-valinox-novas-118472276.html\" rel=\"nofollow noopener\" target=\"_blank\">Artime<\/a>, que a la vez espera que este inicio \u00abgenere la exigencia de querer hacer las cosas a\u00fan mejor\u00bb.<\/p>\n<p class=\"ft-text\">A la conclusi\u00f3n de la fase regular, los dos primeros disputar\u00e1n liguillas de ascenso contra los clasificados de los otros cinco grupos. El Nov\u00e1s, entonces Acanor, organiz\u00f3 aquella gloriosa de mayo de 2018. So\u00f1ar con repetir esa fiesta \u00absale de uno mismo y te llega de todos los lados\u00bb, admite Senra. \u00abCreo que la fase es factible, tal y como hemos arrancado. Intentar\u00edamos traerla a O Rosal; conseguirlo, ya ver\u00edamos. El ascenso son palabras mayores. Conocemos bien lo dif\u00edcil que es. Queda mucha temporada por delante\u00bb.<\/p>\n","protected":false},"excerpt":{"rendered":"El Valinox Nov\u00e1s ha cumplido su luto en una sola fase. El club rosaleiro, descendido tras siete temporadas&hellip;\n","protected":false},"author":2,"featured_media":195380,"comment_status":"","ping_status":"","sticky":false,"template":"","format":"standard","meta":{"footnotes":""},"categories":[278],"tags":[54245,9250,35476,376,168,25,24,375,32641,2464,1139,23,167,46990,34609,13472],"class_list":{"0":"post-195379","1":"post","2":"type-post","3":"status-publish","4":"format-standard","5":"has-post-thumbnail","7":"category-balonmano","8":"tag-acanor-novas-valinox","9":"tag-arranque","10":"tag-atletico-novas","11":"tag-balonmano","12":"tag-deportes","13":"tag-es","14":"tag-espana","15":"tag-handball","16":"tag-novas","17":"tag-pleno","18":"tag-seis","19":"tag-spain","20":"tag-sports","21":"tag-valinox","22":"tag-valinox-novas","23":"tag-victorias"},"share_on_mastodon":{"url":"https:\/\/pubeurope.com\/@es\/115421986422009445","error":""},"_links":{"self":[{"href":"https:\/\/www.europesays.com\/es\/wp-json\/wp\/v2\/posts\/195379","targetHints":{"allow":["GET"]}}],"collection":[{"href":"https:\/\/www.europesays.com\/es\/wp-json\/wp\/v2\/posts"}],"about":[{"href":"https:\/\/www.europesays.com\/es\/wp-json\/wp\/v2\/types\/post"}],"author":[{"embeddable":true,"href":"https:\/\/www.europesays.com\/es\/wp-json\/wp\/v2\/users\/2"}],"replies":[{"embeddable":true,"href":"https:\/\/www.europesays.com\/es\/wp-json\/wp\/v2\/comments?post=195379"}],"version-history":[{"count":0,"href":"https:\/\/www.europesays.com\/es\/wp-json\/wp\/v2\/posts\/195379\/revisions"}],"wp:featuredmedia":[{"embeddable":true,"href":"https:\/\/www.europesays.com\/es\/wp-json\/wp\/v2\/media\/195380"}],"wp:attachment":[{"href":"https:\/\/www.europesays.com\/es\/wp-json\/wp\/v2\/media?parent=195379"}],"wp:term":[{"taxonomy":"category","embeddable":true,"href":"https:\/\/www.europesays.com\/es\/wp-json\/wp\/v2\/categories?post=195379"},{"taxonomy":"post_tag","embeddable":true,"href":"https:\/\/www.europesays.com\/es\/wp-json\/wp\/v2\/tags?post=195379"}],"curies":[{"name":"wp","href":"https:\/\/api.w.org\/{rel}","templated":true}]}}