{"id":195381,"date":"2025-10-23T06:08:14","date_gmt":"2025-10-23T06:08:14","guid":{"rendered":"https:\/\/www.europesays.com\/es\/195381\/"},"modified":"2025-10-23T06:08:14","modified_gmt":"2025-10-23T06:08:14","slug":"jose-maria-arenas-disfruta-de-nuevo-de-la-profesion","status":"publish","type":"post","link":"https:\/\/www.europesays.com\/es\/195381\/","title":{"rendered":"Jos\u00e9 Mar\u00eda Arenas disfruta de nuevo de la profesi\u00f3n"},"content":{"rendered":"<p>Era la mitad del mes de mayo pasado cuando el matador de toros Jos\u00e9 Mar\u00eda Arenas, anunciaba en estas mismas p\u00e1ginas que cambiaba el oro por la plata, tras casi tres a\u00f1os retirado de la profesi\u00f3n, desde su ultima corrida en Munera el 24 de septiembre de 2022. Se abr\u00eda una nueva etapa en su vida taurina, aunque ya no como titular de una cuadrilla, sino como miembro de ella.\u00a0<\/p>\n<p>En el mes de mayo, nos dec\u00eda a este diario:\u00abMe lo plantearon, me he ilusionado y decidido cambiar el oro por la plata y vamos para delante. Despu\u00e9s de la \u00faltima corrida en Munera, colgu\u00e9 los trastos y no los hab\u00eda tocado pr\u00e1cticamente nada ya que ten\u00eda claro que no iba a volver a torear ya que me qued\u00e9 muy a gusto en Munera pues fue una tarde muy especial y era muy dif\u00edcil que se volviera a repetir y siendo realista, el toreo est\u00e1 muy complicado, se torea mejor que nunca, tienen mucho valor los toreros y hay que estar muy preparado. El tiempo pasa, la vida pasa y los a\u00f1os tambi\u00e9n se notan\u00bb.<\/p>\n<p>Y la experiencia no ha podido salir mejor ya que en sus actuaciones ha mostrado una capacidad tremenda, tanto con el capote como con las banderillas, siendo uno de los destacados all\u00ed donde ha toreado. Ha sido considerado por el Club Abonados Plaza de Toros de Albacete como el mejor subalterno de la feria. Hemos hablado con Arenas, quien nos ha contados sus sensaciones durante esta primera temporada vestido de plata: \u00abEstoy contento, porque no me lo esperaba. Teniendo muchas cosas que mejorar y aprender, pero satisfecho, es otra faceta diferente, pero disfrutando de la profesi\u00f3n. Han sido 20 actuaciones, 10 con Molina en corridas de toros, 2 novilladas picadas y el resto novilladas sin caballos. He toreado como digo, 10 con Molina, una picada con Alejandro Quesada, otra con un novillero de Alicante y las sin picadores, con Juan Zamora y \u00c1lvaro Castillo. Ha salido todo bien y estoy contento y agradecido\u00bb.<\/p>\n<p>Adem\u00e1s, ha estado a un gran nivel: \u00abMe tomo muy en serio la profesi\u00f3n y estoy muy encima de mi entrenamiento pero Madrid es donde sale el toro, es la m\u00e1s importante del mundo y si por cualquier circunstancia no salieran las cosas, que no fuese por mi culpa, as\u00ed que hemos decidido este a\u00f1o no ir a Madrid con Molina, la plaza seguir\u00e1 ah\u00ed y ya habr\u00e1 tiempo para ir y contribuir en el triunfo de Jos\u00e9 Fernando\u00bb.<\/p>\n<p>Le cost\u00f3 poco adaptarse a su nueva labor: \u00abEn las primeras corridas me encontr\u00e9 un poco desorientado y aunque yo he banderilleado siempre, las colocaciones son diferentes a cuando eres matador, pero lo ten\u00eda claro y adem\u00e1s voy toreando con un matador que te da todas las facilidades del mundo y te lo pone muy f\u00e1cil, y si a eso le unes la amistad que tenemos, te lo pone mejor todav\u00eda\u00bb.<\/p>\n<p>Ha seguido muy cerca del toro, su vocaci\u00f3n: \u00abTras mi \u00faltima corrida en Munera me desconect\u00e9 completamente y guard\u00e9 los trastos. No hab\u00eda cogido un capote ni una muleta desde entonces y fui aficionado desde el tendido, dedic\u00e1ndome a mi trabajo y familia, viendo toros por televisi\u00f3n y abonado en Albacete y de golpe cambia la situaci\u00f3n y hay que estar preparado. Cambia la situaci\u00f3n, viajas por las plazas y te encuentras otra vez ese ambiente y desde peque\u00f1o hemos mamado el toro, por lo que vuelven esas sensaciones bonitas que echaba de menos\u00bb.<\/p>\n<p>M\u00e1s informaci\u00f3n en la edici\u00f3n impresa y en la APP de La Tribuna de Albacete https:\/\/latribunadealbacete.promecal.es\u00a0<\/p>\n","protected":false},"excerpt":{"rendered":"Era la mitad del mes de mayo pasado cuando el matador de toros Jos\u00e9 Mar\u00eda Arenas, anunciaba en&hellip;\n","protected":false},"author":2,"featured_media":195382,"comment_status":"","ping_status":"","sticky":false,"template":"","format":"standard","meta":{"footnotes":""},"categories":[277],"tags":[2545,2206,373,24295,168,25,24,205,42289,2525,1389,23,167,625,374,444],"class_list":{"0":"post-195381","1":"post","2":"type-post","3":"status-publish","4":"format-standard","5":"has-post-thumbnail","7":"category-toreo","8":"tag-albacete","9":"tag-alicante","10":"tag-bullfighting","11":"tag-cuadrillas","12":"tag-deportes","13":"tag-es","14":"tag-espana","15":"tag-madrid","16":"tag-munera","17":"tag-plata","18":"tag-plaza-de-toros","19":"tag-spain","20":"tag-sports","21":"tag-tauromaquia","22":"tag-toreo","23":"tag-toros"},"share_on_mastodon":{"url":"https:\/\/pubeurope.com\/@es\/115421990313555626","error":""},"_links":{"self":[{"href":"https:\/\/www.europesays.com\/es\/wp-json\/wp\/v2\/posts\/195381","targetHints":{"allow":["GET"]}}],"collection":[{"href":"https:\/\/www.europesays.com\/es\/wp-json\/wp\/v2\/posts"}],"about":[{"href":"https:\/\/www.europesays.com\/es\/wp-json\/wp\/v2\/types\/post"}],"author":[{"embeddable":true,"href":"https:\/\/www.europesays.com\/es\/wp-json\/wp\/v2\/users\/2"}],"replies":[{"embeddable":true,"href":"https:\/\/www.europesays.com\/es\/wp-json\/wp\/v2\/comments?post=195381"}],"version-history":[{"count":0,"href":"https:\/\/www.europesays.com\/es\/wp-json\/wp\/v2\/posts\/195381\/revisions"}],"wp:featuredmedia":[{"embeddable":true,"href":"https:\/\/www.europesays.com\/es\/wp-json\/wp\/v2\/media\/195382"}],"wp:attachment":[{"href":"https:\/\/www.europesays.com\/es\/wp-json\/wp\/v2\/media?parent=195381"}],"wp:term":[{"taxonomy":"category","embeddable":true,"href":"https:\/\/www.europesays.com\/es\/wp-json\/wp\/v2\/categories?post=195381"},{"taxonomy":"post_tag","embeddable":true,"href":"https:\/\/www.europesays.com\/es\/wp-json\/wp\/v2\/tags?post=195381"}],"curies":[{"name":"wp","href":"https:\/\/api.w.org\/{rel}","templated":true}]}}