{"id":195383,"date":"2025-10-23T06:12:10","date_gmt":"2025-10-23T06:12:10","guid":{"rendered":"https:\/\/www.europesays.com\/es\/195383\/"},"modified":"2025-10-23T06:12:10","modified_gmt":"2025-10-23T06:12:10","slug":"italia-lidera-la-clasificacion-de-persecucion-por-equipos-femenino-en-el-mundial-de-chile-esciclismo","status":"publish","type":"post","link":"https:\/\/www.europesays.com\/es\/195383\/","title":{"rendered":"Italia lidera la clasificaci\u00f3n de persecuci\u00f3n por equipos femenino en el Mundial de Chile &#8211; Esciclismo"},"content":{"rendered":"<ol>\n<li><a href=\"https:\/\/news.google.com\/rss\/articles\/CBMiZEFVX3lxTE55RVdGOF9sdEhuZjdaN1Q1bGxLMkRUcnBUaFpuMm9ERmIxN1JlVnJqMUdLXzdkdGdjSHd0ZWRXQ1lwRFNvLVA5QkdMUEVHSUxjQ0NYR28teTZveWE1YWZZX2czb3A?oc=5\" target=\"_blank\" rel=\"nofollow noopener\">Italia lidera la clasificaci\u00f3n de persecuci\u00f3n por equipos femenino en el Mundial de Chile<\/a>&nbsp;&nbsp;Esciclismo<\/li>\n<li><a href=\"https:\/\/news.google.com\/rss\/articles\/CBMitAFBVV95cUxObmF0bGdISXdvdi12dlNjT2pmYkJUNDQxVkxoaHp3Sl81XzRPTTFnQnpmcnBvQlB1amhVTUtxNzJuakpCbXJEZ2tyaDlFclVNeERrZHVTQ1FpOEV6dTE2YnliQUFhc3BaQy10TXdTT202MmF6UnBKMFhxQ1RsaEY1ZFZ1MDg1ZlprXzBJQW1LTHRNUHJ3amhiM0haaHJpZXd6ZWlrV0NrY1lMY0htQ0JkY21zN2TSAcgBQVVfeXFMTUJpLWhkRnVzd2dNd0NUUXF5WGotSjJCVUgxdWhRc2dnazc3LVROQ25YSVY2SWJON0xtYXM5U011aGdBb1BZUU9jeDNOOWlJcUZrOE1QSFNkNmJ1LUZ4b1lpQjh6VkJHdm5qR1dxV3gzbkE0NmItM3ZhYVhOdG5fMGVPYmxlNUVHWWxPM3lKbUdVUzFfYllCYTk0aFZRMFIyQjJDRHFwNjBpY01DTVBidFBwUjF2cjVMelhBRzZHeHNORGZBcGhrOG4?oc=5\" target=\"_blank\" rel=\"nofollow noopener\">Una Espa\u00f1a en transici\u00f3n llega al primer Mundial de pista en Chile<\/a>&nbsp;&nbsp;Diario AS<\/li>\n<li><a href=\"https:\/\/news.google.com\/rss\/articles\/CBMimwFBVV95cUxNLVdLcHdPdjhSOWpvUWZWWkdzTGlDc3l6S1VKeUdTQjRfY1hmbmpXaE8tNmdjWXdHZkpRd3BFdVlVSGVHbFhkX3pSU3I0SDY5YTRvMTdfWUdhamdFMXpOcnpyMTItQjZYdG92UDl6M1RVVjdvRWVLcDZBdVQ5cFFTSHM1TjNvQ2FJdVdrT3hwRnBGNEt6YzFORHE3RdIBmwFBVV95cUxNUGhreEMyMjRqdnBFMGc0WlhWamNCa1dkUEk2dG4zbktSTVctOXNka2c3Qi05aTM3YUlQMGFEMmpvcXo2c0JLR2trdGk0clpLYU9PMXdRTllqYTR4aUt0SEJXa1BNaWduSlBKS2VqX0pqN3JFb2UwcVBVXzItX0NDT1d6dHNlakV4eVoweGVmeVoxdUFQWDY2RzJ5TQ?oc=5\" target=\"_blank\" rel=\"nofollow noopener\">Espa\u00f1a compite en 18 pruebas en el Mundial de ciclismo en pista<\/a>&nbsp;&nbsp;MARCA<\/li>\n<li><a href=\"https:\/\/news.google.com\/rss\/articles\/CBMiZEFVX3lxTFAyVUt3aUw1dUktRjFRMFdtWlFvQ2NIZnNJUGtqSWJpQTd6c3lwWVZublQteW5MVTdhWklUeDl2TWZoWThHOElWMGJQa0MzVzRaLUVjV1Nuc1hHWVdEOU1RWDVwSGc?oc=5\" target=\"_blank\" rel=\"nofollow noopener\">Dinamarca lidera la persecuci\u00f3n masculina y apunta a renovar su t\u00edtulo, Australia acecha<\/a>&nbsp;&nbsp;Esciclismo<\/li>\n<li><a href=\"https:\/\/news.google.com\/rss\/articles\/CBMimwFBVV95cUxPdXowbzBIcjBxMDRZUS1ZdjJFUTZGUktfLWtDdHVyVVdKWklCaExfNmZFanp5N3BFNGw4dlUxbTA2X1M5ZTU5dXJFaU1PSTdZN0JtblN0QWFRVjJJSkVlZVRhR1V2WC16UkQ3NlRIcGFSWVlLUHlBUm9vUlJUNjIxOW5HM2dKby15T2RiNE03UEI3X09HdVlMRnFBZw?oc=5\" target=\"_blank\" rel=\"nofollow noopener\">D\u00f3nde ver el Campeonato Mundial de Pista Tissot UCI 2025<\/a>&nbsp;&nbsp;TodoMountainBike<\/li>\n<\/ol>\n","protected":false},"excerpt":{"rendered":"Italia lidera la clasificaci\u00f3n de persecuci\u00f3n por equipos femenino en el Mundial de Chile&nbsp;&nbsp;Esciclismo Una Espa\u00f1a en transici\u00f3n&hellip;\n","protected":false},"author":2,"featured_media":195384,"comment_status":"","ping_status":"","sticky":false,"template":"","format":"standard","meta":{"footnotes":""},"categories":[273],"tags":[4162,15288,2047,313,54248,12652,54246,312,168,13653,1376,40342,6440,25,24,23336,4649,43829,4712,628,293,54247,295,1070,11734,9072,19635,5839,1078,29724,23,167,11360,11214],"class_list":{"0":"post-195383","1":"post","2":"type-post","3":"status-publish","4":"format-standard","5":"has-post-thumbnail","7":"category-ciclismo","8":"tag-apertura","9":"tag-campeonato","10":"tag-chile","11":"tag-ciclismo","12":"tag-clasifi","13":"tag-clasificaciones","14":"tag-comandando","15":"tag-cycling","16":"tag-deportes","17":"tag-dio","18":"tag-disputa","19":"tag-disputaran","20":"tag-equipos","21":"tag-es","22":"tag-espana","23":"tag-estaran","24":"tag-femenino","25":"tag-femeninos","26":"tag-inicio","27":"tag-italia","28":"tag-jornada","29":"tag-masculinos","30":"tag-miercoles","31":"tag-mundial","32":"tag-mundiales","33":"tag-octubre","34":"tag-persecucion","35":"tag-pista","36":"tag-primera","37":"tag-realiza","38":"tag-spain","39":"tag-sports","40":"tag-titulos","41":"tag-uci"},"share_on_mastodon":{"url":"https:\/\/pubeurope.com\/@es\/115422006312560663","error":""},"_links":{"self":[{"href":"https:\/\/www.europesays.com\/es\/wp-json\/wp\/v2\/posts\/195383","targetHints":{"allow":["GET"]}}],"collection":[{"href":"https:\/\/www.europesays.com\/es\/wp-json\/wp\/v2\/posts"}],"about":[{"href":"https:\/\/www.europesays.com\/es\/wp-json\/wp\/v2\/types\/post"}],"author":[{"embeddable":true,"href":"https:\/\/www.europesays.com\/es\/wp-json\/wp\/v2\/users\/2"}],"replies":[{"embeddable":true,"href":"https:\/\/www.europesays.com\/es\/wp-json\/wp\/v2\/comments?post=195383"}],"version-history":[{"count":0,"href":"https:\/\/www.europesays.com\/es\/wp-json\/wp\/v2\/posts\/195383\/revisions"}],"wp:featuredmedia":[{"embeddable":true,"href":"https:\/\/www.europesays.com\/es\/wp-json\/wp\/v2\/media\/195384"}],"wp:attachment":[{"href":"https:\/\/www.europesays.com\/es\/wp-json\/wp\/v2\/media?parent=195383"}],"wp:term":[{"taxonomy":"category","embeddable":true,"href":"https:\/\/www.europesays.com\/es\/wp-json\/wp\/v2\/categories?post=195383"},{"taxonomy":"post_tag","embeddable":true,"href":"https:\/\/www.europesays.com\/es\/wp-json\/wp\/v2\/tags?post=195383"}],"curies":[{"name":"wp","href":"https:\/\/api.w.org\/{rel}","templated":true}]}}