{"id":195391,"date":"2025-10-23T06:16:18","date_gmt":"2025-10-23T06:16:18","guid":{"rendered":"https:\/\/www.europesays.com\/es\/195391\/"},"modified":"2025-10-23T06:16:18","modified_gmt":"2025-10-23T06:16:18","slug":"de-su-talento-en-el-futbol-a-la-celebracion-con-la-viuda-de-su-padre-y-sus-hermanas","status":"publish","type":"post","link":"https:\/\/www.europesays.com\/es\/195391\/","title":{"rendered":"de su talento en el f\u00fatbol a la celebraci\u00f3n con la viuda de su padre y sus hermanas"},"content":{"rendered":"<p id=\"e2GdKD542U\" data-wc=\"140\">Hay miradas llenas de verdad, capaces de hablar sin necesidad de palabras, y la de <strong>Jos\u00e9 Reyes L\u00f3pez<\/strong> es una de ellas. Al <strong>hijo mayor del recordado Jos\u00e9 Antonio Reyes y Ana L\u00f3pez<\/strong> la vida no se lo ha puesto f\u00e1cil, pero nunca ha perdido la sonrisa ni las ganas de luchar por su sue\u00f1o de ser futbolista profesional y continuar la estela de su padre. Ha hecho frente a los momentos m\u00e1s dif\u00edciles con enorme fortaleza y una madurez impropia de su edad, con un \u00e1ngel guiando sus pasos desde el cielo y apoyado incondicionalmente por sus \u00edntimos, a los que ahora ha reunido por un motivo muy especial.<strong>\u00a0Ha cumplido 18 a\u00f1os y ha soplado las velas con su\u00a0modern family en una fiesta inolvidable. Te contamos todo sobre el jugador, una de las grandes promesas del deporte.<\/strong><\/p>\n<p> <img src=\"https:\/\/www.europesays.com\/es\/wp-content\/uploads\/2025\/10\/3661308bcb44-un-cumpleaos-inolvidable-lleno-de-personas-increbles-de-emociones-y-momentos.jpg\"   width=\"1024\" height=\"1024\" loading=\"lazy\" decoding=\"async\" alt=\"Cumplea\u00f1os de Jos\u00e9 Reyes L\u00f3pez\" fetchpriority=\"auto\" class=\"image ho-image\"\/>\u00a9 annacanddypilot<\/p>\n<p id=\"eSzXUTtFLby\" data-wc=\"131\">La felicitaci\u00f3n de Ana L\u00f3pez, que es piloto, nos permite conocer detalles de la personalidad de su \u00fanico hijo, del que destaca su bondad, fortaleza y resiliencia: \u00abTu llegada al mundo fue una bendici\u00f3n y el d\u00eda m\u00e1s feliz de nuestras vidas y lo sigue siendo. <strong>Que la humildad, el amor y la salud te sigan llevando siempre de la mano. Los 18 a\u00f1os m\u00e1s felices, incre\u00edbles y emocionantes de mi vida.\u00a0<\/strong>Much\u00edsimas gracias mi ni\u00f1o, eres lo mejor que me ha pasado. Disfruta esta nueva etapa con mucha cabeza y sobre todo con ese gran coraz\u00f3n que tienes. Te amo m\u00e1s que a mi vida y aqu\u00ed seguir\u00e9 gui\u00e1ndote y disfrutando de verte cumplir tus sue\u00f1os. Tu padre est\u00e1 muy orgulloso de ti y ah\u00ed arriba tambi\u00e9n lo est\u00e1 celebrando\u00bb.<\/p>\n<p id=\"eVJrfk9uFt\" data-wc=\"129\">Volcada en hacer que aprenda del pasado, no se preocupe por el futuro y aproveche el presente, Ana ha sorprendido a su hijo con una divertida celebraci\u00f3n de su mayor\u00eda de edad. Un cumplea\u00f1os \u00abinolvidable lleno de personas incre\u00edbles, de emociones y momentos maravillosos que siempre recordaremos\u00bb. Se encarg\u00f3 personalmente de todos los detalles, incluida la tarta, el jam\u00f3n serrano y un n\u00famero de magia de Alberto Montalvo. Pero el mayor regalo para Jos\u00e9 no fueron los regalos, sino la compa\u00f1\u00eda<strong>. Desde Sevilla viajaron a Madrid para estar a su lado sus dos hermanas peque\u00f1as, Noelia y Triana<\/strong>. Las peque\u00f1as llegaron con la viuda de su padre, Noelia L\u00f3pez, demostrando as\u00ed que siguen siendo una familia unida seis a\u00f1os despu\u00e9s de<a class=\"hm-link ho-link\" href=\"https:\/\/www.hola.com\/actualidad\/20190601143146\/jose-antonio-reyes-fallece\/\" data-mrf-recirculation=\"article-body-link\" rel=\"nofollow noopener\" target=\"_blank\">\u00a0la tr\u00e1gica muerte del jugador en un accidente<\/a>.<\/p>\n<p> <img src=\"https:\/\/www.europesays.com\/es\/wp-content\/uploads\/2025\/10\/e812a26b27ac-un-cumpleaos-inolvidable-lleno-de-personas-increbles-de-emociones-y-momentos-.jpg\"   width=\"1024\" height=\"1023\" loading=\"lazy\" decoding=\"async\" alt=\"Cumplea\u00f1os de Jos\u00e9 Reyes L\u00f3pez\" fetchpriority=\"auto\" class=\"image ho-image\"\/>\u00a9 annacanddypilot<\/p>\n<p> <img src=\"https:\/\/www.europesays.com\/es\/wp-content\/uploads\/2025\/10\/ac9d101f1ce3-un-cumpleaos-inolvidable-lleno-de-personas-increbles-de-emociones-y-momentos-.jpg\"   width=\"1024\" height=\"1024\" loading=\"lazy\" decoding=\"async\" alt=\"Cumplea\u00f1os de Jos\u00e9 Reyes L\u00f3pez\" fetchpriority=\"auto\" class=\"image ho-image\"\/>\u00a9 annacanddypilot<\/p>\n<p id=\"eljqkP_Uzz\" data-wc=\"101\">\u00abUn cumplea\u00f1os m\u00e1gico en todos los sentidos. Y <strong>unos d\u00edas cargados de momentos felices que han llenado nuestros\u00a0<\/strong><strong>corazones<\/strong>. Gracias por ser hogar y los mejores anfitriones. Tienes un coraz\u00f3n que no te cabe en el pecho, Ana. Por muchos m\u00e1s momentos inolvidables juntos. Os queremos, familia\u00bb, ha dicho <a class=\"hm-link ho-link\" href=\"https:\/\/www.hola.com\/actualidad\/20250902853489\/viuda-y-expareja-de-jose-antonio-reyes-unidas-por-un-motivo-tras-su-muerte\/\" data-mrf-recirculation=\"article-body-link\" rel=\"nofollow noopener\" target=\"_blank\">Noelia, quien forma el mejor equipo con la expareja de su marido<\/a>. El deseo de ambas, que destacan por su generosidad, es que los hermanos crezcan juntos, como Jos\u00e9 Antonio Reyes quer\u00eda. Y es que para el inolvidable jugador, la familia era su absoluta prioridad, valores que traslad\u00f3 a sus tres hijos.<\/p>\n<p> <img src=\"https:\/\/www.europesays.com\/es\/wp-content\/uploads\/2025\/10\/66048593b5f8-un-cumpleaos-inolvidable-lleno-de-personas-increbles-de-emociones-y-momentos.jpg\"   width=\"1024\" height=\"1024\" loading=\"lazy\" decoding=\"async\" alt=\"Cumplea\u00f1os de Jos\u00e9 Reyes L\u00f3pez\" fetchpriority=\"auto\" class=\"image ho-image\"\/>\u00a9 annacanddypilot<br \/>\nSu mete\u00f3rica carrera en el f\u00fatbol<\/p>\n<p id=\"eY8Z98jZw7v\" data-wc=\"119\">El talento con el bal\u00f3n forma parte de sus genes y no tard\u00f3 en demostrarlo. Nacido el \u00a015 de octubre de 2007, Jos\u00e9 era solo un ni\u00f1o cuando empez\u00f3<a class=\"hm-link ho-link\" href=\"https:\/\/www.hola.com\/actualidad\/20241117730413\/jose-antonio-reyes-asi-es-su-hijo-major-que-sigue-sus-pasos-real-madrid\/\" data-mrf-recirculation=\"article-body-link\" rel=\"nofollow noopener\" target=\"_blank\">\u00a0su trayectoria deportiva<\/a>. Inicialmente jug\u00f3 en el Legamar, equipo perteneciente al Legamar International School. En las temporadas de 2017 y 2019 se incorpor\u00f3 al Legan\u00e9s y de ah\u00ed pas\u00f3 a la cantera del Real Madrid, equipo en el que estuvo su padre y en el que ha evolucionado en las categor\u00edas de infantil, cadete y juvenil. <strong>Con contrato firmado hasta 2027, el a\u00f1o pasado dio un importante paso entrenando por primera vez con Carlo Ancelotti<\/strong> y se desenvolvi\u00f3 con total soltura entre estrellas consolidadas como Modric, Jude Bellingham y Camavinga.<\/p>\n<p> <img src=\"https:\/\/www.europesays.com\/es\/wp-content\/uploads\/2025\/10\/688c18b681e5-copa-de-campeones-realmadridacademy-1.jpg\"   width=\"980\" height=\"1024\" loading=\"lazy\" decoding=\"async\" alt=\"Jos\u00e9 Reyes L\u00f3pez en la Real Madrid Academy.\" fetchpriority=\"auto\" class=\"image ho-image\"\/>\u00a9 _josereyeslopez_<\/p>\n<p> <img src=\"https:\/\/www.europesays.com\/es\/wp-content\/uploads\/2025\/10\/39c4349646d0-felicidades-al-cielo-aqu-no-te-olvidamos-te-quiero-pap-la-leyenda-contina.jpg\"   width=\"1024\" height=\"940\" loading=\"lazy\" decoding=\"async\" alt=\"Jos\u00e9 Reyes L\u00f3pez homenajea a su padre con su abuelo.\" fetchpriority=\"auto\" class=\"image ho-image\"\/>\u00a9 _josereyeslopez_\/<\/p>\n<p id=\"e8I4gx49FG\" data-wc=\"112\">En agosto protagoniz\u00f3 uno de los partidos m\u00e1s emocionantes de su vida. Con el Real Madrid particip\u00f3 \u00a0en la XLVIII edici\u00f3n del Trofeo Ciudad de Utrera, ciudad que vio nacer a su padre. En el Estadio San Juan Bosco, su equipo se enfrent\u00f3 al club local Utrera, encuentro en el que no pudo evitar las l\u00e1grimas. \u00abE<strong>stoy muy contento por c\u00f3mo me ha recibido la gente aqu\u00ed y por<\/strong> <strong>volver a donde mi padre tambi\u00e9n un d\u00eda fue feliz<\/strong> y haber podido vivir esta experiencia con el Real Madrid, que fue un club donde jug\u00f3\u00bb, dijo en El Desmarque durante el evento, en el que estuvo acompa\u00f1ado de su abuelo paterno, Curro.\u00a0<\/p>\n","protected":false},"excerpt":{"rendered":"Hay miradas llenas de verdad, capaces de hablar sin necesidad de palabras, y la de Jos\u00e9 Reyes L\u00f3pez&hellip;\n","protected":false},"author":2,"featured_media":195392,"comment_status":"","ping_status":"","sticky":false,"template":"","format":"standard","meta":{"footnotes":""},"categories":[174],"tags":[517,255,634,146,147,25,24,256,32777,23],"class_list":{"0":"post-195391","1":"post","2":"type-post","3":"status-publish","4":"format-standard","5":"has-post-thumbnail","7":"category-famosos","8":"tag-actualidad","9":"tag-celebrities","10":"tag-deporte","11":"tag-entertainment","12":"tag-entretenimiento","13":"tag-es","14":"tag-espana","15":"tag-famosos","16":"tag-jose-antonio-reyes","17":"tag-spain"},"share_on_mastodon":{"url":"https:\/\/pubeurope.com\/@es\/115422022143392795","error":""},"_links":{"self":[{"href":"https:\/\/www.europesays.com\/es\/wp-json\/wp\/v2\/posts\/195391","targetHints":{"allow":["GET"]}}],"collection":[{"href":"https:\/\/www.europesays.com\/es\/wp-json\/wp\/v2\/posts"}],"about":[{"href":"https:\/\/www.europesays.com\/es\/wp-json\/wp\/v2\/types\/post"}],"author":[{"embeddable":true,"href":"https:\/\/www.europesays.com\/es\/wp-json\/wp\/v2\/users\/2"}],"replies":[{"embeddable":true,"href":"https:\/\/www.europesays.com\/es\/wp-json\/wp\/v2\/comments?post=195391"}],"version-history":[{"count":0,"href":"https:\/\/www.europesays.com\/es\/wp-json\/wp\/v2\/posts\/195391\/revisions"}],"wp:featuredmedia":[{"embeddable":true,"href":"https:\/\/www.europesays.com\/es\/wp-json\/wp\/v2\/media\/195392"}],"wp:attachment":[{"href":"https:\/\/www.europesays.com\/es\/wp-json\/wp\/v2\/media?parent=195391"}],"wp:term":[{"taxonomy":"category","embeddable":true,"href":"https:\/\/www.europesays.com\/es\/wp-json\/wp\/v2\/categories?post=195391"},{"taxonomy":"post_tag","embeddable":true,"href":"https:\/\/www.europesays.com\/es\/wp-json\/wp\/v2\/tags?post=195391"}],"curies":[{"name":"wp","href":"https:\/\/api.w.org\/{rel}","templated":true}]}}