{"id":195395,"date":"2025-10-23T06:18:17","date_gmt":"2025-10-23T06:18:17","guid":{"rendered":"https:\/\/www.europesays.com\/es\/195395\/"},"modified":"2025-10-23T06:18:17","modified_gmt":"2025-10-23T06:18:17","slug":"libros-critica-del-libro-de-eva-illouz-el-8-de-octubre-genealogia-de-un-odio-virtuoso","status":"publish","type":"post","link":"https:\/\/www.europesays.com\/es\/195395\/","title":{"rendered":"LIBROS | Cr\u00edtica del libro de Eva Illouz &#8216;El 8 de octubre. Genealog\u00eda de un odio virtuoso&#8217;"},"content":{"rendered":"<p class=\"ft-text\"><strong>Eva Illouz<\/strong>\u00a0es una soci\u00f3loga jud\u00eda, nacida en Marruecos y criada en Francia, que ha destacado por sus ensayos sobre el impacto de las emociones, mediatizadas por el efecto tecnol\u00f3gico, los cambios culturales y la publicidad, en la vida particular y p\u00fablica de los individuos, un campo de\u00a0trabajo\u00a0nuevo y muy prometedor para los cient\u00edficos sociales. En uno de sus \u00faltimos ensayos, por ejemplo, aborda la influencia venenosa del asco en ciertas actitudes pol\u00edticas disolventes que se observan en las democracias.<\/p>\n<p class=\"ft-text\">Con afinidades marxistas, simpatizante de la teor\u00eda cr\u00edtica de\u00a0<strong>Adorno<\/strong>, izquierdista del ala socialdem\u00f3crata, ha sido una cr\u00edtica severa del Gobierno ultranacionalista de Israel, hasta el punto de firmar una petici\u00f3n al Tribunal de la Haya para que investigara la comisi\u00f3n de <strong>cr\u00edmenes de guerra<\/strong>, hecho que provoc\u00f3 que un ministro de\u00a0<strong>Benjam\u00edn Netanyahu<\/strong>\u00a0se negara a hacerle entrega de un premio que le hab\u00edan concedido.<\/p>\n<p class=\"ft-text\">Cuenta <strong>Eva Illouz<\/strong> que al d\u00eda siguiente del despiadado ataque perpetrado el 7 de octubre de 2023 por <strong>Ham\u00e1s<\/strong>, con destrozos, torturas, violaciones y m\u00e1s de 1.200 muertes, qued\u00f3 paralizada por el asombro con que recibi\u00f3 las numerosas muestras de <strong>simpat\u00eda hacia los terroristas<\/strong> y de odio hacia los jud\u00edos exhibidas por diversos grupos y nombres conocidos de una izquierda. Le costaba entender que esa izquierda no tuviera un gesto de compasi\u00f3n hacia las v\u00edctimas. Se pregunta c\u00f3mo es posible que quienes reaccionan as\u00ed den por sentado que \u00abla <strong>causa palestina<\/strong>, incluso cuando la defiende un <strong>grupo genocida<\/strong>, es intr\u00ednsecamente buena, mientras que Israel, incluso cuando responde a un ataque, encarna el mal\u00bb.<\/p>\n<blockquote class=\"ft-mol-quote\" data-aida-quote=\"\"><p>Este ensayo, en sinton\u00eda con otros intentos guiados por la misma inquietud, abre camino a una exploraci\u00f3n m\u00e1s profunda de la izquierda actual<\/p><\/blockquote>\n<p class=\"ft-text\">Este ensayo, escrito en los meses siguientes al ataque, resulta de la b\u00fasqueda de una explicaci\u00f3n. Responde al deseo de comprender una postura tan perturbadora para ella. Dos pistas confluyeron para conducirla a una sospecha. Una encuesta a votantes estadounidenses jud\u00edos le indic\u00f3 que el porcentaje de quienes pensaban que <strong>Israel estaba cometiendo un genocidio<\/strong> era muy inferior entre los mayores de 40 a\u00f1os. El segundo dato que le llam\u00f3 la atenci\u00f3n fue que la mayor\u00eda de los profesores de la <strong>Universidad de Columbia<\/strong> firmantes de una carta a favor de Ham\u00e1s eran de humanidades y la mayor\u00eda de los que se pronunciaban en contra y a favor de Israel pertenec\u00edan a los departamentos de las ciencias duras.<\/p>\n<p>Conclusi\u00f3n<\/p>\n<p class=\"ft-text\"><strong>Eva Illouz<\/strong> no tard\u00f3 en llegar a una conclusi\u00f3n. La izquierda desalmada, que no se conmov\u00eda e incluso celebraba el asalto de Ham\u00e1s, se hab\u00eda formado bajo el influjo de los postestructuralistas de la &#8216;french theory&#8217;, una de las creaciones m\u00e1s esot\u00e9ricas de la <strong>historia de la filosof\u00eda<\/strong>, que durante un tiempo caus\u00f3 una extra\u00f1a fascinaci\u00f3n en los campus norteamericanos, con su amalgama de ideas abstrusas, deconstrucci\u00f3n, posmodernismo, decolonialismo y cr\u00edtica abstracta del poder, en la que tambi\u00e9n mezclaron, en un batiburrillo de &#8216;antis&#8217;, el <strong>antisionismo<\/strong>.<\/p>\n<p class=\"ft-text\">Esa izquierda, termina Illouz, ha optado por la comodidad de tomar atajos a la hora de interpretar la complejidad del mundo y simplificar las cosas, tratando de someter la realidad a un <strong>orden moral expeditivo<\/strong>, con el prop\u00f3sito principal de reforzar su identidad. Es la izquierda que se ha rendido al pensamiento r\u00e1pido, que declina ante los problemas y recurre a las malas artes del <strong>populismo<\/strong>, que ha dictado una sentencia inapelable sobre Gaza y ha desconcertado a Illouz.<\/p>\n<p class=\"ft-text\">Este ensayo, en sinton\u00eda con otros intentos guiados por la misma inquietud, abre camino a una exploraci\u00f3n m\u00e1s profunda de la izquierda actual. El lector podr\u00e1 sorprenderse del silencio que guarda sobre la desproporci\u00f3n del contragolpe israel\u00ed y de que se abstenga de emitir un juicio. Illouz ha expuesto la visi\u00f3n que tiene de Israel y su Gobierno en varios escritos, cuya lectura es m\u00e1s oportuna que nunca. Este breve texto est\u00e1 redactado exclusivamente con el <strong>\u00e1nimo de interpelar a la izquierda<\/strong>, de la que ella forma parte y, en esta ocasi\u00f3n, discrepa con honda preocupaci\u00f3n. Lo que la soci\u00f3loga de las emociones desea es que la izquierda no pierda la sensibilidad y no deje de pensar.<\/p>\n<p><img decoding=\"async\" src=\"https:\/\/www.europesays.com\/es\/wp-content\/uploads\/2025\/10\/107678e5-3865-4188-90a8-f0d7d2c1219c_source-aspect-ratio_default_0.webp.webp\" width=\"111\" height=\"159\" alt=\"\" class=\"ft-helper-img-rd\" loading=\"lazy\"\/>El 8 de octubre. Genealog\u00eda de un odio virtuoso<\/p>\n<p class=\"ft-text\"><strong>Eva Illouz<\/strong><\/p>\n<p class=\"ft-text\">Traducci\u00f3n de Alejandro Katz<\/p>\n<p class=\"ft-text\">Katz<\/p>\n<p class=\"ft-text\">95 p\u00e1ginas<\/p>\n<p class=\"ft-text\">14 euros<\/p>\n","protected":false},"excerpt":{"rendered":"Eva Illouz\u00a0es una soci\u00f3loga jud\u00eda, nacida en Marruecos y criada en Francia, que ha destacado por sus ensayos&hellip;\n","protected":false},"author":2,"featured_media":195396,"comment_status":"","ping_status":"","sticky":false,"template":"","format":"standard","meta":{"footnotes":""},"categories":[172],"tags":[30615,224,12495,1499,146,147,25,24,54249,1256,694,75,74,225,76,23],"class_list":{"0":"post-195395","1":"post","2":"type-post","3":"status-publish","4":"format-standard","5":"has-post-thumbnail","7":"category-libros","8":"tag-autoridad-nacional-palestina","9":"tag-books","10":"tag-conflicto-israel-palestina","11":"tag-critica-de-libros","12":"tag-entertainment","13":"tag-entretenimiento","14":"tag-es","15":"tag-espana","16":"tag-eva-illouz-libro-8-octubre-genealogia-odio-virtuoso","17":"tag-franja-de-gaza","18":"tag-gaza","19":"tag-hamas","20":"tag-israel","21":"tag-libros","22":"tag-palestina","23":"tag-spain"},"share_on_mastodon":{"url":"https:\/\/pubeurope.com\/@es\/115422030289402662","error":""},"_links":{"self":[{"href":"https:\/\/www.europesays.com\/es\/wp-json\/wp\/v2\/posts\/195395","targetHints":{"allow":["GET"]}}],"collection":[{"href":"https:\/\/www.europesays.com\/es\/wp-json\/wp\/v2\/posts"}],"about":[{"href":"https:\/\/www.europesays.com\/es\/wp-json\/wp\/v2\/types\/post"}],"author":[{"embeddable":true,"href":"https:\/\/www.europesays.com\/es\/wp-json\/wp\/v2\/users\/2"}],"replies":[{"embeddable":true,"href":"https:\/\/www.europesays.com\/es\/wp-json\/wp\/v2\/comments?post=195395"}],"version-history":[{"count":0,"href":"https:\/\/www.europesays.com\/es\/wp-json\/wp\/v2\/posts\/195395\/revisions"}],"wp:featuredmedia":[{"embeddable":true,"href":"https:\/\/www.europesays.com\/es\/wp-json\/wp\/v2\/media\/195396"}],"wp:attachment":[{"href":"https:\/\/www.europesays.com\/es\/wp-json\/wp\/v2\/media?parent=195395"}],"wp:term":[{"taxonomy":"category","embeddable":true,"href":"https:\/\/www.europesays.com\/es\/wp-json\/wp\/v2\/categories?post=195395"},{"taxonomy":"post_tag","embeddable":true,"href":"https:\/\/www.europesays.com\/es\/wp-json\/wp\/v2\/tags?post=195395"}],"curies":[{"name":"wp","href":"https:\/\/api.w.org\/{rel}","templated":true}]}}