{"id":195411,"date":"2025-10-23T06:29:15","date_gmt":"2025-10-23T06:29:15","guid":{"rendered":"https:\/\/www.europesays.com\/es\/195411\/"},"modified":"2025-10-23T06:29:15","modified_gmt":"2025-10-23T06:29:15","slug":"el-portazo-de-vox-a-los-presupuestos-en-aragon-reabre-el-escenario-electoral-en-las-autonomias-del-pp-espana","status":"publish","type":"post","link":"https:\/\/www.europesays.com\/es\/195411\/","title":{"rendered":"El portazo de Vox a los Presupuestos en Arag\u00f3n reabre el escenario electoral en las autonom\u00edas del PP | Espa\u00f1a"},"content":{"rendered":"<p class=\"\">Vox est\u00e1 cumpliendo el guion de desgaste al PP. Los <a href=\"https:\/\/elpais.com\/espana\/2025-10-21\/la-negociacion-de-los-presupuestos-de-aragon-salta-por-los-aires-tras-el-choque-por-un-asesor-de-vox-que-publico-mensajes-racistas.html\" target=\"_self\" rel=\"nofollow noopener\" title=\"https:\/\/elpais.com\/espana\/2025-10-21\/la-negociacion-de-los-presupuestos-de-aragon-salta-por-los-aires-tras-el-choque-por-un-asesor-de-vox-que-publico-mensajes-racistas.html\">ultras dieron el martes el portazo a la negociaci\u00f3n de los Presupuestos de Arag\u00f3n,<\/a> y en la direcci\u00f3n del PP tienen claro que todo forma parte de la misma estrategia que Santiago Abascal lanz\u00f3 en julio del a\u00f1o pasado, cuando rompi\u00f3 todos los Gobiernos auton\u00f3micos del PP. Vox busca sustituir al PP, no convertirse en su muleta, as\u00ed que en las altas esferas del PP son conscientes de que, tras Arag\u00f3n, los de Abascal dar\u00e1n un portazo con toda probabilidad tambi\u00e9n a los Presupuestos de Extremadura y de Castilla y Le\u00f3n. El probable fracaso de las cuentas p\u00fablicas en esos territorios reabre el escenario electoral, salvo en Castilla y Le\u00f3n, que ya est\u00e1 despejado que ir\u00e1 a las urnas en marzo del a\u00f1o que viene. El PP estudia sus opciones, pero en G\u00e9nova no ven con buenos ojos un superdomingo electoral con las cuatro autonom\u00edas, sino en todo caso una secuencia de citas electorales para tratar de desgastar m\u00e1s al PSOE.<\/p>\n<p class=\"\">La idea del superdomingo electoral ha perdido fuelle. Es decir, la posibilidad de concentrar el mismo d\u00eda todas las elecciones de las comunidades del PP sin Presupuestos (en caso de que no los saquen adelante, Arag\u00f3n y Extremadura; junto a las dos autonom\u00edas que tienen que ir a las urnas por fuerza el a\u00f1o que viene, Castilla y Le\u00f3n y Andaluc\u00eda). De momento, solo Castilla y Le\u00f3n tiene fecha, el 15 de marzo, mientras el presidente andaluz, Juan Manuel Moreno Bonilla, que cuenta con mayor\u00eda absoluta, insiste en agotar la legislatura, as\u00ed que mira a junio de 2026. <\/p>\n<p class=\"\">En G\u00e9nova creen que es preferible una concatenaci\u00f3n de citas electorales, como sucedi\u00f3 en 2024 con las elecciones gallegas, las vascas, las catalanas y las europeas. As\u00ed, entienden, podr\u00edan desgastar m\u00e1s al PSOE que en una sola fecha, teniendo en cuenta que en todas esas comunidades las encuestas les favorecen. \u201c\u00bfQu\u00e9 es mejor para debilitar a tu adversario, un solo golpe o una secuencia de golpes?\u201c, inquieren en el PP. Los populares dan por hecho su victoria en todas esas plazas sobre los socialistas, aunque en todas ellas, seg\u00fan las encuestas, depender\u00edan de Vox para gobernar. <\/p>\n<p class=\"\">Pero eso ser\u00eda en el caso de ir a elecciones, porque ese escenario todav\u00eda no est\u00e1 decidido y hay tiempo para pensarlo. El l\u00edder del PP, Alberto N\u00fa\u00f1ez Feij\u00f3o, tiene previsto mantener una conversaci\u00f3n en profundidad sobre ello con el presidente de Arag\u00f3n, Jorge Azc\u00f3n, el primero que tiene que tomar una decisi\u00f3n <a href=\"https:\/\/elpais.com\/espana\/2025-10-21\/la-negociacion-de-los-presupuestos-de-aragon-salta-por-los-aires-tras-el-choque-por-un-asesor-de-vox-que-publico-mensajes-racistas.html\" target=\"_blank\" rel=\"nofollow noopener\" title=\"https:\/\/elpais.com\/espana\/2025-10-21\/la-negociacion-de-los-presupuestos-de-aragon-salta-por-los-aires-tras-el-choque-por-un-asesor-de-vox-que-publico-mensajes-racistas.html\">tras el portazo de Vox a la negociaci\u00f3n de las cuentas p\u00fablicas, <\/a>aunque G\u00e9nova subraya que Feij\u00f3o dar\u00e1 \u201cplena autonom\u00eda\u201d a sus barones para decidir si van o no a las urnas. <\/p>\n<p class=\"\">La decisi\u00f3n de un anticipo electoral es competencia exclusiva de los presidentes auton\u00f3micos, como remarcan tambi\u00e9n en las autonom\u00edas populares. El presidente de Arag\u00f3n no tiene de momento intenci\u00f3n de ir a las urnas, indican fuentes de su entorno, porque cree que su comunidad va muy bien, va a recibir 58.000 millones de euros en inversiones tecnol\u00f3gicas y hace solo dos a\u00f1os y medio que los aragoneses votaron el cambio de Gobierno. En todo caso, ese cap\u00edtulo lo abrir\u00e1 m\u00e1s adelante, porque primero presentar\u00e1 sus Presupuestos (a\u00fan no lo ha hecho, a la espera de la senda de d\u00e9ficit que presente el Gobierno en un pr\u00f3ximo Consejo de Pol\u00edtica Fiscal) y estudiar\u00e1 c\u00f3mo le sienta a sus adversarios por la derecha tumbarle al PP unas cuentas p\u00fablicas. <\/p>\n<p class=\"\">\u201cSe habla de la financiaci\u00f3n en negro del PSOE, de fontaneros del PSOE, de las desigualdades, y, sin embargo, Vox se dedica a hacer oposici\u00f3n al PP de Arag\u00f3n\u201d, se quej\u00f3 este mi\u00e9rcoles el presidente aragon\u00e9s, Jorge Azc\u00f3n. \u201cYo creo que eso no es lo que quieren sus votantes. Vamos a seguir el plan. Presentaremos los Presupuestos y llamaremos a todas las fuerzas pol\u00edticas. Vox tendr\u00e1 que explicar por qu\u00e9 en Murcia, en Baleares o en la Comunidad Valenciana se puede aprobar un Presupuesto y no en Arag\u00f3n\u201d. <\/p>\n<p class=\"\">El Gobierno de Mar\u00eda Guardiola en Extremadura se encuentra en un caso similar al de Arag\u00f3n, aunque los populares guardan esperanzas de que el PSOE pudiera abstenerse y permitirles sacar adelante las cuentas para evitar unas elecciones, ya que el l\u00edder del PSOE extreme\u00f1o, Miguel \u00c1ngel Gallardo, est\u00e1 imputado en el caso de la contrataci\u00f3n del hermano de Pedro S\u00e1nchez en la Diputaci\u00f3n de Badajoz. En las \u00faltimas semanas se han producido contactos a altos niveles entre el PP y el PSOE en esa comunidad, seg\u00fan fuentes conocedoras de esas conversaciones, pero los socialistas de momento no se mueven. El PSOE presentar\u00e1 este jueves una enmienda a la totalidad a los Presupuestos de Guardiola, <b>informa Jos\u00e9 Marcos. <\/b>Este jueves Vox tambi\u00e9n desvelar\u00e1 sus cartas si registra o no tambi\u00e9n una enmienda a la totalidad. <\/p>\n<p class=\"\">El problema para Feij\u00f3o es que si los Gobiernos de Arag\u00f3n o Extremadura se ven abocados a prorrogar sus Presupuestos por segunda vez su estrategia contra Pedro S\u00e1nchez por no aprobar sus cuentas se debilita. El l\u00edder del PP ha llegado a proponer una reforma legal para que el Gobierno se vea abocado a convocar autom\u00e1ticamente elecciones tras dos pr\u00f3rrogas presupuestarias. G\u00e9nova argumenta que son casos diferentes porque S\u00e1nchez no ha logrado aprobar unas cuentas en toda la legislatura, pero ese marco tambi\u00e9n pesar\u00e1 en la decisi\u00f3n del PP. <\/p>\n","protected":false},"excerpt":{"rendered":"Vox est\u00e1 cumpliendo el guion de desgaste al PP. Los ultras dieron el martes el portazo a la&hellip;\n","protected":false},"author":2,"featured_media":195412,"comment_status":"","ping_status":"","sticky":false,"template":"","format":"standard","meta":{"footnotes":""},"categories":[8],"tags":[17,18,6322,54253,25,24,13,14,11,19,20,9,10,15,16,952,956,54252,23,12,21,22,624],"class_list":{"0":"post-195411","1":"post","2":"type-post","3":"status-publish","4":"format-standard","5":"has-post-thumbnail","7":"category-espana","8":"tag-breaking-news","9":"tag-breakingnews","10":"tag-comunidades-autonomas","11":"tag-elecciones-autonomicas","12":"tag-es","13":"tag-espana","14":"tag-featured-news","15":"tag-featurednews","16":"tag-headlines","17":"tag-latest-news","18":"tag-latestnews","19":"tag-news","20":"tag-noticias","21":"tag-noticias-destacadas","22":"tag-noticiasdestacadas","23":"tag-politica","24":"tag-pp","25":"tag-presupuestos-autonomicos","26":"tag-spain","27":"tag-titulares","28":"tag-ultimas-noticias","29":"tag-ultimasnoticias","30":"tag-vox"},"share_on_mastodon":{"url":"https:\/\/pubeurope.com\/@es\/115422072815330515","error":""},"_links":{"self":[{"href":"https:\/\/www.europesays.com\/es\/wp-json\/wp\/v2\/posts\/195411","targetHints":{"allow":["GET"]}}],"collection":[{"href":"https:\/\/www.europesays.com\/es\/wp-json\/wp\/v2\/posts"}],"about":[{"href":"https:\/\/www.europesays.com\/es\/wp-json\/wp\/v2\/types\/post"}],"author":[{"embeddable":true,"href":"https:\/\/www.europesays.com\/es\/wp-json\/wp\/v2\/users\/2"}],"replies":[{"embeddable":true,"href":"https:\/\/www.europesays.com\/es\/wp-json\/wp\/v2\/comments?post=195411"}],"version-history":[{"count":0,"href":"https:\/\/www.europesays.com\/es\/wp-json\/wp\/v2\/posts\/195411\/revisions"}],"wp:featuredmedia":[{"embeddable":true,"href":"https:\/\/www.europesays.com\/es\/wp-json\/wp\/v2\/media\/195412"}],"wp:attachment":[{"href":"https:\/\/www.europesays.com\/es\/wp-json\/wp\/v2\/media?parent=195411"}],"wp:term":[{"taxonomy":"category","embeddable":true,"href":"https:\/\/www.europesays.com\/es\/wp-json\/wp\/v2\/categories?post=195411"},{"taxonomy":"post_tag","embeddable":true,"href":"https:\/\/www.europesays.com\/es\/wp-json\/wp\/v2\/tags?post=195411"}],"curies":[{"name":"wp","href":"https:\/\/api.w.org\/{rel}","templated":true}]}}