{"id":195427,"date":"2025-10-23T06:42:11","date_gmt":"2025-10-23T06:42:11","guid":{"rendered":"https:\/\/www.europesays.com\/es\/195427\/"},"modified":"2025-10-23T06:42:11","modified_gmt":"2025-10-23T06:42:11","slug":"lourdes-montes-responde-a-julian-contreras-despues-de-que-este-insinuara-que-fran-rivera-le-es-desleal-es-bastante-dura","status":"publish","type":"post","link":"https:\/\/www.europesays.com\/es\/195427\/","title":{"rendered":"Lourdes Montes responde a Juli\u00e1n Contreras despu\u00e9s de que este insinuara que Fran Rivera le es desleal: \u00abEs bastante dura\u00bb"},"content":{"rendered":"<p><img loading=\"lazy\" decoding=\"async\" src=\"https:\/\/www.europesays.com\/es\/wp-content\/uploads\/2025\/10\/1760450890_434_100x100_informalia-logo.jpg\" itemtype=\"\/\/schema.org\/ImageObject\" itemprop=\"url\" alt=\"Informalia\" width=\"64\" height=\"64\" pinger-seen=\"true\"\/><\/p>\n<p><b>Lourdes Montes<\/b>, empresaria y mujer de <b>Fran Rivera<\/b>, concedi\u00f3 el pasado 7 de octubre su primera entrevista en televisi\u00f3n, donde, adem\u00e1s de hablar de su historia de amor con el diestro, revel\u00f3 que su relaci\u00f3n con Juli\u00e1n Contreras est\u00e1 rota. \u00ab<a href=\"https:\/\/www.eleconomista.es\/informalia\/famosos\/noticias\/13582470\/10\/25\/lourdes-montes-decepcionada-con-julian-contreras-revela-el-motivo-de-su-distanciamiento-con-fran-rivera-su-carino-no-era-real.html\" rel=\"nofollow noopener\" target=\"_blank\"><b>Le quer\u00eda mucho, pero he descubierto un Juli\u00e1n que no conoc\u00eda. Me ha defraudado<\/b>\u00ab, expres\u00f3<\/a>. La sevillana cont\u00f3 adem\u00e1s que Fran estuvo durante a\u00f1os pendiente de su hermano, pero que todo se dinamit\u00f3 cuando \u00e9l y Cayetano se negaron a darle m\u00e1s dinero.<\/p>\n<p>En este contexto, <a href=\"https:\/\/www.eleconomista.es\/informalia\/famosos\/noticias\/13593638\/10\/25\/julian-contreras-insinua-que-fran-rivera-es-desleal-a-lourdes-montes-lo-se-yo-y-lo-sabe-todo-el-mundo.html\" rel=\"nofollow noopener\" target=\"_blank\">y tras la respuesta de Juli\u00e1n insinuando que Fran le era desleal<\/a>, la sevillana ha intervenido este mi\u00e9rcoles en Y ahora Sonsoles, el mismo espacio en el que concedi\u00f3 la entrevista que ha tra\u00eddo cola en la cr\u00f3nica social. <\/p>\n<p>\u00abLa verdad que estuve tan relajada hablando contigo que <b>no fui consciente de que esto podr\u00eda traer tanta cola. Yo simplemente te dije como me sent\u00ed en un momento de mi vida<\/b>\u00ab, ha manifestado la mujer de Fran Rivera.<\/p>\n<p>Sobre la pol\u00e9mica entrevista que concedi\u00f3 Juli\u00e1n Contreras en la revista Lecturas unos d\u00edas despu\u00e9s de sus declaraciones, Lourdes ha asegurado que no la ha le\u00eddo. \u00ab<b>No he le\u00eddo la entrevista, es algo que tengo aprendido desde hace tiempo. S\u00ed me han comentado que es bastante dura. Nunca pens\u00e9 que esto iba a desembocar en este tema otra vez.<\/b> Me sorprendi\u00f3 much\u00edsimo y no lo pens\u00e9\u00bb, ha expresado. <\/p>\n<p>Esta guerra familiar llega un a\u00f1o despu\u00e9s de que Juli\u00e1n sentenciara a su hermano. <b>\u00abSe alej\u00f3 porque mi madre le perjudicaba comercialmente, profesionalmente y familiarmente<\/b>\u00ab, lleg\u00f3 a decir en julio de 2024 a la revista Semana. Asimismo, el hijo de Carmina Ord\u00f3\u00f1ez y Juli\u00e1n Contreras considera que parte del distanciamiento entre los hermanos se debi\u00f3 al desconocimiento que Fran ten\u00eda con respecto a la muerte de su madre. \u00abFrancisco me ha demostrado que no tiene ni idea de lo que le pasaba a mi madre.<b> Si cree que las drogas fueron su problema, el problema lo tiene \u00e9l. No conoc\u00eda a nuestra madre<\/b>\u00ab, lament\u00f3.<\/p>\n<p>WhatsApp<a href=\"https:\/\/api.whatsapp.com\/send?text=https:\/\/www.eleconomista.es\/informalia\/famosos\/noticias\/13606874\/10\/25\/lourdes-montes-responde-a-julian-contreras-despues-de-que-este-insinuara-que-fran-rivera-le-es-desleal-es-bastante-dura.html?utm_source%3Dwhatsapp%26utm_medium%3Dshare_button&amp;id=1648118629957_whatsapp\" target=\"_blank\" data-action=\"share\/whatsapp\/share\" aria-label=\"Compartir en Whatsapp\" rel=\"nofollow noopener\"><\/a>Facebook<a id=\"fb-share\" href=\"#\" target=\"_blank\" rel=\"noopener noreferrer\" aria-label=\"Compartir en Facebook\"><\/a>Twitter<a href=\"https:\/\/twitter.com\/share?text=Lourdes+Montes+responde+a+Juli%C3%A1n+Contreras+despu%C3%A9s+de+que+este+insinuara+que+Fran+Rivera+le+es+desleal%3A+%22Es+bastante+dura%22&amp;url=https:\/\/www.eleconomista.es\/informalia\/famosos\/noticias\/13606874\/10\/25\/lourdes-montes-responde-a-julian-contreras-despues-de-que-este-insinuara-que-fran-rivera-le-es-desleal-es-bastante-dura.html&amp;via=Informalia&amp;id=1648118839245_twitter\" target=\"_blank\" aria-label=\"Compartir en Twitter\" rel=\"nofollow noopener\"><\/a>Linkedin<a onclick=\"return abrirLinkedin();\" href=\"https:\/\/www.linkedin.com\/shareArticle?text=Lourdes+Montes+responde+a+Juli%C3%A1n+Contreras+despu%C3%A9s+de+que+este+insinuara+que+Fran+Rivera+le+es+desleal%3A+%22Es+bastante+dura%22&amp;url=https:\/\/www.eleconomista.es\/informalia\/famosos\/noticias\/13606874\/10\/25\/lourdes-montes-responde-a-julian-contreras-despues-de-que-este-insinuara-que-fran-rivera-le-es-desleal-es-bastante-dura.html&amp;mini=true\" target=\"_blank\" aria-label=\"Compartir en linkedin\" rel=\"nofollow noopener\"><\/a>Beloud<a href=\"https:\/\/beloud.com\/share?text=Lourdes+Montes+responde+a+Juli%C3%A1n+Contreras+despu%C3%A9s+de+que+este+insinuara+que+Fran+Rivera+le+es+desleal%3A+%22Es+bastante+dura%22&amp;url=https:\/\/www.eleconomista.es\/informalia\/famosos\/noticias\/13606874\/10\/25\/lourdes-montes-responde-a-julian-contreras-despues-de-que-este-insinuara-que-fran-rivera-le-es-desleal-es-bastante-dura.html&amp;via=Informalia&amp;id=1648118839245_beloud\" target=\"_blank\" aria-label=\"Compartir en beloud\" rel=\"nofollow noopener\"><\/a>Bluesky<a href=\"https:\/\/bsky.app\/intent\/compose?text=https:\/\/bsky.app\/intent\/compose?text=https:\/\/www.eleconomista.es\/informalia\/famosos\/noticias\/13606874\/10\/25\/lourdes-montes-responde-a-julian-contreras-despues-de-que-este-insinuara-que-fran-rivera-le-es-desleal-es-bastante-dura.html&amp;url=https:\/\/www.eleconomista.es\/informalia\/famosos\/noticias\/13606874\/10\/25\/lourdes-montes-responde-a-julian-contreras-despues-de-que-este-insinuara-que-fran-rivera-le-es-desleal-es-bastante-dura.html&amp;via=elEconomistaes&amp;id=1648118839245_bluesky\" target=\"_blank\" aria-label=\"Compartir en bluesky\" rel=\"nofollow noopener\"><\/a><\/p>\n<p><script async src=\"https:\/\/platform.twitter.com\/widgets.js\" charset=\"utf-8\"><\/script><\/p>\n","protected":false},"excerpt":{"rendered":"Lourdes Montes, empresaria y mujer de Fran Rivera, concedi\u00f3 el pasado 7 de octubre su primera entrevista en&hellip;\n","protected":false},"author":2,"featured_media":195428,"comment_status":"","ping_status":"","sticky":false,"template":"","format":"standard","meta":{"footnotes":""},"categories":[174],"tags":[255,146,147,25,24,256,260,23],"class_list":{"0":"post-195427","1":"post","2":"type-post","3":"status-publish","4":"format-standard","5":"has-post-thumbnail","7":"category-famosos","8":"tag-celebrities","9":"tag-entertainment","10":"tag-entretenimiento","11":"tag-es","12":"tag-espana","13":"tag-famosos","14":"tag-gente","15":"tag-spain"},"share_on_mastodon":{"url":"https:\/\/pubeurope.com\/@es\/115422124253686873","error":""},"_links":{"self":[{"href":"https:\/\/www.europesays.com\/es\/wp-json\/wp\/v2\/posts\/195427","targetHints":{"allow":["GET"]}}],"collection":[{"href":"https:\/\/www.europesays.com\/es\/wp-json\/wp\/v2\/posts"}],"about":[{"href":"https:\/\/www.europesays.com\/es\/wp-json\/wp\/v2\/types\/post"}],"author":[{"embeddable":true,"href":"https:\/\/www.europesays.com\/es\/wp-json\/wp\/v2\/users\/2"}],"replies":[{"embeddable":true,"href":"https:\/\/www.europesays.com\/es\/wp-json\/wp\/v2\/comments?post=195427"}],"version-history":[{"count":0,"href":"https:\/\/www.europesays.com\/es\/wp-json\/wp\/v2\/posts\/195427\/revisions"}],"wp:featuredmedia":[{"embeddable":true,"href":"https:\/\/www.europesays.com\/es\/wp-json\/wp\/v2\/media\/195428"}],"wp:attachment":[{"href":"https:\/\/www.europesays.com\/es\/wp-json\/wp\/v2\/media?parent=195427"}],"wp:term":[{"taxonomy":"category","embeddable":true,"href":"https:\/\/www.europesays.com\/es\/wp-json\/wp\/v2\/categories?post=195427"},{"taxonomy":"post_tag","embeddable":true,"href":"https:\/\/www.europesays.com\/es\/wp-json\/wp\/v2\/tags?post=195427"}],"curies":[{"name":"wp","href":"https:\/\/api.w.org\/{rel}","templated":true}]}}