{"id":195429,"date":"2025-10-23T06:43:12","date_gmt":"2025-10-23T06:43:12","guid":{"rendered":"https:\/\/www.europesays.com\/es\/195429\/"},"modified":"2025-10-23T06:43:12","modified_gmt":"2025-10-23T06:43:12","slug":"el-fotografo-del-cielo-segoviano","status":"publish","type":"post","link":"https:\/\/www.europesays.com\/es\/195429\/","title":{"rendered":"El fot\u00f3grafo del cielo segoviano"},"content":{"rendered":"<p>Dicen que la magia no existe, pero magia es lo que se siente cuando ves los colores del atardecer atravesar los arcos del Acueducto. No importa las veces que lo hayas visto, que cuando el sol desciende por detr\u00e1s del emblem\u00e1tico monumento, el tiempo se detiene. \u00a0Hay quienes miran ese momento de paso, y hay quienes lo guardan para siempre, como es el caso de Adri\u00e1n Escobar (<a href=\"https:\/\/x.com\/meteosegovia\" rel=\"nofollow\">@Meteosegovia<\/a>), un segoviano que ha aprendido a leer el cielo y a contar, a trav\u00e9s de sus im\u00e1genes, los fen\u00f3menos que se producen en el cielo.\u00a0<\/p>\n<p>Su \u00faltima fotograf\u00eda, que inmortaliza un crep\u00fasculo del lunes 20 de octubre, con el Acueducto enmarcando un cielo de fuego, se volvi\u00f3 viral: m\u00e1s de 10.200 me gusta y 161.000 visualizaciones en apenas 24 horas. \u00abLa repercusi\u00f3n me ha pillado por sorpresa\u00bb, se\u00f1ala Escobar. Pero m\u00e1s all\u00e1 de las cifras, hay algo profundamente humano en su trabajo: la paciencia de quien mira al cielo con respeto y asombro, sabiendo que nunca se repetir\u00e1 igual.<\/p>\n<p>\u00abEmpec\u00e9 de peque\u00f1o, fotografiando las nevadas que ca\u00edan en Segovia. Recuerdo la primera, en Reyes del a\u00f1o 1997. Aquella magia blanca fue lo que me atrap\u00f3\u00bb, revela. Desde entonces, su c\u00e1mara ha sido testigo de tormentas, arco\u00edris, candilazos y cielos imposibles. \u00abEl cielo es muy din\u00e1mico y cambiante\u00bb, explica. \u00abEn cada \u00e9poca del a\u00f1o el paisaje ofrece algo distinto\u00bb.<\/p>\n<p><img decoding=\"async\" loading=\"lazy\" src=\"https:\/\/www.europesays.com\/es\/wp-content\/uploads\/2025\/10\/522A8F59-A062-4A55-A476F1F62CEB5B8D.JPG\" alt=\"El fot\u00f3grafo del cielo segoviano\" border=\"0\"\/>El fot\u00f3grafo del cielo segoviano &#8211; Foto: Adri\u00e1n Escobar   @Meteosegovia<\/p>\n<p>Hoy, adem\u00e1s de meteor\u00f3logo, se define como cazatormentas. Recorre Espa\u00f1a en busca de esos fen\u00f3menos que combinan belleza y poder: rayos, superceldas, nevadas. \u00abLas tormentas son lo que m\u00e1s me atrae junto con la nieve\u00bb, confiesa. \u00abSon impredecibles y espectaculares\u00bb.<\/p>\n<p>Entre sus im\u00e1genes m\u00e1s queridas, hay una que destaca. \u00abLa m\u00e1s dif\u00edcil fue una foto de rayos en agosto de 2011. En solo 15 segundos de exposici\u00f3n cayeron cinco rayos a la vez sobre Segovia, con el Alc\u00e1zar y la Catedral al fondo. Fue de madrugada, desde el mirador de Zamarramala. Para m\u00ed, es la mejor\u00bb, revela. Son momentos irrepetibles, fruto de la paciencia y del instinto. \u00abHay fotos que llevo mucho tiempo persiguiendo\u00bb, admite. \u00abY cuando al fin se alinean la meteorolog\u00eda, la luz y el instante, es una emoci\u00f3n indescriptible\u00bb.<\/p>\n<p><strong>La luz de segovia. <\/strong>Preguntado sobre qu\u00e9 tiene de especial su tierra, no duda: \u00abSegovia tiene una luz especial. Esos candelazos al atardecer quiz\u00e1 no se den con tanta intensidad en otras zonas. Tambi\u00e9n su cielo azul, limpio, sin contaminaci\u00f3n ni polvo en suspensi\u00f3n, es \u00fanico\u00bb.\u00a0<\/p>\n<p><img decoding=\"async\" loading=\"lazy\" src=\"https:\/\/www.europesays.com\/es\/wp-content\/uploads\/2025\/10\/BA415F86-B33C-4B62-B8C099452237C5F0.JPG\" alt=\"El fot\u00f3grafo del cielo segoviano\" border=\"0\"\/>El fot\u00f3grafo del cielo segoviano &#8211; Foto: Adri\u00e1n Escobar   @Meteosegovia<\/p>\n<p>Su conocimiento en meteorolog\u00eda va de la mano con su pasi\u00f3n por la fotograf\u00eda. \u00abA trav\u00e9s de las fotos puedo explicar fen\u00f3menos meteorol\u00f3gicos y acercar la ciencia a la gente. Una nube, una tuba o un halo solar llaman la atenci\u00f3n, pero muchos no saben lo que est\u00e1n viendo. La imagen me sirve para divulgar\u00bb, se\u00f1ala. Y es que, m\u00e1s all\u00e1 de la t\u00e9cnica, lo que mueve a Adri\u00e1n es la emoci\u00f3n. \u00abIntento transmitir lo que es la meteorolog\u00eda, una ciencia muy bonita, que todos podemos comprender y disfrutar\u00bb, apunta.\u00a0<\/p>\n<p>M\u00e1s fotos:<img decoding=\"async\" loading=\"lazy\" src=\"https:\/\/www.europesays.com\/es\/wp-content\/uploads\/2025\/10\/55CC4872-AAF8-4A3B-BF85B3C2A0754C67.JPG\" alt=\"El fot\u00f3grafo del cielo segoviano\" border=\"0\"\/>El fot\u00f3grafo del cielo segoviano &#8211; Foto: Adri\u00e1n Escobar   @Meteosegovia<img decoding=\"async\" loading=\"lazy\" src=\"https:\/\/www.europesays.com\/es\/wp-content\/uploads\/2025\/10\/3AB25F8E-E2FA-45C1-B5DD395498BFE5CA.JPG\" alt=\"El fot\u00f3grafo del cielo segoviano\" border=\"0\"\/>El fot\u00f3grafo del cielo segoviano &#8211; Foto: Adri\u00e1n Escobar   @Meteosegovia<img decoding=\"async\" loading=\"lazy\" src=\"https:\/\/www.europesays.com\/es\/wp-content\/uploads\/2025\/10\/B55A40C0-5BF4-4D58-B3BE1C4E19F2184D.JPG\" alt=\"El fot\u00f3grafo del cielo segoviano\" border=\"0\"\/>El fot\u00f3grafo del cielo segoviano &#8211; Foto: Adri\u00e1n Escobar   @Meteosegovia<\/p>\n<p>En cada fotograf\u00eda, Adri\u00e1n Escobar nos recuerda algo esencial. Y es que el cielo es un espect\u00e1culo gratuito, cambiante e inmenso, que solo exige detenerse a mirar. Y la c\u00e1mara es la extensi\u00f3n de la mirada curiosa de Adri\u00e1n.\u00a0<\/p>\n","protected":false},"excerpt":{"rendered":"Dicen que la magia no existe, pero magia es lo que se siente cuando ves los colores del&hellip;\n","protected":false},"author":2,"featured_media":195430,"comment_status":"","ping_status":"","sticky":false,"template":"","format":"standard","meta":{"footnotes":""},"categories":[173],"tags":[54254,229,233,231,230,119,232,234,146,147,25,24,241,2518,1406,23,19047],"class_list":{"0":"post-195429","1":"post","2":"type-post","3":"status-publish","4":"format-standard","5":"has-post-thumbnail","7":"category-arte-y-diseno","8":"tag-acueducto-de-segovia","9":"tag-arte","10":"tag-arte-y-diseno","11":"tag-arts","12":"tag-arts-and-design","13":"tag-ciencia","14":"tag-design","15":"tag-diseno","16":"tag-entertainment","17":"tag-entretenimiento","18":"tag-es","19":"tag-espana","20":"tag-exposiciones","21":"tag-magia","22":"tag-segovia","23":"tag-spain","24":"tag-zamarramala"},"share_on_mastodon":{"url":"https:\/\/pubeurope.com\/@es\/115422128303123866","error":""},"_links":{"self":[{"href":"https:\/\/www.europesays.com\/es\/wp-json\/wp\/v2\/posts\/195429","targetHints":{"allow":["GET"]}}],"collection":[{"href":"https:\/\/www.europesays.com\/es\/wp-json\/wp\/v2\/posts"}],"about":[{"href":"https:\/\/www.europesays.com\/es\/wp-json\/wp\/v2\/types\/post"}],"author":[{"embeddable":true,"href":"https:\/\/www.europesays.com\/es\/wp-json\/wp\/v2\/users\/2"}],"replies":[{"embeddable":true,"href":"https:\/\/www.europesays.com\/es\/wp-json\/wp\/v2\/comments?post=195429"}],"version-history":[{"count":0,"href":"https:\/\/www.europesays.com\/es\/wp-json\/wp\/v2\/posts\/195429\/revisions"}],"wp:featuredmedia":[{"embeddable":true,"href":"https:\/\/www.europesays.com\/es\/wp-json\/wp\/v2\/media\/195430"}],"wp:attachment":[{"href":"https:\/\/www.europesays.com\/es\/wp-json\/wp\/v2\/media?parent=195429"}],"wp:term":[{"taxonomy":"category","embeddable":true,"href":"https:\/\/www.europesays.com\/es\/wp-json\/wp\/v2\/categories?post=195429"},{"taxonomy":"post_tag","embeddable":true,"href":"https:\/\/www.europesays.com\/es\/wp-json\/wp\/v2\/tags?post=195429"}],"curies":[{"name":"wp","href":"https:\/\/api.w.org\/{rel}","templated":true}]}}