{"id":195431,"date":"2025-10-23T06:44:07","date_gmt":"2025-10-23T06:44:07","guid":{"rendered":"https:\/\/www.europesays.com\/es\/195431\/"},"modified":"2025-10-23T06:44:07","modified_gmt":"2025-10-23T06:44:07","slug":"los-pacenses-ya-pueden-buscar-todos-los-libros-de-las-bibliotecas-municipales-en-la-web-municipal","status":"publish","type":"post","link":"https:\/\/www.europesays.com\/es\/195431\/","title":{"rendered":"Los pacenses ya pueden buscar todos los libros de las bibliotecas municipales en la web municipal"},"content":{"rendered":"<p>Encontrar un libro en las bibliotecas municipales de Badajoz es ahora m\u00e1s f\u00e1cil. El Ayuntamiento de Badajoz cuenta con un cat\u00e1logo centralizado con los recursos  &#8230; de las 12 salas que hay en la ciudad y sus pedan\u00edas. En cualquiera de estos recursos adem\u00e1s, los interesados se pueden hacer un carn\u00e9 que sirve para toda la red.<\/p>\n<p class=\"v-p\">El Consistorio pacense ha presentado este mi\u00e9rcoles oficialmente la red de bibliotecas municipales que lleva unos meses funcionando, desde que el Ayuntamiento privatiz\u00f3 el servicio. Una de las principales mejoras es el OPAC, un cat\u00e1logo centralizado de los libros que tienen las doce bibliotecas. Se trata de Santa Ana, en el Casco Antiguo, y las de los barrios San Roque, Pardaleras, Cerro de Reyes, Llera, San Fernando y Antonio Dom\u00ednguez. Adem\u00e1s este servicio municipal tambi\u00e9n tiene sedes en los poblados de Alvarado, Balboa, Novelda, Sagrajas y Valdeb\u00f3toa.<\/p>\n<p class=\"v-p\">El OPAC es un cat\u00e1logo de acceso p\u00fablico &#8216;on line&#8217;. Desde \u00e9l se puede acceder a todas las colecciones de la red, clasificando por t\u00edtulo, autor o diferentes referencias para conocer la disponibilidad de libros en cualquier biblioteca de la red.<\/p>\n<p class=\"v-p\">La presentaci\u00f3n de la Red de Bibliotecas Municipales se ha celebrado en la Biblioteca P\u00fablica Municipal de Santa Ana, cabecera de la red situada en el Casco Antiguo de Badajoz.<\/p>\n<p class=\"v-p\">La nueva web, disponible en redbibliotecasmunicipalesbadajoz.es, cuenta con un enfoque que combina \u00abla usabilidad, accesibilidad y la integraci\u00f3n de todos los servicios que se ofrecen, como puerta digital de acceso a la cultura, conocimiento y la comunidad lectora\u00bb, destacan sus responsables. En la presentaci\u00f3n han participado el concejal delegado de Cultura, Jos\u00e9 Antonio Casablanca, junto a Iv\u00e1n Rosado, de C\u00f3dice Gesti\u00f3n de la Informaci\u00f3n, la empresa concesionaria de la red que gestiona Santa Ana desde su creaci\u00f3n.<\/p>\n<p class=\"v-p\">Una de las principales ventajas es que la nueva web est\u00e1 adaptada a dispositivos m\u00f3viles est\u00e1 pensado para facilitar la navegaci\u00f3n y mejorar la experiencia de los lectores.<\/p>\n<p class=\"v-p\">As\u00ed, Jos\u00e9 Antonio Casablanca ha destacado que Santa Ana es la cabecera de la red y \u00absiempre\u00bb ha funcionado de manera \u00abespectacular\u00bb, as\u00ed como que \u00abahora\u00bb el resto de bibliotecas p\u00fablicas municipales y las agencias de lectura se han incorporado a dicha red en aras de contar igualmente con este \u00abgran servicio\u00bb que ya se estaba ofreciendo en Santa Ana, actualmente decorada con motivos de &#8216;Halloween&#8217; porque unas de las actividades que se llevan a cabo es la integraci\u00f3n de determinados eventos, festividades y conmemoraciones con los distintos espacios de las salas.<\/p>\n<p class=\"v-p\">Iv\u00e1n Rosado ha explicado por su parte que, para realizar la web, han partido de la base de que la esencia de una red de bibliotecas es actuar como una sola entidad para ofrecer un servicio homog\u00e9neo, eficiente y accesible a toda la ciudadan\u00eda, de manera tal que se ha dise\u00f1ado con un enfoque que combina usabilidad, accesibilidad y la integraci\u00f3n de todos los servicios dispersos de cada uno de los centros que forman parte de este conjunto.<\/p>\n<p>Red de bibliotecas online<\/p>\n<p class=\"v-p\">Seg\u00fan sus promotores, esta nueva web \u00abest\u00e1 organizada para responder r\u00e1pidamente a las demandas del usuario, con la informaci\u00f3n relevante sobre la red, bibliotecas y agencias de lectura que la forman, mostrando cada una de ellas y la posibilidad de acceder a sus contenidos\u00bb.<\/p>\n<p class=\"v-p\">Esta nueva web municipal tiene otros servicios, por ejemplo,  se puede acceder a diferentes formularios como el de donaciones, inscripci\u00f3n a actividades o el alta para obtener el carnet de socio, que es gratuito y con el que se pueden realizar los pr\u00e9stamos o acceder a cualquier actividad relacionada con la red.<\/p>\n<p class=\"v-p\">Desde la creaci\u00f3n de la red, cada mes, las bibliotecas municipales publican un calendario de actividades repartidas por las distintas sedes. Son presentaciones de libros, cuentacuentos o talleres siempre enfocados a dar a conocer la literatura, especialmente a los ni\u00f1os.<\/p>\n<p class=\"v-p\">De las doce bibliotecas municipales, la de Santa Ana, situada en el Casco Antiguo de Badajoz, es la cabecera de la red, que tambi\u00e9n cuenta con espacios en Santa Isabel, Antonio Dom\u00ednguez, Barriada de Llera, Cerro de Reyes, Pardaleras y San Roque, as\u00ed como en las pedan\u00edas de Alvarado, Balboa, Novelda, Sagrajas y Valdeb\u00f3toa.<\/p>\n<p class=\"v-p\">El horario habitual de todas las bibliotecas integradas en la red es de lunes a viernes de 16:00 a 21:00, con la excepci\u00f3n de la Biblioteca Santa Ana, cuya sala de adultos abre en horario de ma\u00f1ana y tarde de lunes a domingo de 9:30 a 13:30 y de 16:30 a 20:30, mientras que la infantil abre en horario vespertino de lunes a viernes y los s\u00e1bados y domingos en horario de ma\u00f1ana y tarde.<\/p>\n","protected":false},"excerpt":{"rendered":"Encontrar un libro en las bibliotecas municipales de Badajoz es ahora m\u00e1s f\u00e1cil. El Ayuntamiento de Badajoz cuenta&hellip;\n","protected":false},"author":2,"featured_media":195432,"comment_status":"","ping_status":"","sticky":false,"template":"","format":"standard","meta":{"footnotes":""},"categories":[172],"tags":[8286,224,6384,146,147,25,24,225,19719,6412,54255,7171,23,8374],"class_list":{"0":"post-195431","1":"post","2":"type-post","3":"status-publish","4":"format-standard","5":"has-post-thumbnail","7":"category-libros","8":"tag-bibliotecas","9":"tag-books","10":"tag-buscar","11":"tag-entertainment","12":"tag-entretenimiento","13":"tag-es","14":"tag-espana","15":"tag-libros","16":"tag-municipal","17":"tag-municipales","18":"tag-pacenses","19":"tag-pueden","20":"tag-spain","21":"tag-web"},"share_on_mastodon":{"url":"https:\/\/pubeurope.com\/@es\/115422132015897764","error":""},"_links":{"self":[{"href":"https:\/\/www.europesays.com\/es\/wp-json\/wp\/v2\/posts\/195431","targetHints":{"allow":["GET"]}}],"collection":[{"href":"https:\/\/www.europesays.com\/es\/wp-json\/wp\/v2\/posts"}],"about":[{"href":"https:\/\/www.europesays.com\/es\/wp-json\/wp\/v2\/types\/post"}],"author":[{"embeddable":true,"href":"https:\/\/www.europesays.com\/es\/wp-json\/wp\/v2\/users\/2"}],"replies":[{"embeddable":true,"href":"https:\/\/www.europesays.com\/es\/wp-json\/wp\/v2\/comments?post=195431"}],"version-history":[{"count":0,"href":"https:\/\/www.europesays.com\/es\/wp-json\/wp\/v2\/posts\/195431\/revisions"}],"wp:featuredmedia":[{"embeddable":true,"href":"https:\/\/www.europesays.com\/es\/wp-json\/wp\/v2\/media\/195432"}],"wp:attachment":[{"href":"https:\/\/www.europesays.com\/es\/wp-json\/wp\/v2\/media?parent=195431"}],"wp:term":[{"taxonomy":"category","embeddable":true,"href":"https:\/\/www.europesays.com\/es\/wp-json\/wp\/v2\/categories?post=195431"},{"taxonomy":"post_tag","embeddable":true,"href":"https:\/\/www.europesays.com\/es\/wp-json\/wp\/v2\/tags?post=195431"}],"curies":[{"name":"wp","href":"https:\/\/api.w.org\/{rel}","templated":true}]}}