{"id":195433,"date":"2025-10-23T06:45:12","date_gmt":"2025-10-23T06:45:12","guid":{"rendered":"https:\/\/www.europesays.com\/es\/195433\/"},"modified":"2025-10-23T06:45:12","modified_gmt":"2025-10-23T06:45:12","slug":"el-siguiente-paso-es-ser-las-presidentas","status":"publish","type":"post","link":"https:\/\/www.europesays.com\/es\/195433\/","title":{"rendered":"el siguiente paso es ser las presidentas"},"content":{"rendered":"<p data-journey-content=\"true\" data-node-id=\"3\" class=\"css-6wxqfj emevuu60\">La \u2018Forbes House\u2019 de Madrid se ha vestido de gala este 22 de octubre para acoger la gala \u2018Forbes Women of influence Summit\u2019, en la que se han congregado algunas de las mujeres m\u00e1s influyentes de Espa\u00f1a de este 2025. El evento, conducido por <strong data-node-id=\"3.1\">Beatriz Archidona<\/strong>, cont\u00f3 con <strong data-node-id=\"3.3\">Andr\u00e9s Rodr\u00edguez<\/strong>, presidente de <strong data-node-id=\"3.5\">SpainMedia<\/strong> y director y editor de <strong data-node-id=\"3.7\">Forbes Women<\/strong>, como anfitri\u00f3n de una velada que reuni\u00f3 a mujeres referentes del mundo de la empresa, la cultura, la comunicaci\u00f3n, el arte o la ciencia. Una cita concebida para celebrar el liderazgo, la innovaci\u00f3n y la capacidad transformadora de las mujeres que est\u00e1n marcando el rumbo del pa\u00eds.<\/p>\n<p data-journey-content=\"true\" data-node-id=\"6\" class=\"css-6wxqfj emevuu60\">Muchos rostros conocidos han posado en el photocall para hacer gala de la importancia del liderazgo femenino dentro de nuestras fronteras. Entre ellas <a href=\"https:\/\/www.diezminutos.es\/ana-rosa-quintana\/\" target=\"_blank\" data-vars-ga-outbound-link=\"https:\/\/www.diezminutos.es\/ana-rosa-quintana\/\" data-vars-ga-ux-element=\"Hyperlink\" data-vars-ga-call-to-action=\"Ana Rosa Quintana\" data-node-id=\"6.1\" class=\"body-link css-177bzfx emevuu60\" rel=\"nofollow noopener\">Ana Rosa Quintana<\/a>. La presentadora es considerada la \u2018reina de las ma\u00f1anas\u2019 a nivel televisivo y no puede estar m\u00e1s orgullosa del liderazgo de las mujeres en ciertos sectores: \u00abNuestra influencia es una influencia relativa, creo que ah\u00ed <strong data-node-id=\"6.3\">debe haber mujeres, presidentas de bancos, grandes cient\u00edficas, ellas s\u00ed que son las importantes\u00bb<\/strong>, y confesaba querer tener el poder de influir m\u00e1s: \u00aben determinadas cosas m\u00e1s, s\u00ed. <\/p>\n<p><img draggable=\"true\" alt=\"ana rosa\" title=\"Ana Rosa\" loading=\"lazy\" width=\"1280\" height=\"1920\" decoding=\"async\" data-nimg=\"1\" style=\"color:transparent;width:100%;height:auto;\"   src=\"https:\/\/www.europesays.com\/es\/wp-content\/uploads\/2025\/10\/ana-rosa-68f9569b61a9b.jpg\" class=\"css-0 e1g79fud0\"\/><\/p>\n<p>Gtres<\/p>\n<p data-journey-content=\"true\" data-node-id=\"9\" class=\"css-6wxqfj emevuu60\">Hablando de mujeres importantes, Ana Rosa ha sido preguntada por la l\u00edder de Antena 3, Sonsoles \u00d3nega, con quien hoy compart\u00eda premio:<strong data-node-id=\"9.1\"> \u201cNo la he visto. Me alegro mucho de que las mujeres vayamos subiendo<\/strong>, ahora el siguiente paso es ser las presidentas de las cadenas, en vez de las presentadoras\u201d, ha dicho, visiblemente contenta por ser galardonada junto a la que fue su compa\u00f1era de Telecinco. <\/p>\n<p data-journey-content=\"true\" data-node-id=\"13\" class=\"css-6wxqfj emevuu60\">La cita ha culminado con la tradicional foto de familia de todas las mujeres influyentes presentes en el evento, que han protagonizado la edici\u00f3n de este a\u00f1o. Tras la imagen conjunta, la noche ha continuado con un c\u00f3ctel, en la que las asistentes ha podido compartir impresiones, intercambiar experiencias y brindar por una nueva edici\u00f3n dedicada a celebrar la influencia, la inspiraci\u00f3n y el liderazgo femenino en Espa\u00f1a.<\/p>\n<p><img src=\"https:\/\/www.europesays.com\/es\/wp-content\/uploads\/2025\/10\/1761201912_932_efed3e56-411c-4c5f-aad1-8194ce4fe362_1700500172.file\" alt=\"Headshot of Redacci\u00f3n Diez Minutos\" title=\"Headshot of Redacci\u00f3n Diez Minutos\" width=\"100%\" height=\"100%\" decoding=\"async\" loading=\"lazy\" class=\"css-o0wq4v ev8dhu53\"\/><\/p>\n<p>\u00a0En Diez Minutos somos especialistas en cubrir todas las noticias del coraz\u00f3n y de la monarqu\u00eda para acercarte a las vidas de todos esos personajes a los que admiras.<\/p>\n<p>Descubre con nosotros la \u00faltima hora de los famosos nacionales e internacionales m\u00e1s relevantes: sus pol\u00e9micas, sus historias amorosas y familiares y sus proyectos profesionales con nuestras entrevistas, videos y reportajes. Tambi\u00e9n te mostramos el d\u00eda a d\u00eda de la realeza, cont\u00e1ndote con especial detalle la vida personal y familiar de nuestros Reyes: Felipe VI y Letizia y sus hijas Leonor y Sof\u00eda.<\/p>\n<p>Diez Minutos es mucho m\u00e1s que cr\u00f3nica social. Queremos hacerte la vida m\u00e1s f\u00e1cil y cuidar de ti. Por eso, publicamos una amplia selecci\u00f3n de contenidos pr\u00e1cticos para ayudarte en tu econom\u00eda dom\u00e9stica, en la decoraci\u00f3n de tu casa o en tu bienestar f\u00edsico y emocional. Tambi\u00e9n encontrar\u00e1s todo tipo de noticias y reportajes sobre el embarazo y la maternidad para facilitarte este proceso de la vida.<\/p>\n<p>La cocina es otra parte fundamental de esta gu\u00eda pr\u00e1ctica con la mejor selecci\u00f3n de recetas y consejos para llevar una dieta saludable y variada. Y todo ello sin olvidarnos de los contenidos de moda y belleza que te har\u00e1n estar a la \u00faltima en las tendencias del momento con numerosas propuestas, ofertas y novedades.<\/p>\n<p>Te lo contamos todo con la misma rigurosidad y cercan\u00eda con la que te llevamos acompa\u00f1ando desde hace 72 a\u00f1os, cuando un 1 de septiembre de 1951 la revista vio la luz por primera vez. Muchas cosas han cambiado en lo que se refiere a la parte t\u00e9cnica, pero lo que te aseguramos es que el equipo que forma esta redacci\u00f3n realiza su trabajo con entusiasmo y entrega pensando en cada uno de vosotros para que encontr\u00e9is aqu\u00ed el sitio ideal donde disfrutar de la vida.<\/p>\n<p>El equipo digital de Diez Minutos est\u00e1 formado por:<\/p>\n<p><a href=\"https:\/\/www.diezminutos.es\/author\/15369\/rosa-prieto\/\" rel=\"nofollow noopener\" target=\"_blank\">Rosa Prieto:<\/a> Directora digital.<\/p>\n<p><a href=\"https:\/\/www.diezminutos.es\/author\/18095\/silvia-criado\/\" rel=\"nofollow noopener\" target=\"_blank\">Silvia Criado:<\/a> Jefa de secci\u00f3n digital.<\/p>\n<p><a href=\"https:\/\/www.diezminutos.es\/author\/16262\/magdalena-pinero\/\" rel=\"nofollow noopener\" target=\"_blank\">Magdalena Pi\u00f1ero:<\/a> redactora digital.\u00a0<\/p>\n<p><a href=\"https:\/\/www.diezminutos.es\/author\/16270\/daniel-reyes\/\" rel=\"nofollow noopener\" target=\"_blank\">Daniel Reyes:<\/a> redactor digital.<\/p>\n<p><a href=\"https:\/\/www.diezminutos.es\/author\/221934\/ignacio-herruzo\/\" rel=\"nofollow noopener\" target=\"_blank\">Ignacio Herruzo<\/a>: redactor digital.<\/p>\n<p><a href=\"https:\/\/www.diezminutos.es\/author\/740003\/nora-camara\/\" rel=\"nofollow noopener\" target=\"_blank\">Nora C\u00e1mara<\/a>: redactora digital.\u00a0<\/p>\n","protected":false},"excerpt":{"rendered":"La \u2018Forbes House\u2019 de Madrid se ha vestido de gala este 22 de octubre para acoger la gala&hellip;\n","protected":false},"author":2,"featured_media":195434,"comment_status":"","ping_status":"","sticky":false,"template":"","format":"standard","meta":{"footnotes":""},"categories":[171],"tags":[253,146,147,25,24,23,214],"class_list":{"0":"post-195433","1":"post","2":"type-post","3":"status-publish","4":"format-standard","5":"has-post-thumbnail","7":"category-tv","8":"tag-discover","9":"tag-entertainment","10":"tag-entretenimiento","11":"tag-es","12":"tag-espana","13":"tag-spain","14":"tag-tv"},"share_on_mastodon":{"url":"https:\/\/pubeurope.com\/@es\/115422136000610713","error":""},"_links":{"self":[{"href":"https:\/\/www.europesays.com\/es\/wp-json\/wp\/v2\/posts\/195433","targetHints":{"allow":["GET"]}}],"collection":[{"href":"https:\/\/www.europesays.com\/es\/wp-json\/wp\/v2\/posts"}],"about":[{"href":"https:\/\/www.europesays.com\/es\/wp-json\/wp\/v2\/types\/post"}],"author":[{"embeddable":true,"href":"https:\/\/www.europesays.com\/es\/wp-json\/wp\/v2\/users\/2"}],"replies":[{"embeddable":true,"href":"https:\/\/www.europesays.com\/es\/wp-json\/wp\/v2\/comments?post=195433"}],"version-history":[{"count":0,"href":"https:\/\/www.europesays.com\/es\/wp-json\/wp\/v2\/posts\/195433\/revisions"}],"wp:featuredmedia":[{"embeddable":true,"href":"https:\/\/www.europesays.com\/es\/wp-json\/wp\/v2\/media\/195434"}],"wp:attachment":[{"href":"https:\/\/www.europesays.com\/es\/wp-json\/wp\/v2\/media?parent=195433"}],"wp:term":[{"taxonomy":"category","embeddable":true,"href":"https:\/\/www.europesays.com\/es\/wp-json\/wp\/v2\/categories?post=195433"},{"taxonomy":"post_tag","embeddable":true,"href":"https:\/\/www.europesays.com\/es\/wp-json\/wp\/v2\/tags?post=195433"}],"curies":[{"name":"wp","href":"https:\/\/api.w.org\/{rel}","templated":true}]}}