{"id":195435,"date":"2025-10-23T06:46:07","date_gmt":"2025-10-23T06:46:07","guid":{"rendered":"https:\/\/www.europesays.com\/es\/195435\/"},"modified":"2025-10-23T06:46:07","modified_gmt":"2025-10-23T06:46:07","slug":"fito-revoluciona-la-revuelta-y-abronca-a-broncano-por-sus-preguntas","status":"publish","type":"post","link":"https:\/\/www.europesays.com\/es\/195435\/","title":{"rendered":"Fito revoluciona &#8216;La Revuelta&#8217; y &#8216;abronca&#8217; a Broncano por sus preguntas"},"content":{"rendered":"<p class=\"v-mdl-ath__p v-mdl-ath__p--6\">\nJueves, 23 de octubre 2025, 08:10<\/p>\n<p>| Actualizado 08:45h.<\/p>\n<p class=\"v-p\">Fito visit\u00f3 anoche el teatro de &#8216;La Revuelta&#8217; pero no estuvo solo. Tambi\u00e9n le acompa\u00f1\u00f3 el resto de la banda con los que lleva ya ocho discos. El rockero bilba\u00edno publica &#8216;El monte de los aullidos&#8217; y lleg\u00f3 al programa con una copia de regalo para Broncano y una guitarra personalizada en la que se pod\u00eda leer &#8216;La Resistencia&#8217; -antiguo programa de Broncano en Movistar- tachado y, en grande, &#8216;La Revuelta&#8217;.<\/p>\n<p class=\"v-p\">Hubo una gran sinton\u00eda entre presentador e invitado, aunque Fito &#8216;abronc\u00f3&#8217; a Broncano cuando \u00e9ste formul\u00f3 sus ya conocidas preguntas cl\u00e1sicas. Que si el dinero, que si las relaciones sexuales&#8230; Fito, a sus 59 a\u00f1os, le trat\u00f3 de aconsejar. <\/p>\n<p class=\"v-p\">\u00abDel dinero, no. Soy de una generaci\u00f3n que nos da verg\u00fcenza. Es m\u00e1s no lo voy a decir porque me da pudor\u00bb, le dijo en un tono amable. Broncano acept\u00f3 su derrota y le pidi\u00f3 que, al menos, contestase a la pregunta del n\u00famero de veces que hab\u00eda tenido relaciones sexuales el \u00faltimo mes.<\/p>\n<p class=\"v-p\">Pero Fito volvi\u00f3 a regatear al presentador y le invit\u00f3 a reformular la pregunta. \u00abEsta es m\u00e1s amable porque follar est\u00e1 guay&#8230; Pero acaba mal. Es en los \u00faltimos 30 d\u00edas&#8230; \u00bfY por qu\u00e9 no es en el mejor momento de tu vida?\u00bb, le solt\u00f3. El presentador se qued\u00f3 pensativo y reconoci\u00f3 que era una buena idea. \u00abT\u00fa mejor mes de tu vida, es un buen matiz\u00bb, respondi\u00f3 el humorista. Acto seguido se lo pregunt\u00f3. \u00abPues cuando conoc\u00ed a mi mujer, quiz\u00e1s\u00bb, afirm\u00f3 Fito.<\/p>\n<p class=\"v-p\">Broncano quiso conocer m\u00e1s detalles de aquella \u00e9poca. Pregunt\u00f3 el a\u00f1o y Fito apunt\u00f3 al 2003. Cuando le preguntaron por el mes&#8230; ya no pudo: \u00ab\u00a1Hostia ah\u00ed no lleg\u00f3, \u00bfeh?!\u00bb. El humorista brome\u00f3 sobre ello: \u00abLos primeros 30 d\u00edas como unos perrillos, \u00bfno?\u00bb. Fito se lo confirm\u00f3 y adem\u00e1s a\u00f1adi\u00f3 que \u00ababr\u00edamos la persiana solo para ver si era de d\u00eda\u00bb.<\/p>\n<p class=\"v-p\">Al presentador le gustaron las respuestas del bilba\u00edno y se plante\u00f3 cambiar la pregunta a partir de ahora. \u00abEs una buena opci\u00f3n para la gente que no ha tenido un mes\u00bb, reconoci\u00f3. Su colaborador Ricardo Castella apunt\u00f3 que \u00abrelaciones sexuales en su &#8216;prime&#8217;\u00bb suena muy bien.<\/p>\n<p>Reporta un error<\/p>\n","protected":false},"excerpt":{"rendered":"Jueves, 23 de octubre 2025, 08:10 | Actualizado 08:45h. Fito visit\u00f3 anoche el teatro de &#8216;La Revuelta&#8217; pero&hellip;\n","protected":false},"author":2,"featured_media":195436,"comment_status":"","ping_status":"","sticky":false,"template":"","format":"standard","meta":{"footnotes":""},"categories":[170],"tags":[30290,13289,146,147,25,24,33911,184,185,8492,35473,528,23],"class_list":{"0":"post-195435","1":"post","2":"type-post","3":"status-publish","4":"format-standard","5":"has-post-thumbnail","7":"category-musica","8":"tag-abronca","9":"tag-broncano","10":"tag-entertainment","11":"tag-entretenimiento","12":"tag-es","13":"tag-espana","14":"tag-fito","15":"tag-music","16":"tag-musica","17":"tag-preguntas","18":"tag-revoluciona","19":"tag-revuelta","20":"tag-spain"},"share_on_mastodon":{"url":"https:\/\/pubeurope.com\/@es\/115422139858288919","error":""},"_links":{"self":[{"href":"https:\/\/www.europesays.com\/es\/wp-json\/wp\/v2\/posts\/195435","targetHints":{"allow":["GET"]}}],"collection":[{"href":"https:\/\/www.europesays.com\/es\/wp-json\/wp\/v2\/posts"}],"about":[{"href":"https:\/\/www.europesays.com\/es\/wp-json\/wp\/v2\/types\/post"}],"author":[{"embeddable":true,"href":"https:\/\/www.europesays.com\/es\/wp-json\/wp\/v2\/users\/2"}],"replies":[{"embeddable":true,"href":"https:\/\/www.europesays.com\/es\/wp-json\/wp\/v2\/comments?post=195435"}],"version-history":[{"count":0,"href":"https:\/\/www.europesays.com\/es\/wp-json\/wp\/v2\/posts\/195435\/revisions"}],"wp:featuredmedia":[{"embeddable":true,"href":"https:\/\/www.europesays.com\/es\/wp-json\/wp\/v2\/media\/195436"}],"wp:attachment":[{"href":"https:\/\/www.europesays.com\/es\/wp-json\/wp\/v2\/media?parent=195435"}],"wp:term":[{"taxonomy":"category","embeddable":true,"href":"https:\/\/www.europesays.com\/es\/wp-json\/wp\/v2\/categories?post=195435"},{"taxonomy":"post_tag","embeddable":true,"href":"https:\/\/www.europesays.com\/es\/wp-json\/wp\/v2\/tags?post=195435"}],"curies":[{"name":"wp","href":"https:\/\/api.w.org\/{rel}","templated":true}]}}