{"id":195443,"date":"2025-10-23T06:50:18","date_gmt":"2025-10-23T06:50:18","guid":{"rendered":"https:\/\/www.europesays.com\/es\/195443\/"},"modified":"2025-10-23T06:50:18","modified_gmt":"2025-10-23T06:50:18","slug":"de-onlyfans-a-convertirse-al-islam","status":"publish","type":"post","link":"https:\/\/www.europesays.com\/es\/195443\/","title":{"rendered":"de OnlyFans a convertirse al Islam"},"content":{"rendered":"<p style=\"\"><strong>Marina Yers<\/strong> se ha hecho viral en multitud de ocasiones. Una de ellas fue cuando, por ejemplo, asegur\u00f3 que el agua mineral deshidrata; neg\u00f3 el covid en plena pandemia, dijo que le encantaba vomitar y hasta 2023 ten\u00eda abierta<a href=\"https:\/\/www.abc.es\/sociedad\/suspenden-maestra-culturista-tener-cuenta-onlyfans-20250321124427-nt.html\" target=\"_self\" data-voc-vtm-id=\"in-text-traffic\" title=\" una cuenta de OnlyFans\" data-mrf-link=\"www.abc.es\" rel=\"nofollow noopener\"> una cuenta de OnlyFans<\/a>.  &#8230; En 2024 reapareci\u00f3 tras un tiempo ajena a las redes sociales y admiti\u00f3 en una entrevista que tuvo \u00ab<strong>tres brotes psic\u00f3ticos<\/strong> y dos hospitalizaciones\u00bb tras consumir marihuana y sustancias alucin\u00f3genas, entre las que inclu\u00eda la ayahuasca, y que estuvo ingresada en un centro psiqui\u00e1trico. <\/p>\n<p class=\"voc-p\" style=\"\">\u00abCuando sal\u00ed despu\u00e9s de estar seis meses en el hospital psiqui\u00e1trico me dieron el m\u00f3vil y me di cuenta de que la industria, incluso a los que les hab\u00eda abierto las puertas de mi casa&#8230; <strong>desaparecieron<\/strong>. Ninguno me pregunt\u00f3 c\u00f3mo estaba ni qu\u00e9 me hab\u00eda pasado. Algunos incluso se alegraron\u00bb, explicaba en una entrevista con &#8216;El Mundo&#8217;. <\/p>\n<p class=\"voc-p\" style=\"\">Tras aquella experiencia, la <a href=\"https:\/\/www.abc.es\/recreo\/abci-influencer-marina-yers-vuelve-liarla-tras-confesar-gusta-vomitar-siento-limpio-dentro-202107041232_noticia.html\" target=\"_self\" data-voc-vtm-id=\"in-text-traffic\" title=\"vida de Marina\" data-mrf-link=\"www.abc.es\" rel=\"nofollow noopener\">vida de Marina<\/a> cambi\u00f3. Rompi\u00f3 con la pareja con la que estaba, se mud\u00f3 a Bali, donde vive ahora y donde dice que se ha <strong>convertido al islam<\/strong>. Una experiencia que desvel\u00f3 hace tiempo encontr\u00e1ndose con mucho odio en los comentarios, y que desde entonces ha ido camuflando para evitar el odio, aunque no siempre era as\u00ed. \u00abYa no salgo medio desnuda en Instagram para gustarle a otros y parece que a algunos les molesta\u00bb, dec\u00eda en una publicaci\u00f3n de septiembre en la que se puede encontrar <strong>much\u00edsimo apoyo<\/strong> en los comentarios. <\/p>\n<p class=\"voc-p\" style=\"\">Pese a eso, ha decidido abrirse un nuevo perfil, con un nuevo nombre, en donde publica contenido en ingl\u00e9s sobre su supuesta conversi\u00f3n. Su nueva cuenta se llama @nurcutr, y lleva publicando v\u00eddeos desde el pasado mes de marzo. En la primera publicaci\u00f3n asegura que hace dos a\u00f1os que se convirti\u00f3 al islam, aunque en su cuenta de Instagram se muestra vestida a la manera europea. Sin embargo, s\u00ed que <strong>se ha notado el cambio en su ropa<\/strong> e incluso ha compartido con sus seguidores de siempre que regala su ropa m\u00e1s atrevida para empezar en el \u00faltimo a\u00f1o a lucir cosas m\u00e1s recatadas. <\/p>\n<p class=\"voc-p\" style=\"\">En uno de los v\u00eddeos que ha compartido en esta nueva cuenta, en donde aparece en la mayor\u00eda de los v\u00eddeos<strong> luciendo hiyab<\/strong> (velo que cubre la cabeza y el cuello) asegura que solo se cubre cuando sale de casa sin su marido. Su <strong>pareja es Jonathan Garcia<\/strong>, tambi\u00e9n creador de contenido especializado en inversi\u00f3n que dej\u00f3 de publicar en Instagram para centrarse en su empresa. Sin embargo, hace solo unas semanas public\u00f3 por primera vez desde diciembre del pasado a\u00f1o admitiendo que hab\u00eda sido un error: \u00abMi socia y pareja me dijo: &#8216;Ya no eres CEO, eres una ni\u00f1era de adultos&#8217;\u00bb, revela haciendo referencia a Marina.<\/p>\n<p class=\"voc-p\" style=\"\">Ya en 2023, Marina Yers se mostr\u00f3 por primera vez con hiyab y se hizo viral. Como no volvi\u00f3 a ense\u00f1arlo muchos de sus seguidores asumieron que hab\u00eda cambiado de parecer, pero no fue as\u00ed. En el \u00faltimo v\u00eddeo que ha compartido, que tiene m\u00e1s de 100.000 visualizaciones, admite que se sent\u00eda \u00ab<strong>totalmente desconectada de mi audiencia<\/strong>\u00bb, aunque sigue publicando en su perfil habitual. Donde, de hecho, ha compartido su nuevo corte de pelo hace menos de 24 horas. <\/p>\n<p class=\"voc-p\" style=\"\">\u00abDijeron que me hab\u00eda vuelto loca: &#8216;\u00a1Est\u00e1 en una secta!&#8217;, dijeron; &#8216;\u00a1Ha perdido la cabeza!&#8217;, dijeron tambi\u00e9n. Dejadme ser clara: no he perdido la cabeza, he encontrado a Dios. Pero no he llevado el hiyab desde entonces, no porque no quisiera sino porque <strong>el odio hacia m\u00ed ha sido tan fuerte<\/strong>, tan cansado&#8230;\u00bb, expresa. \u00abQuiero que la gente entienda que la fe no es debilidad, es fortaleza. Elegir a Dios no te hace una loca, te hace libre. Y si eres una mujer musulmana que alguna vez se ha sentido atacada, ignorada o silenciada por sus valores, cr\u00e9eme, te veo y estoy contigo\u00bb, a\u00f1ade.<\/p>\n","protected":false},"excerpt":{"rendered":"Marina Yers se ha hecho viral en multitud de ocasiones. Una de ellas fue cuando, por ejemplo, asegur\u00f3&hellip;\n","protected":false},"author":2,"featured_media":195444,"comment_status":"","ping_status":"","sticky":false,"template":"","format":"standard","meta":{"footnotes":""},"categories":[91],"tags":[7556,5487,146,147,25,24,5764,387,4911,16911,23,54197],"class_list":{"0":"post-195443","1":"post","2":"type-post","3":"status-publish","4":"format-standard","5":"has-post-thumbnail","7":"category-entretenimiento","8":"tag-cambio","9":"tag-convertirse","10":"tag-entertainment","11":"tag-entretenimiento","12":"tag-es","13":"tag-espana","14":"tag-influencer","15":"tag-islam","16":"tag-marina","17":"tag-onlyfans","18":"tag-spain","19":"tag-yers"},"share_on_mastodon":{"url":"https:\/\/pubeurope.com\/@es\/115422155387793361","error":""},"_links":{"self":[{"href":"https:\/\/www.europesays.com\/es\/wp-json\/wp\/v2\/posts\/195443","targetHints":{"allow":["GET"]}}],"collection":[{"href":"https:\/\/www.europesays.com\/es\/wp-json\/wp\/v2\/posts"}],"about":[{"href":"https:\/\/www.europesays.com\/es\/wp-json\/wp\/v2\/types\/post"}],"author":[{"embeddable":true,"href":"https:\/\/www.europesays.com\/es\/wp-json\/wp\/v2\/users\/2"}],"replies":[{"embeddable":true,"href":"https:\/\/www.europesays.com\/es\/wp-json\/wp\/v2\/comments?post=195443"}],"version-history":[{"count":0,"href":"https:\/\/www.europesays.com\/es\/wp-json\/wp\/v2\/posts\/195443\/revisions"}],"wp:featuredmedia":[{"embeddable":true,"href":"https:\/\/www.europesays.com\/es\/wp-json\/wp\/v2\/media\/195444"}],"wp:attachment":[{"href":"https:\/\/www.europesays.com\/es\/wp-json\/wp\/v2\/media?parent=195443"}],"wp:term":[{"taxonomy":"category","embeddable":true,"href":"https:\/\/www.europesays.com\/es\/wp-json\/wp\/v2\/categories?post=195443"},{"taxonomy":"post_tag","embeddable":true,"href":"https:\/\/www.europesays.com\/es\/wp-json\/wp\/v2\/tags?post=195443"}],"curies":[{"name":"wp","href":"https:\/\/api.w.org\/{rel}","templated":true}]}}